{"id":31341,"date":"2024-08-07T11:19:32","date_gmt":"2024-08-07T09:19:32","guid":{"rendered":"https:\/\/bisbalpenedes.com\/web\/?p=31341"},"modified":"2024-08-07T11:19:32","modified_gmt":"2024-08-07T09:19:32","slug":"la-bisbal-del-penedes-potencia-el-servei-de-bus-urba-a-partir-del-setembre","status":"publish","type":"post","link":"https:\/\/bisbalpenedes.com\/web\/2024\/08\/07\/la-bisbal-del-penedes-potencia-el-servei-de-bus-urba-a-partir-del-setembre\/","title":{"rendered":"<strong>La Bisbal del Pened\u00e8s potencia el servei de bus urb\u00e0 a partir del setembre<\/strong>"},"content":{"rendered":"\n<h2><strong>S\u2019amplia el servei amb viatges a les tardes -tant per dins del municipi com per anar i tornar del Vendrell- i s\u2019estrena una nova l\u00ednia de matins d&#8217;anada i tornada a la zona escolar del Vendrell durant el curs escolar<\/strong><\/h2>\n\n\n\n<p>L&#8217;Ajuntament de La Bisbal del Pened\u00e8s ha estat treballant en una important ampliaci\u00f3 del servei d&#8217;autob\u00fas urb\u00e0 que entrar\u00e0 en vigor el setembre de 2024. Aquesta millora inclou un augment significatiu de les freq\u00fc\u00e8ncies, especialment en horari de tarda, i la creaci\u00f3 d&#8217;una nova l\u00ednia que connectar\u00e0 el municipi amb la zona escolar del Vendrell.<\/p>\n\n\n\n<p>La nova l\u00ednia escolar beneficiar\u00e0 els estudiants de cicles formatius i batxillerat art\u00edstic que han de despla\u00e7ar-se al Vendrell. Aquesta iniciativa sorgeix com a resposta a una necessitat llargament identificada per l&#8217;equip de govern municipal, ja que l\u2019alumnat que fa batxillerat art\u00edstic o cicles formatius al Vendrell, fins ara no comptava amb transport p\u00fablic per anar i tornar de les classes.<\/p>\n\n\n\n<p>Entre les principals novetats del servei destaquen:<\/p>\n\n\n\n<ul><li>Increment general de freq\u00fc\u00e8ncies en totes les l\u00ednies, especialment en l&#8217;horari de tarda.<\/li><li>Nova l\u00ednia d&#8217;anada i tornada a la zona escolar del Vendrell, amb parades al nucli urb\u00e0, La Pineda de Santa Cristina, Can Gordei i La Miralba.<\/li><li>Ampliaci\u00f3 del servei fins a les 20:50h en algunes l\u00ednies.<\/li><\/ul>\n\n\n\n<p>Aquesta millora del transport p\u00fablic suposa una inversi\u00f3 anual de 123.355,56\u20ac, assumida \u00edntegrament per l&#8217;Ajuntament de la Bisbal del Pened\u00e8s. Per al per\u00edode de setembre a desembre de 2024, el cost ser\u00e0 de 41.118,52\u20ac.<\/p>\n\n\n\n<p>La regidora de Mobilitat, S\u00edlvia Monfort, ha explicat que <em>&#8220;aquesta ampliaci\u00f3 del servei d&#8217;autob\u00fas reflecteix el nostre ferm comprom\u00eds amb la mobilitat sostenible i la millora de la qualitat de vida dels nostres ciutadans\u201d. <\/em>L\u2019alcaldessa Agn\u00e8s Ferr\u00e9 ha afegit que<em> \u201camb aquestes modificacions facilitem l&#8217;acc\u00e9s a l&#8217;educaci\u00f3 i potenciem l&#8217;\u00fas del transport p\u00fablic a tot el municipi\u201d.<\/em><\/p>\n\n\n\n<p>L&#8217;Ajuntament est\u00e0 ultimant els convenis corresponents amb la Generalitat i l&#8217;empresa concession\u00e0ria del servei, \u00cdzaro, per implementar aquestes millores. Val a dir que l\u2019equip de govern es planteja aquesta ampliaci\u00f3 com una \u201cprova pilot\u201d: &nbsp;si la rebuda del servei \u00e9s bona i hi ha suficients alumnes que opten per aquesta opci\u00f3 per traslladar-se a estudiar al Vendrell, l\u2019Ajuntament de la Bisbal del Pened\u00e8s optaria per perllongar aquesta ampliaci\u00f3 als cursos seg\u00fcents.<\/p>\n\n\n\n<p>El servei de bus urb\u00e0 de la Bisbal del Pened\u00e8s ha experimentat un creixement notori en els darrers anys, consolidant-se com una opci\u00f3 de mobilitat essencial per als ve\u00efns del municipi. Durant els primers sis mesos de 2024, el bus urb\u00e0 ha registrat 11.716 usuaris, amb una mitjana di\u00e0ria de 93 passatgers. Aquestes xifres suposen un increment significatiu respecte al 2023, quan es va tancar l\u2019any amb un total de 18.687 usuaris i una mitjana de 75 usuaris diaris. L\u2019augment \u00e9s encara m\u00e9s notable si es compara amb el 2022, ja que el 2023 va suposar un increment del 148% del nombre viatgers respecte a l\u2019any anterior.<\/p>\n\n\n\n<p class=\"has-text-align-center\"><strong>NOVA AMPLIACI\u00d3 DEL SERVEI DE BUS A LA BISBAL DEL PENED\u00c8S<\/strong><\/p>\n\n\n\n<p><strong>NUCLI<\/strong><\/p>\n\n\n\n<ul><li>Cap al Vendrell: 14 busos diaris (07:00h &#8211; 20:43h) | +6 trajectes (1 al mat\u00ed, 1 al migdia i 4 a la tarda)<\/li><li>Des del Vendrell: 11 busos diaris (07:45h &#8211; 20:00h) | +3 trajectes (1 al mat\u00ed i 2 a la tarda)<\/li><\/ul>\n\n\n\n<p><strong>L&#8217;ORTIG\u00d3S<\/strong><\/p>\n\n\n\n<ul><li>Al nucli: 10 busos diaris (07:37h &#8211; 20:40h) | +2 trajectes (2 a la tarda)<\/li><li>Del nucli: 5 busos diaris (11:18h &#8211; 19:18h) | +2 trajectes (2 a la tarda)<\/li><li>Cap al Vendrell: 7 busos diaris (07:37h &#8211; 20:40h) | +4 trajectes (1 al mat\u00ed, 1 al migdia i 2 a la tarda)<\/li><li>Des del Vendrell: 7 busos diaris (07:50h &#8211; 19:00h) | +2 trajectes (2 a la tarda)<\/li><\/ul>\n\n\n\n<p><strong>EL PRIORAT<\/strong><\/p>\n\n\n\n<ul><li>Al nucli i al Vendrell: 6 busos al nucli, 4 al Vendrell (07:48h &#8211; 19:38h) | +2 trajectes (2 a la tarda)<\/li><li>Del nucli: 7 busos diaris (07:40h &#8211; 19:35h) | +2 trajectes (2 a la tarda)<\/li><li>Des del Vendrell: 4 busos diaris (11:00h &#8211; 19:00h) | +2 trajectes (2 a la tarda)<\/li><\/ul>\n\n\n\n<p><strong>CAN GORDEI<\/strong><\/p>\n\n\n\n<ul><li>Al nucli: 11 busos diaris (07:16h &#8211; 20:48h) | +8 trajectes (1 al mat\u00ed, 2 al migdia i 5 a la tarda *alguns nom\u00e9s paren al carrer Garona)<\/li><li>Del nucli: 9 busos diaris (08:45h &#8211; 20:20h) | +6 trajectes (3 al mat\u00ed i 3 a la tarda *alguns nom\u00e9s paren al carrer Garona)<\/li><li>Cap al Vendrell: 12 busos diaris (07:16h &#8211; 20:48h) | +9 trajectes (2 al mat\u00ed, 2 al migdia i 5 a la tarda *alguns nom\u00e9s paren al carrer Garona)<\/li><li>Des del Vendrell: 9 busos diaris (10:00h &#8211; 20:00h) | +7 trajectes (2 al mat\u00ed, 2 al migdia i 3 a la tarda *alguns nom\u00e9s paren al carrer Garona)<\/li><\/ul>\n\n\n\n<p><strong>L&#8217;ESPLAI<\/strong><\/p>\n\n\n\n<ul><li>Al nucli: 7 busos diaris (07:35h &#8211; 20:20h) | +3 trajectes (3 a la tarda)<\/li><li>Del nucli: 4 busos diaris (11:35h &#8211; 19:35h) | +3 trajectes (1 al migdia i 2 a la tarda)<\/li><li>Cap al Vendrell: 7 busos diaris (07:35h &#8211; 20:10h) | +5 trajectes (1 al mat\u00ed, 1 al migdia i 3 a la tarda)<\/li><li>Des del Vendrell: 4 busos diaris (11:00h &#8211; 19:00h) | +2 trajectes (2 a la tarda)<\/li><\/ul>\n\n\n\n<p><strong>LA MIRALBA<\/strong><\/p>\n\n\n\n<ul><li>Al nucli: 7 busos diaris (07:55h &#8211; 20:30h) | +5 trajectes (1 al mat\u00ed, 1 al migdia i 3 a la tarda)<\/li><li>Del nucli: 9 busos diaris (08:45h &#8211; 20:20h) | +5 trajectes (1 al mat\u00ed, 1 al migdia i 3 a la tarda)<\/li><li>Cap al Vendrell: 13 busos diaris (07:18h &#8211; 20:50h) | +10 trajectes (2 al mat\u00ed, 2 al migdia i 6 a la tarda)<\/li><li>Des del Vendrell: 9 busos diaris (10:00h &#8211; 20:00h) | +7 trajectes (1 al mat\u00ed, 2 al migdia i 4 a la tarda)<\/li><\/ul>\n\n\n\n<p><strong>LA PINEDA DE SANTA CRISTINA<\/strong><\/p>\n\n\n\n<ul><li>Al nucli i al Vendrell: 9 busos al nucli, 8 al Vendrell (06:53h &#8211; 20:00h) | +5 trajectes (1 al mat\u00ed, 2 al migdia i 2 a la tarda)<\/li><li>Del nucli: 7 busos diaris (08:45h &#8211; 19:18h) | +5 trajectes (1 al mat\u00ed, 2 al migdia i 2 a la tarda)<\/li><li>Des del Vendrell: 5 busos diaris (11:00h &#8211; 19:00h) | +3 trajectes (1 al migdia i 2 a la tarda)<\/li><\/ul>\n\n\n\n<p><strong>EL PAPAGAI<\/strong><\/p>\n\n\n\n<ul><li>Al nucli i al Vendrell: 6 busos al nucli, 4 al Vendrell (07:35h &#8211; 19:29h) | +2 trajectes (2 a la tarda)<\/li><li>Del nucli: 5 busos diaris (11:18h &#8211; 19:18h) | +2 trajectes (2 a la tarda)<\/li><li>Des del Vendrell: 4 busos diaris (11:00h &#8211; 19:00h) | +2 trajectes (2 a la tarda)<\/li><\/ul>\n\n\n\n<p><strong>LA MASIETA<\/strong><\/p>\n\n\n\n<ul><li>Al nucli: 7 busos diaris (07:37h &#8211; 20:40h) | +4 trajectes (1 al migdia i 3 a la tarda)<\/li><li>Del nucli: 5 busos diaris (08:45h &#8211; 19:35h) | +2 trajectes (2 a la tarda)<\/li><li>Cap al Vendrell: 7 busos diaris (07:37h &#8211; 20:32h) | +4 trajectes (1 al migdia i 3 a la tarda)<\/li><li>Des del Vendrell: 4 busos diaris (11:00h &#8211; 19:00h) | +2 trajectes (2 a la tarda)<\/li><\/ul>\n\n\n\n<hr class=\"wp-block-separator has-alpha-channel-opacity\"\/>\n\n\n\n<h1><strong>La Bisbal del Pened\u00e8s potencia el servicio de bus urbano a partir de septiembre<\/strong><\/h1>\n\n\n\n<h2><strong>Se ampl\u00eda el servicio con viajes por las tardes -tanto por dentro del municipio como para ir y volver del Vendrell- y se estrena una nueva l\u00ednea de ma\u00f1anas de ida y vuelta a la zona escolar del Vendrell durante el curso escolar<\/strong><\/h2>\n\n\n\n<p>El Ajuntament de La Bisbal del Pened\u00e8s ha estado trabajando en una importante ampliaci\u00f3n del servicio de autob\u00fas urbano que entrar\u00e1 en vigor en septiembre de 2024. Esta mejora incluye un aumento significativo de las frecuencias, especialmente en horario de tarde, y la creaci\u00f3n de una nueva l\u00ednea que conectar\u00e1 el municipio con la zona escolar de El Vendrell.<\/p>\n\n\n\n<p>La nueva l\u00ednea escolar beneficiar\u00e1 a los estudiantes de ciclos formativos y bachillerato art\u00edstico que deben desplazarse a El Vendrell. Esta iniciativa surge como respuesta a una necesidad largamente identificada por el equipo de gobierno municipal, ya que el alumnado que cursa bachillerato art\u00edstico o ciclos formativos en El Vendrell, hasta ahora no contaba con transporte p\u00fablico para ir y volver de las clases.<\/p>\n\n\n\n<p>Entre las principales novedades del servicio destacan:<\/p>\n\n\n\n<ul><li>Incremento general de frecuencias en todas las l\u00edneas, especialmente en el horario de tarde.<\/li><li>Nueva l\u00ednea de ida y vuelta a la zona escolar de El Vendrell, con paradas en el n\u00facleo urbano, La Pineda de Santa Cristina, Can Gordei y La Miralba.<\/li><li>Ampliaci\u00f3n del servicio hasta las 20:50h en algunas l\u00edneas.<\/li><\/ul>\n\n\n\n<p>Esta mejora del transporte p\u00fablico supone una inversi\u00f3n anual de 123.355,56\u20ac, asumida \u00edntegramente por el Ajuntament de la Bisbal del Pened\u00e8s. Para el per\u00edodo de septiembre a diciembre de 2024, el coste ser\u00e1 de 41.118,52\u20ac.<\/p>\n\n\n\n<p>La concejala de Mobilidad, S\u00edlvia Monfort, ha explicado que <em>&#8220;esta ampliaci\u00f3n del servicio de autob\u00fas refleja nuestro firme compromiso con la movilidad sostenible y la mejora de la calidad de vida de nuestros ciudadanos\u201d.<\/em> La alcaldessa Agn\u00e8s Ferr\u00e9 ha a\u00f1adido que <em>\u201cfacilitamos as\u00ed el acceso a la educaci\u00f3n y potenciamos el uso del transporte p\u00fablico en todo el municipio&#8221;.<\/em><\/p>\n\n\n\n<p>El Ajuntament est\u00e1 ultimando los convenios correspondientes con la Generalitat y la empresa concesionaria del servicio, \u00cdzaro, para implementar estas mejoras. Cabe decir que el equipo de gobierno plantea esta ampliaci\u00f3n como una &#8220;prueba piloto&#8221;: si la acogida del servicio es buena y hay suficientes alumnos que optan por esta opci\u00f3n para trasladarse a estudiar a El Vendrell, el Ajuntament de La Bisbal del Pened\u00e8s optar\u00eda por prolongar esta ampliaci\u00f3n en los cursos siguientes.<\/p>\n\n\n\n<p>El servicio de bus urbano de La Bisbal del Pened\u00e8s ha experimentado un crecimiento notorio en los \u00faltimos a\u00f1os, consolid\u00e1ndose como una opci\u00f3n de movilidad esencial para los vecinos del municipio. Durante los primeros seis meses de 2024, el bus urbano ha registrado 11.716 usuarios, con una media diaria de 93 pasajeros. Estas cifras suponen un incremento significativo respecto a 2023, cuando se cerr\u00f3 el a\u00f1o con un total de 18.687 usuarios y una media de 75 usuarios diarios. El aumento es a\u00fan m\u00e1s notable si se compara con 2022, ya que 2023 supuso un incremento del 148% del n\u00famero de viajeros respecto al a\u00f1o anterior.<\/p>\n\n\n\n<p class=\"has-text-align-center\"><strong>NUEVA AMPLIACI\u00d3N DEL SERVICIO DE BUS EN LA BISBAL DEL PENED\u00c8S<\/strong><\/p>\n\n\n\n<p><strong>N\u00daCLEO<\/strong><\/p>\n\n\n\n<p>&#8211; Hacia El Vendrell: 14 buses diarios (07:00h &#8211; 20:43h) | +6 trayectos (1 por la ma\u00f1ana, 1 al mediod\u00eda y 4 por la tarde)<\/p>\n\n\n\n<p>&#8211; Desde El Vendrell: 11 buses diarios (07:45h &#8211; 20:00h) | +3 trayectos (1 por la ma\u00f1ana y 2 por la tarde)<\/p>\n\n\n\n<p><strong>L&#8217;ORTIG\u00d3S<\/strong><\/p>\n\n\n\n<p>&#8211; Al n\u00facleo: 10 buses diarios (07:37h &#8211; 20:40h) | +2 trayectos (2 por la tarde)<\/p>\n\n\n\n<p>&#8211; Del n\u00facleo: 5 buses diarios (11:18h &#8211; 19:18h) | +2 trayectos (2 por la tarde)<\/p>\n\n\n\n<p>&#8211; Hacia El Vendrell: 7 buses diarios (07:37h &#8211; 20:40h) | +4 trayectos (1 por la ma\u00f1ana, 1 al mediod\u00eda y 2 por la tarde)<\/p>\n\n\n\n<p>&#8211; Desde El Vendrell: 7 buses diarios (07:50h &#8211; 19:00h) | +2 trayectos (2 por la tarde)<\/p>\n\n\n\n<p><strong>EL PRIORAT<\/strong><\/p>\n\n\n\n<p>&#8211; Al n\u00facleo y a El Vendrell: 6 buses al n\u00facleo, 4 a El Vendrell (07:48h &#8211; 19:38h) | +2 trayectos (2 por la tarde)<\/p>\n\n\n\n<p>&#8211; Del n\u00facleo: 7 buses diarios (07:40h &#8211; 19:35h) | +2 trayectos (2 por la tarde)<\/p>\n\n\n\n<p>&#8211; Desde El Vendrell: 4 buses diarios (11:00h &#8211; 19:00h) | +2 trayectos (2 por la tarde)<\/p>\n\n\n\n<p><strong>CAN GORDEI<\/strong><\/p>\n\n\n\n<p>&#8211; Al n\u00facleo: 11 buses diarios (07:16h &#8211; 20:48h) | +8 trayectos (1 por la ma\u00f1ana, 2 al mediod\u00eda y 5 por la tarde *algunos solo paran en la calle Garona)<\/p>\n\n\n\n<p>&#8211; Del n\u00facleo: 9 buses diarios (08:45h &#8211; 20:20h) | +6 trayectos (3 por la ma\u00f1ana y 3 por la tarde *algunos solo paran en la calle Garona)<\/p>\n\n\n\n<p>&#8211; Hacia El Vendrell: 12 buses diarios (07:16h &#8211; 20:48h) | +9 trayectos (2 por la ma\u00f1ana, 2 al mediod\u00eda y 5 por la tarde *algunos solo paran en la calle Garona)<\/p>\n\n\n\n<p>&#8211; Desde El Vendrell: 9 buses diarios (10:00h &#8211; 20:00h) | +7 trayectos (2 por la ma\u00f1ana, 2 al mediod\u00eda y 3 por la tarde *algunos solo paran en la calle Garona)<\/p>\n\n\n\n<p><strong>L&#8217;ESPLAI<\/strong><\/p>\n\n\n\n<p>&#8211; Al n\u00facleo: 7 buses diarios (07:35h &#8211; 20:20h) | +3 trayectos (3 por la tarde)<\/p>\n\n\n\n<p>&#8211; Del n\u00facleo: 4 buses diarios (11:35h &#8211; 19:35h) | +3 trayectos (1 al mediod\u00eda y 2 por la tarde)<\/p>\n\n\n\n<p>&#8211; Hacia El Vendrell: 7 buses diarios (07:35h &#8211; 20:10h) | +5 trayectos (1 por la ma\u00f1ana, 1 al mediod\u00eda y 3 por la tarde)<\/p>\n\n\n\n<p>&#8211; Desde El Vendrell: 4 buses diarios (11:00h &#8211; 19:00h) | +2 trayectos (2 por la tarde)<\/p>\n\n\n\n<p><strong>LA MIRALBA<\/strong><\/p>\n\n\n\n<p>&#8211; Al n\u00facleo: 7 buses diarios (07:55h &#8211; 20:30h) | +5 trayectos (1 por la ma\u00f1ana, 1 al mediod\u00eda y 3 por la tarde)<\/p>\n\n\n\n<p>&#8211; Del n\u00facleo: 9 buses diarios (08:45h &#8211; 20:20h) | +5 trayectos (1 por la ma\u00f1ana, 1 al mediod\u00eda y 3 por la tarde)<\/p>\n\n\n\n<p>&#8211; Hacia El Vendrell: 13 buses diarios (07:18h &#8211; 20:50h) | +10 trayectos (2 por la ma\u00f1ana, 2 al mediod\u00eda y 6 por la tarde)<\/p>\n\n\n\n<p>&#8211; Desde El Vendrell: 9 buses diarios (10:00h &#8211; 20:00h) | +7 trayectos (1 por la ma\u00f1ana, 2 al mediod\u00eda y 4 por la tarde)<\/p>\n\n\n\n<p><strong>LA PINEDA DE SANTA CRISTINA<\/strong><\/p>\n\n\n\n<p>&#8211; Al n\u00facleo y a El Vendrell: 9 buses al n\u00facleo, 8 a El Vendrell (06:53h &#8211; 20:00h) | +5 trayectos (1 por la ma\u00f1ana, 2 al mediod\u00eda y 2 por la tarde)<\/p>\n\n\n\n<p>&#8211; Del n\u00facleo: 7 buses diarios (08:45h &#8211; 19:18h) | +5 trayectos (1 por la ma\u00f1ana, 2 al mediod\u00eda y 2 por la tarde)<\/p>\n\n\n\n<p>&#8211; Desde El Vendrell: 5 buses diarios (11:00h &#8211; 19:00h) | +3 trayectos (1 al mediod\u00eda y 2 por la tarde)<\/p>\n\n\n\n<p><strong>EL PAPAGAI<\/strong><\/p>\n\n\n\n<p>&#8211; Al n\u00facleo y a El Vendrell: 6 buses al n\u00facleo, 4 a El Vendrell (07:35h &#8211; 19:29h) | +2 trayectos (2 por la tarde)<\/p>\n\n\n\n<p>&#8211; Del n\u00facleo: 5 buses diarios (11:18h &#8211; 19:18h) | +2 trayectos (2 por la tarde)<\/p>\n\n\n\n<p>&#8211; Desde El Vendrell: 4 buses diarios (11:00h &#8211; 19:00h) | +2 trayectos (2 por la tarde)<\/p>\n\n\n\n<p><strong>LA MASIETA<\/strong><\/p>\n\n\n\n<p>&#8211; Al n\u00facleo: 7 buses diarios (07:37h &#8211; 20:40h) | +4 trayectos (1 al mediod\u00eda y 3 por la tarde)<\/p>\n\n\n\n<p>&#8211; Del n\u00facleo: 5 buses diarios (08:45h &#8211; 19:35h) | +2 trayectos (2 por la tarde)<\/p>\n\n\n\n<p>&#8211; Hacia El Vendrell: 7 buses diarios (07:37h &#8211; 20:32h) | +4 trayectos (1 al mediod\u00eda y 3 por la tarde)<\/p>\n\n\n\n<p>&#8211; Desde El Vendrell: 4 buses diarios (11:00h &#8211; 19:00h) | +2 trayectos (2 por la tarde)<\/p>\n","protected":false},"excerpt":{"rendered":"<p>S\u2019amplia el servei amb viatges a les tardes -tant per dins del municipi com per anar i tornar del Vendrell- i s\u2019estrena una nova l\u00ednia de matins d&#8217;anada i tornada &hellip; <a href=\"https:\/\/bisbalpenedes.com\/web\/2024\/08\/07\/la-bisbal-del-penedes-potencia-el-servei-de-bus-urba-a-partir-del-setembre\/\" class=\"more-link\">Read More<\/a><\/p>\n","protected":false},"author":4,"featured_media":31342,"comment_status":"closed","ping_status":"closed","sticky":false,"template":"","format":"standard","meta":[],"categories":[3859,8],"tags":[3638,459,821,198,1177,391,6802,393,587,246,4148,6801,790,520],"_links":{"self":[{"href":"https:\/\/bisbalpenedes.com\/web\/wp-json\/wp\/v2\/posts\/31341"}],"collection":[{"href":"https:\/\/bisbalpenedes.com\/web\/wp-json\/wp\/v2\/posts"}],"about":[{"href":"https:\/\/bisbalpenedes.com\/web\/wp-json\/wp\/v2\/types\/post"}],"author":[{"embeddable":true,"href":"https:\/\/bisbalpenedes.com\/web\/wp-json\/wp\/v2\/users\/4"}],"replies":[{"embeddable":true,"href":"https:\/\/bisbalpenedes.com\/web\/wp-json\/wp\/v2\/comments?post=31341"}],"version-history":[{"count":2,"href":"https:\/\/bisbalpenedes.com\/web\/wp-json\/wp\/v2\/posts\/31341\/revisions"}],"predecessor-version":[{"id":31345,"href":"https:\/\/bisbalpenedes.com\/web\/wp-json\/wp\/v2\/posts\/31341\/revisions\/31345"}],"wp:featuredmedia":[{"embeddable":true,"href":"https:\/\/bisbalpenedes.com\/web\/wp-json\/wp\/v2\/media\/31342"}],"wp:attachment":[{"href":"https:\/\/bisbalpenedes.com\/web\/wp-json\/wp\/v2\/media?parent=31341"}],"wp:term":[{"taxonomy":"category","embeddable":true,"href":"https:\/\/bisbalpenedes.com\/web\/wp-json\/wp\/v2\/categories?post=31341"},{"taxonomy":"post_tag","embeddable":true,"href":"https:\/\/bisbalpenedes.com\/web\/wp-json\/wp\/v2\/tags?post=31341"}],"curies":[{"name":"wp","href":"https:\/\/api.w.org\/{rel}","templated":true}]}}