{"id":31331,"date":"2024-08-06T15:43:59","date_gmt":"2024-08-06T13:43:59","guid":{"rendered":"https:\/\/bisbalpenedes.com\/web\/?p=31331"},"modified":"2024-08-06T15:43:59","modified_gmt":"2024-08-06T13:43:59","slug":"el-dimecres-7-i-el-dijous-8-dagost-de-18-a-21h-podeu-recollir-la-bossa-de-la-festa-major-a-lajuntament","status":"publish","type":"post","link":"https:\/\/bisbalpenedes.com\/web\/2024\/08\/06\/el-dimecres-7-i-el-dijous-8-dagost-de-18-a-21h-podeu-recollir-la-bossa-de-la-festa-major-a-lajuntament\/","title":{"rendered":"El dimecres 7 i el dijous 8 d&#8217;agost, de 18 a 21h podeu recollir la bossa de la Festa Major a l&#8217;Ajuntament"},"content":{"rendered":"\n<p>Dem\u00e0 dimecres 7 d&#8217;agost i el dijous 8 d&#8217;agost, podeu venir a recollir la bossa de la Festa Major.<\/p>\n\n\n\n<ul><li>De 18h a 21h<\/li><li>A les oficines municipals<\/li><\/ul>\n\n\n\n<p>Tingueu en compte que:<\/p>\n\n\n\n<ul><li>Nom\u00e9s es donar\u00e0 una per persona empadronada major de 16 anys, fins a esgotar exist\u00e8ncies.<\/li><li>En el cas de persones amb habitatge a la Bisbal del Pened\u00e8s no empadronades, se&#8217;n donar\u00e0 una per habitatge.<\/li><li>La bossa l&#8217;ha de recollir presencialment la persona empadronada. No s&#8217;admetran enc\u00e0rrecs.<\/li><\/ul>\n\n\n\n<hr class=\"wp-block-separator has-alpha-channel-opacity\"\/>\n\n\n\n<p>Ma\u00f1ana mi\u00e9rcoles 7 de agosto y el jueves 8 de agosto, pod\u00e9is venir a recoger la bolsa de la Festa Major.<\/p>\n\n\n\n<ul><li>De 18h a 21h<\/li><li>En las oficinas municipales<\/li><\/ul>\n\n\n\n<p>Tened en cuenta que:<\/p>\n\n\n\n<ul><li>Solo se dar\u00e1 una por persona empadronada mayor de 16 a\u00f1os, hasta agotar existencias.<\/li><li>En el caso de personas con vivienda en La Bisbal del Pened\u00e8s no empadronadas, se dar\u00e1 una bolsa por vivienda.<\/li><li>La bolsa debe recogerla presencialmente la persona empadronada. No se admitir\u00e1n encargos.<\/li><\/ul>\n","protected":false},"excerpt":{"rendered":"<p>Dem\u00e0 dimecres 7 d&#8217;agost i el dijous 8 d&#8217;agost, podeu venir a recollir la bossa de la Festa Major. De 18h a 21h A les oficines municipals Tingueu en compte &hellip; <a href=\"https:\/\/bisbalpenedes.com\/web\/2024\/08\/06\/el-dimecres-7-i-el-dijous-8-dagost-de-18-a-21h-podeu-recollir-la-bossa-de-la-festa-major-a-lajuntament\/\" class=\"more-link\">Read More<\/a><\/p>\n","protected":false},"author":4,"featured_media":31332,"comment_status":"closed","ping_status":"closed","sticky":false,"template":"","format":"standard","meta":[],"categories":[2161,4668,8],"tags":[459,6799,280,4694,393],"_links":{"self":[{"href":"https:\/\/bisbalpenedes.com\/web\/wp-json\/wp\/v2\/posts\/31331"}],"collection":[{"href":"https:\/\/bisbalpenedes.com\/web\/wp-json\/wp\/v2\/posts"}],"about":[{"href":"https:\/\/bisbalpenedes.com\/web\/wp-json\/wp\/v2\/types\/post"}],"author":[{"embeddable":true,"href":"https:\/\/bisbalpenedes.com\/web\/wp-json\/wp\/v2\/users\/4"}],"replies":[{"embeddable":true,"href":"https:\/\/bisbalpenedes.com\/web\/wp-json\/wp\/v2\/comments?post=31331"}],"version-history":[{"count":1,"href":"https:\/\/bisbalpenedes.com\/web\/wp-json\/wp\/v2\/posts\/31331\/revisions"}],"predecessor-version":[{"id":31333,"href":"https:\/\/bisbalpenedes.com\/web\/wp-json\/wp\/v2\/posts\/31331\/revisions\/31333"}],"wp:featuredmedia":[{"embeddable":true,"href":"https:\/\/bisbalpenedes.com\/web\/wp-json\/wp\/v2\/media\/31332"}],"wp:attachment":[{"href":"https:\/\/bisbalpenedes.com\/web\/wp-json\/wp\/v2\/media?parent=31331"}],"wp:term":[{"taxonomy":"category","embeddable":true,"href":"https:\/\/bisbalpenedes.com\/web\/wp-json\/wp\/v2\/categories?post=31331"},{"taxonomy":"post_tag","embeddable":true,"href":"https:\/\/bisbalpenedes.com\/web\/wp-json\/wp\/v2\/tags?post=31331"}],"curies":[{"name":"wp","href":"https:\/\/api.w.org\/{rel}","templated":true}]}}