{"id":31327,"date":"2024-08-06T12:50:18","date_gmt":"2024-08-06T10:50:18","guid":{"rendered":"https:\/\/bisbalpenedes.com\/web\/?p=31327"},"modified":"2024-08-06T12:50:18","modified_gmt":"2024-08-06T10:50:18","slug":"el-sr-eusebio-martinez-pren-possessio-de-la-placa-de-custodia-dedificis-municipals-a-lajuntament-de-la-bisbal-del-penedes","status":"publish","type":"post","link":"https:\/\/bisbalpenedes.com\/web\/2024\/08\/06\/el-sr-eusebio-martinez-pren-possessio-de-la-placa-de-custodia-dedificis-municipals-a-lajuntament-de-la-bisbal-del-penedes\/","title":{"rendered":"El Sr. Eusebio Mart\u00ednez pren possessi\u00f3 de la pla\u00e7a de cust\u00f2dia d\u2019edificis municipals a l\u2019Ajuntament de La Bisbal del Pened\u00e8s"},"content":{"rendered":"\n<p>Aquest dilluns 5 d\u2019agost, el Sr. Eusebio Mart\u00ednez ha pres possessi\u00f3 de la pla\u00e7a de cust\u00f2dia d\u2019edificis municipals, en r\u00e8gim laboral fix, segons el Decret d\u2019alcaldia del 29 de juliol.<\/p>\n\n\n\n<p>Les funcions d\u2019aquesta pla\u00e7a s\u00f3n les seg\u00fcents:<\/p>\n\n\n\n<ul><li>obrir i tancar les instal\u00b7lacions esportives i culturals, en coordinaci\u00f3 amb el servei de neteja, conservaci\u00f3 i manteniment b\u00e0sics de les instal\u00b7lacions esportives i culturals<\/li><li>atenci\u00f3 telef\u00f2nica a les instal\u00b7lacions esportives i culturals<\/li><li>atenci\u00f3 als\/les usuaris\/\u00e0ries de les instal\u00b7lacions esportives i culturals<\/li><li>vetllar pel bon \u00fas i el correcte funcionament de les instal\u00b7lacions esportives i culturals, aix\u00ed com per la seguretat<\/li><li>informar als serveis municipals competents de les possibles incid\u00e8ncies<\/li><li>qualsevol altra funci\u00f3 que li sigui encomanada d\u2019acord amb el seu nivell de titulaci\u00f3 i grup de classificaci\u00f3 professional.<\/li><\/ul>\n\n\n\n<p>Un total de 13 persones van presentar-se a la convocat\u00f2ria de la pla\u00e7a de cust\u00f2dia d\u2019edificis municipals, en el marc del proc\u00e9s d\u2019estabilitzaci\u00f3 de l\u2019ocupaci\u00f3 temporal de l\u2019Ajuntament de la Bisbal del Pened\u00e8s. De les 13 persones presentades, 7 van quedar excloses per no presentar-se a la prova de catal\u00e0 o no superar-la.<\/p>\n\n\n\n<p>&#8211;<\/p>\n\n\n\n<p><strong>El Sr. Eusebio Mart\u00ednez toma posesi\u00f3n de la plaza de custodia de edificios municipales en el Ayuntamiento de La Bisbal del Pened\u00e8s<\/strong><\/p>\n\n\n\n<p>Este lunes 5 de agosto, el Sr. Eusebio Mart\u00ednez ha tomado posesi\u00f3n de la plaza de custodia de edificios municipales, en r\u00e9gimen laboral fijo, seg\u00fan el Decreto de alcald\u00eda del 29 de julio.<\/p>\n\n\n\n<p>Las funciones de esta plaza son las siguientes:<\/p>\n\n\n\n<ul><li>Abrir y cerrar las instalaciones deportivas y culturales, en coordinaci\u00f3n con el servicio de limpieza, conservaci\u00f3n y mantenimiento b\u00e1sicos de las instalaciones deportivas y culturales<\/li><li>Atenci\u00f3n telef\u00f3nica en las instalaciones deportivas y culturales<\/li><li>Atenci\u00f3n a los\/las usuarios\/as de las instalaciones deportivas y culturales<\/li><li>Velar por el buen uso y el correcto funcionamiento de las instalaciones deportivas y culturales, as\u00ed como por la seguridad<\/li><li>Informar a los servicios municipales competentes de las posibles incidencias<\/li><li>Cualquier otra funci\u00f3n que le sea encomendada de acuerdo con su nivel de titulaci\u00f3n y grupo de clasificaci\u00f3n profesional.<\/li><\/ul>\n\n\n\n<p>Un total de 13 personas se presentaron a la convocatoria de la plaza de custodia de edificios municipales, en el marco del proceso de estabilizaci\u00f3n del empleo temporal del Ayuntamiento de La Bisbal del Pened\u00e8s. De las 13 personas presentadas, 7 quedaron excluidas por no presentarse a la prueba de catal\u00e1n o no superarla.<\/p>\n","protected":false},"excerpt":{"rendered":"<p>Aquest dilluns 5 d\u2019agost, el Sr. Eusebio Mart\u00ednez ha pres possessi\u00f3 de la pla\u00e7a de cust\u00f2dia d\u2019edificis municipals, en r\u00e8gim laboral fix, segons el Decret d\u2019alcaldia del 29 de juliol. &hellip; <a href=\"https:\/\/bisbalpenedes.com\/web\/2024\/08\/06\/el-sr-eusebio-martinez-pren-possessio-de-la-placa-de-custodia-dedificis-municipals-a-lajuntament-de-la-bisbal-del-penedes\/\" class=\"more-link\">Read More<\/a><\/p>\n","protected":false},"author":4,"featured_media":31328,"comment_status":"closed","ping_status":"closed","sticky":false,"template":"","format":"standard","meta":[],"categories":[2057,8],"tags":[459,6798,6797,393],"_links":{"self":[{"href":"https:\/\/bisbalpenedes.com\/web\/wp-json\/wp\/v2\/posts\/31327"}],"collection":[{"href":"https:\/\/bisbalpenedes.com\/web\/wp-json\/wp\/v2\/posts"}],"about":[{"href":"https:\/\/bisbalpenedes.com\/web\/wp-json\/wp\/v2\/types\/post"}],"author":[{"embeddable":true,"href":"https:\/\/bisbalpenedes.com\/web\/wp-json\/wp\/v2\/users\/4"}],"replies":[{"embeddable":true,"href":"https:\/\/bisbalpenedes.com\/web\/wp-json\/wp\/v2\/comments?post=31327"}],"version-history":[{"count":1,"href":"https:\/\/bisbalpenedes.com\/web\/wp-json\/wp\/v2\/posts\/31327\/revisions"}],"predecessor-version":[{"id":31329,"href":"https:\/\/bisbalpenedes.com\/web\/wp-json\/wp\/v2\/posts\/31327\/revisions\/31329"}],"wp:featuredmedia":[{"embeddable":true,"href":"https:\/\/bisbalpenedes.com\/web\/wp-json\/wp\/v2\/media\/31328"}],"wp:attachment":[{"href":"https:\/\/bisbalpenedes.com\/web\/wp-json\/wp\/v2\/media?parent=31327"}],"wp:term":[{"taxonomy":"category","embeddable":true,"href":"https:\/\/bisbalpenedes.com\/web\/wp-json\/wp\/v2\/categories?post=31327"},{"taxonomy":"post_tag","embeddable":true,"href":"https:\/\/bisbalpenedes.com\/web\/wp-json\/wp\/v2\/tags?post=31327"}],"curies":[{"name":"wp","href":"https:\/\/api.w.org\/{rel}","templated":true}]}}