{"id":31324,"date":"2024-08-06T12:04:02","date_gmt":"2024-08-06T10:04:02","guid":{"rendered":"https:\/\/bisbalpenedes.com\/web\/?p=31324"},"modified":"2024-08-06T12:04:02","modified_gmt":"2024-08-06T10:04:02","slug":"el-dissabte-10-dagost-se-celebra-la-festa-del-priorat-de-la-bisbal","status":"publish","type":"post","link":"https:\/\/bisbalpenedes.com\/web\/2024\/08\/06\/el-dissabte-10-dagost-se-celebra-la-festa-del-priorat-de-la-bisbal\/","title":{"rendered":"El dissabte 10 d&#8217;agost se celebra la festa del Priorat de la Bisbal"},"content":{"rendered":"\n<p>El dissabte 10 d&#8217;agost, durant tot el dia, se celebrar\u00e0 la festa del barri del Priorat de la Bisbal.<\/p>\n\n\n\n<hr class=\"wp-block-separator has-alpha-channel-opacity\"\/>\n\n\n\n<p>El s\u00e1bado 10 de agosto, durante todo el d\u00eda, se celebrar\u00e1 la fiesta del barrio del Priorat de la Bisbal.<\/p>\n","protected":false},"excerpt":{"rendered":"<p>El dissabte 10 d&#8217;agost, durant tot el dia, se celebrar\u00e0 la festa del barri del Priorat de la Bisbal. El s\u00e1bado 10 de agosto, durante todo el d\u00eda, se celebrar\u00e1 &hellip; <a href=\"https:\/\/bisbalpenedes.com\/web\/2024\/08\/06\/el-dissabte-10-dagost-se-celebra-la-festa-del-priorat-de-la-bisbal\/\" class=\"more-link\">Read More<\/a><\/p>\n","protected":false},"author":4,"featured_media":31321,"comment_status":"closed","ping_status":"closed","sticky":false,"template":"","format":"standard","meta":[],"categories":[4668,8],"tags":[50,393,520],"_links":{"self":[{"href":"https:\/\/bisbalpenedes.com\/web\/wp-json\/wp\/v2\/posts\/31324"}],"collection":[{"href":"https:\/\/bisbalpenedes.com\/web\/wp-json\/wp\/v2\/posts"}],"about":[{"href":"https:\/\/bisbalpenedes.com\/web\/wp-json\/wp\/v2\/types\/post"}],"author":[{"embeddable":true,"href":"https:\/\/bisbalpenedes.com\/web\/wp-json\/wp\/v2\/users\/4"}],"replies":[{"embeddable":true,"href":"https:\/\/bisbalpenedes.com\/web\/wp-json\/wp\/v2\/comments?post=31324"}],"version-history":[{"count":1,"href":"https:\/\/bisbalpenedes.com\/web\/wp-json\/wp\/v2\/posts\/31324\/revisions"}],"predecessor-version":[{"id":31325,"href":"https:\/\/bisbalpenedes.com\/web\/wp-json\/wp\/v2\/posts\/31324\/revisions\/31325"}],"wp:featuredmedia":[{"embeddable":true,"href":"https:\/\/bisbalpenedes.com\/web\/wp-json\/wp\/v2\/media\/31321"}],"wp:attachment":[{"href":"https:\/\/bisbalpenedes.com\/web\/wp-json\/wp\/v2\/media?parent=31324"}],"wp:term":[{"taxonomy":"category","embeddable":true,"href":"https:\/\/bisbalpenedes.com\/web\/wp-json\/wp\/v2\/categories?post=31324"},{"taxonomy":"post_tag","embeddable":true,"href":"https:\/\/bisbalpenedes.com\/web\/wp-json\/wp\/v2\/tags?post=31324"}],"curies":[{"name":"wp","href":"https:\/\/api.w.org\/{rel}","templated":true}]}}