{"id":3130,"date":"2017-09-13T02:20:36","date_gmt":"2017-09-12T20:20:36","guid":{"rendered":"http:\/\/bisbalpenedes.com\/web\/?p=3130"},"modified":"2017-09-13T02:20:58","modified_gmt":"2017-09-12T20:20:58","slug":"els-bisbalencs-i-les-bisbalenques-podran-participar-al-ple-municipal","status":"publish","type":"post","link":"https:\/\/bisbalpenedes.com\/web\/2017\/09\/13\/els-bisbalencs-i-les-bisbalenques-podran-participar-al-ple-municipal\/","title":{"rendered":"Els bisbalencs i les bisbalenques podran participar en el Ple Municipal"},"content":{"rendered":"<p>El passat 1 de setembre de 2017, despr\u00e9s de la seva publicaci\u00f3 definitiva al Butllet\u00ed Oficial de la Prov\u00edncia de Tarragona, va entrar en vigor el Reglament d\u2019Organitzaci\u00f3 Municipal (ROM) que va ser aprovat amb els vots favorables del PDeCAT (5) i el PSC (1) i els vots en contra d\u2019ERC (5) durant el Ple Ordinari del 19 de juny de 2017.<\/p>\n<p>At\u00e8s que el pr\u00f2xim dilluns 18 de setembre a les 19h hi ha Ple Ordinari, creiem oport\u00fa informar a la ciutadania del nou funcionament del torn de \u2018Precs i preguntes\u2019 i de la possibilitat que tenen els bisbalencs i les bisbalenques de participar al plenari.<\/p>\n<p>Tot seguit compartim els articles del ROM que aborden aquestes q\u00fcestions:<\/p>\n<p><strong><span style=\"text-decoration: underline;\">Article 115: Precs i preguntes<\/span><\/strong><\/p>\n<p>a)\u00a0\u00a0 Precs i preguntes per part dels membres de la Corporaci\u00f3<\/p>\n<ol>\n<li>En el punt corresponent a precs i preguntes dels Plens ordinaris de la part de control del Ple, tots els membres de la Corporaci\u00f3, els grups pol\u00edtics municipals i els no adscrits podran efectuar precs i preguntes.<\/li>\n<li>Els precs i preguntes no tenen car\u00e0cter vinculant ni estan sotmesos a votaci\u00f3, ni poden generar debat i es poden formular oralment o per escrit.<\/li>\n<li>Si s\u00f3n formulades oralment en la sessi\u00f3, l\u2019Alcaldia decidir\u00e0 si es contesten en aquest Ple o en la sessi\u00f3 seg\u00fcent.<\/li>\n<li>Si s\u00f3n formulades per escrit, es contestaran per escrit dirigides al grup o regidor\/a que l\u2019ha formulat, abans de la sessi\u00f3 seg\u00fcent a excepci\u00f3 que s\u2019haguessin presentat per escrit amb 24h d\u2019antelaci\u00f3 a la celebraci\u00f3 de la sessi\u00f3, cas en qu\u00e8 hauran de ser contestades oralment en la mateixa sessi\u00f3.<\/li>\n<li>No es podran formular precs que proposin actuacions que excedeixin de la compet\u00e8ncia municipal, ni efectuar preguntes alienes a aquesta.<\/li>\n<\/ol>\n<p>b)\u00a0\u00a0 \u00a0\u00a0\u00a0Precs i preguntes per part dels assistents<\/p>\n<p>L\u2019article 133 d\u2019aquest Reglament, regula la participaci\u00f3 ciutadana en el Ple municipal.<\/p>\n<p>&nbsp;<\/p>\n<p><strong><span style=\"text-decoration: underline;\">Article 133:\u00a0 Participaci\u00f3 ciutadana en el Ple municipal<\/span><\/strong><\/p>\n<p>Un cop l\u2019equip de govern ha respost les preguntes fetes per l\u2019oposici\u00f3 en l\u2019apartat de precs i preguntes dels Plens ordinaris, es contestaran les preguntes formulades per la ciutadania i es prendr\u00e0 nota dels seus precs.<\/p>\n<p>Totes les persones tenen dret a intervenir en les sessions ordin\u00e0ries del Ple en el punt de l\u2019ordre del dia de Precs i preguntes, d\u2019acord amb les prescripcions seg\u00fcents:<\/p>\n<p>a)\u00a0\u00a0 El prec o pregunta s\u2019haur\u00e0 de sol\u00b7licitar a l\u2019Alcaldia:<\/p>\n<ol>\n<li>Per escrit i entrar-la al Registre General com a m\u00e0xim 24h abans del Ple ordinari.<\/li>\n<li>Per Twitter a @BisbalPenedes com a m\u00e0xim 24h abans del Ple ordinari, complint el protocol d\u2019\u00fas de les xarxes socials. El format ser\u00e0 #PleBisbalPened\u00e8s, seguit del prec o pregunta.<\/li>\n<\/ol>\n<p>b)\u00a0\u00a0 L\u2019assumpte objecte del prec o pregunta haur\u00e0 de ser de compet\u00e8ncia municipal sobre l\u2019acci\u00f3 de govern o estar directament relacionat amb els punts inclosos a l\u2019ordre del dia<\/p>\n<p>c)\u00a0\u00a0 Cada ciutad\u00e0\/na\u00a0 pot formular un\u00a0 prec i una pregunta en un mateix Ple. La longitud m\u00e0xima de cada <em>tweet<\/em> \u00e9s de 140 car\u00e0cters i no es pot continuar la pregunta en un segon <em>tweet<\/em><\/p>\n<p>d)\u00a0\u00a0 L\u2019alcaldia podr\u00e0 no respondre si \u00e9s un assumpte sobre el qual l\u2019Ajuntament no t\u00e9 compet\u00e8ncies o si ja s\u2019ha presentat la mateixa pregunta en una altra sessi\u00f3 els \u00faltims 6 mesos<\/p>\n<p>e)\u00a0\u00a0 L\u2019alcaldia comunicar\u00e0, acabat el termini m\u00e0xim de presentaci\u00f3 de preguntes, a qui vagin dirigides les preguntes o peticions sol\u00b7licitades perqu\u00e8 les pugui respondre<\/p>\n<p>f)\u00a0\u00a0\u00a0 L\u2019Alcaldia llegir\u00e0 la pregunta en veu alta<\/p>\n<p>g)\u00a0\u00a0 L\u2019alcaldia o a qui va adre\u00e7ada la pregunta, la respondr\u00e0 en la mateixa sessi\u00f3 del Ple.<\/p>\n<p>El p\u00fablic assistent a les sessions no podr\u00e0 efectuar manifestacions de grat o desgrat. Tampoc es podran proferir comentaris que afectin el normal desenvolupament de la sessi\u00f3.<\/p>\n","protected":false},"excerpt":{"rendered":"<p>El passat 1 de setembre de 2017, despr\u00e9s de la seva publicaci\u00f3 definitiva al Butllet\u00ed Oficial de la Prov\u00edncia de Tarragona, va entrar en vigor el Reglament d\u2019Organitzaci\u00f3 Municipal (ROM) &hellip; <a href=\"https:\/\/bisbalpenedes.com\/web\/2017\/09\/13\/els-bisbalencs-i-les-bisbalenques-podran-participar-al-ple-municipal\/\" class=\"more-link\">Read More<\/a><\/p>\n","protected":false},"author":4,"featured_media":2127,"comment_status":"closed","ping_status":"closed","sticky":false,"template":"","format":"standard","meta":[],"categories":[4],"tags":[568,796,139,791,569,792,794,479,793,795],"_links":{"self":[{"href":"https:\/\/bisbalpenedes.com\/web\/wp-json\/wp\/v2\/posts\/3130"}],"collection":[{"href":"https:\/\/bisbalpenedes.com\/web\/wp-json\/wp\/v2\/posts"}],"about":[{"href":"https:\/\/bisbalpenedes.com\/web\/wp-json\/wp\/v2\/types\/post"}],"author":[{"embeddable":true,"href":"https:\/\/bisbalpenedes.com\/web\/wp-json\/wp\/v2\/users\/4"}],"replies":[{"embeddable":true,"href":"https:\/\/bisbalpenedes.com\/web\/wp-json\/wp\/v2\/comments?post=3130"}],"version-history":[{"count":3,"href":"https:\/\/bisbalpenedes.com\/web\/wp-json\/wp\/v2\/posts\/3130\/revisions"}],"predecessor-version":[{"id":3133,"href":"https:\/\/bisbalpenedes.com\/web\/wp-json\/wp\/v2\/posts\/3130\/revisions\/3133"}],"wp:featuredmedia":[{"embeddable":true,"href":"https:\/\/bisbalpenedes.com\/web\/wp-json\/wp\/v2\/media\/2127"}],"wp:attachment":[{"href":"https:\/\/bisbalpenedes.com\/web\/wp-json\/wp\/v2\/media?parent=3130"}],"wp:term":[{"taxonomy":"category","embeddable":true,"href":"https:\/\/bisbalpenedes.com\/web\/wp-json\/wp\/v2\/categories?post=3130"},{"taxonomy":"post_tag","embeddable":true,"href":"https:\/\/bisbalpenedes.com\/web\/wp-json\/wp\/v2\/tags?post=3130"}],"curies":[{"name":"wp","href":"https:\/\/api.w.org\/{rel}","templated":true}]}}