{"id":31290,"date":"2024-08-02T18:56:42","date_gmt":"2024-08-02T16:56:42","guid":{"rendered":"https:\/\/bisbalpenedes.com\/web\/?p=31290"},"modified":"2024-08-02T19:01:33","modified_gmt":"2024-08-02T17:01:33","slug":"lajuntament-sha-reunit-amb-el-diputat-christian-soriano-per-abordar-les-necessitats-del-municipi-i-la-comarca","status":"publish","type":"post","link":"https:\/\/bisbalpenedes.com\/web\/2024\/08\/02\/lajuntament-sha-reunit-amb-el-diputat-christian-soriano-per-abordar-les-necessitats-del-municipi-i-la-comarca\/","title":{"rendered":"<a><\/a><a><strong>L\u2019Ajuntament s\u2019ha reunit amb el diputat Christian Soriano per abordar les necessitats del municipi i la comarca<\/strong><\/a>"},"content":{"rendered":"\n<p>El passat dimecres 31 de juliol l\u2019equip de govern va saludar Christian Soriano, diputat al Parlament de Catalunya pel PSC i regidor a l\u2019Ajuntament del Vendrell i, posteriorment, l\u2019alcaldessa Agn\u00e8s Ferr\u00e9 va mantenir una reuni\u00f3 amb ell.<\/p>\n\n\n\n<p>L\u2019alcaldessa li va fer cinc c\u00e8ntims dels serveis amb qu\u00e8 comptem al municipi, posant especial \u00e8mfasi en el \u2018Servei bon dia\u2019. A m\u00e9s, va obsequiar el diputat amb els dos \u00faltims llibres editats per Sant Jordi per l\u2019Ajuntament de la Bisbal del Pened\u00e8s.<\/p>\n\n\n\n<p>L\u2019alcaldessa li ha parlat de les necessitats actuals que t\u00e9 el municipi, posant rellev\u00e0ncia a la necessitat que la Generalitat de Catalunya ampli\u00ef l\u2019edifici annex a l\u2019escola Ull de Vent amb l\u2019objectiu que tot l\u2019alumnat pugui anar a classe al mateix edifici.<\/p>\n\n\n\n<p>Christian Soriano \u00e9s diputat al Parlament de Catalunya des del passat 12 de maig i, dies enrere, va fer-li saber a l\u2019alcaldessa Agn\u00e8s Ferr\u00e9 que es posava a la seva disposici\u00f3 <em>\u201cper defensar al Parlament les necessitats de la nostra comarca\u201d.<\/em><\/p>\n\n\n\n<figure class=\"wp-block-image size-large\"><img loading=\"lazy\" width=\"1024\" height=\"768\" src=\"https:\/\/bisbalpenedes.com\/web\/wp-content\/uploads\/2024\/08\/DIPUTAT-CHRISTIAN-SORIANO-3-1024x768.jpg\" alt=\"\" class=\"wp-image-31293\" srcset=\"https:\/\/bisbalpenedes.com\/web\/wp-content\/uploads\/2024\/08\/DIPUTAT-CHRISTIAN-SORIANO-3-1024x768.jpg 1024w, https:\/\/bisbalpenedes.com\/web\/wp-content\/uploads\/2024\/08\/DIPUTAT-CHRISTIAN-SORIANO-3-300x225.jpg 300w, https:\/\/bisbalpenedes.com\/web\/wp-content\/uploads\/2024\/08\/DIPUTAT-CHRISTIAN-SORIANO-3-768x576.jpg 768w, https:\/\/bisbalpenedes.com\/web\/wp-content\/uploads\/2024\/08\/DIPUTAT-CHRISTIAN-SORIANO-3-1536x1152.jpg 1536w, https:\/\/bisbalpenedes.com\/web\/wp-content\/uploads\/2024\/08\/DIPUTAT-CHRISTIAN-SORIANO-3-2048x1536.jpg 2048w, https:\/\/bisbalpenedes.com\/web\/wp-content\/uploads\/2024\/08\/DIPUTAT-CHRISTIAN-SORIANO-3-600x450.jpg 600w\" sizes=\"(max-width: 1024px) 100vw, 1024px\" \/><\/figure>\n\n\n\n<hr class=\"wp-block-separator has-alpha-channel-opacity\"\/>\n\n\n\n<p><strong>CASTELLANO |<\/strong> El pasado mi\u00e9rcoles 31 de julio el equipo de gobierno salud\u00f3 a Christian Soriano, diputado en el Parlament de Catalunya por el PSC y concejal en el Ajuntament del Vendrell y, posteriormente, la alcaldesa Agn\u00e8s Ferr\u00e9 mantuvo una reuni\u00f3n con \u00e9l.<\/p>\n\n\n\n<p>La alcaldesa le inform\u00f3 brevemente de los servicios con los que contamos en el municipio, poniendo especial \u00e9nfasis en el \u2018Servei Bon Dia&#8217;. Adem\u00e1s, obsequi\u00f3 al diputado con los dos \u00faltimos libros editados por Sant Jordi por el Ajuntament de la Bisbal del Pened\u00e8s.<\/p>\n\n\n\n<p>La alcaldesa le habl\u00f3 de las necesidades actuales que tiene el municipio, destacando la necesidad de que la Generalitat de Catalunya ampl\u00ede el edificio anexo a la escuela Ull de Vent con el objetivo de que todo el alumnado pueda ir a clase en el mismo edificio.<\/p>\n\n\n\n<p>Christian Soriano es diputado en el Parlament de Catalunya desde el pasado 12 de mayo y, d\u00edas atr\u00e1s, le hizo saber a la alcaldesa Agn\u00e8s Ferr\u00e9 que se pon\u00eda a su disposici\u00f3n <em>&#8220;para defender en el Parlamento las necesidades de nuestra comarca&#8221;.<\/em><\/p>\n","protected":false},"excerpt":{"rendered":"<p>El passat dimecres 31 de juliol l\u2019equip de govern va saludar Christian Soriano, diputat al Parlament de Catalunya pel PSC i regidor a l\u2019Ajuntament del Vendrell i, posteriorment, l\u2019alcaldessa Agn\u00e8s &hellip; <a href=\"https:\/\/bisbalpenedes.com\/web\/2024\/08\/02\/lajuntament-sha-reunit-amb-el-diputat-christian-soriano-per-abordar-les-necessitats-del-municipi-i-la-comarca\/\" class=\"more-link\">Read More<\/a><\/p>\n","protected":false},"author":4,"featured_media":31291,"comment_status":"closed","ping_status":"closed","sticky":false,"template":"","format":"standard","meta":[],"categories":[2057,8],"tags":[459,6792,6791,391,393,2254],"_links":{"self":[{"href":"https:\/\/bisbalpenedes.com\/web\/wp-json\/wp\/v2\/posts\/31290"}],"collection":[{"href":"https:\/\/bisbalpenedes.com\/web\/wp-json\/wp\/v2\/posts"}],"about":[{"href":"https:\/\/bisbalpenedes.com\/web\/wp-json\/wp\/v2\/types\/post"}],"author":[{"embeddable":true,"href":"https:\/\/bisbalpenedes.com\/web\/wp-json\/wp\/v2\/users\/4"}],"replies":[{"embeddable":true,"href":"https:\/\/bisbalpenedes.com\/web\/wp-json\/wp\/v2\/comments?post=31290"}],"version-history":[{"count":3,"href":"https:\/\/bisbalpenedes.com\/web\/wp-json\/wp\/v2\/posts\/31290\/revisions"}],"predecessor-version":[{"id":31295,"href":"https:\/\/bisbalpenedes.com\/web\/wp-json\/wp\/v2\/posts\/31290\/revisions\/31295"}],"wp:featuredmedia":[{"embeddable":true,"href":"https:\/\/bisbalpenedes.com\/web\/wp-json\/wp\/v2\/media\/31291"}],"wp:attachment":[{"href":"https:\/\/bisbalpenedes.com\/web\/wp-json\/wp\/v2\/media?parent=31290"}],"wp:term":[{"taxonomy":"category","embeddable":true,"href":"https:\/\/bisbalpenedes.com\/web\/wp-json\/wp\/v2\/categories?post=31290"},{"taxonomy":"post_tag","embeddable":true,"href":"https:\/\/bisbalpenedes.com\/web\/wp-json\/wp\/v2\/tags?post=31290"}],"curies":[{"name":"wp","href":"https:\/\/api.w.org\/{rel}","templated":true}]}}