{"id":31281,"date":"2024-08-02T17:29:08","date_gmt":"2024-08-02T15:29:08","guid":{"rendered":"https:\/\/bisbalpenedes.com\/web\/?p=31281"},"modified":"2024-08-02T17:31:34","modified_gmt":"2024-08-02T15:31:34","slug":"dos-bisbalencs-entre-els-17-millors-del-mon-en-tennis-taula-per-a-veterans","status":"publish","type":"post","link":"https:\/\/bisbalpenedes.com\/web\/2024\/08\/02\/dos-bisbalencs-entre-els-17-millors-del-mon-en-tennis-taula-per-a-veterans\/","title":{"rendered":"<strong>Dos bisbalencs entre els 17 millors del m\u00f3n en tennis taula per a veterans<\/strong>"},"content":{"rendered":"\n<p>Alfredo Juan i Josep &#8216;Pepito&#8217; Mart\u00ednez, ve\u00efns de La Bisbal del Pened\u00e8s, han aconseguit situar-se entre els 17 millors jugadors del m\u00f3n en la categoria de parelles veteranes +65 en el recent Campionat Mundial Masters de Tennis Taula.<\/p>\n\n\n\n<p>El torneig, organitzat per la Federaci\u00f3 Internacional de Tennis Taula, es va celebrar del 6 al 14 de juliol a Roma, reunint esportistes majors de 40 anys de m\u00e9s de 180 pa\u00efsos.<\/p>\n\n\n\n<p>Aquest divendres, l&#8217;equip de govern local ha rebut els esportistes a l&#8217;Ajuntament per felicitar-los per la seva destacada competici\u00f3. Juan i Mart\u00ednez comparteixen la seva experi\u00e8ncia, qualificant-la d'&#8221;inoblidable&#8221;.<\/p>\n\n\n\n<figure class=\"wp-block-image size-large\"><img loading=\"lazy\" width=\"1024\" height=\"680\" src=\"https:\/\/bisbalpenedes.com\/web\/wp-content\/uploads\/2024\/08\/IMG_4168-1024x680.jpeg\" alt=\"\" class=\"wp-image-31283\" srcset=\"https:\/\/bisbalpenedes.com\/web\/wp-content\/uploads\/2024\/08\/IMG_4168-1024x680.jpeg 1024w, https:\/\/bisbalpenedes.com\/web\/wp-content\/uploads\/2024\/08\/IMG_4168-300x199.jpeg 300w, https:\/\/bisbalpenedes.com\/web\/wp-content\/uploads\/2024\/08\/IMG_4168-768x510.jpeg 768w, https:\/\/bisbalpenedes.com\/web\/wp-content\/uploads\/2024\/08\/IMG_4168-1536x1020.jpeg 1536w, https:\/\/bisbalpenedes.com\/web\/wp-content\/uploads\/2024\/08\/IMG_4168-2048x1360.jpeg 2048w, https:\/\/bisbalpenedes.com\/web\/wp-content\/uploads\/2024\/08\/IMG_4168-600x398.jpeg 600w\" sizes=\"(max-width: 1024px) 100vw, 1024px\" \/><\/figure>\n\n\n\n<p>Cal destacar que el duo bisbalenc ja s&#8217;havia proclamat campi\u00f3 d&#8217;Espanya per equips en la categoria veterans +65 el passat mes de juny, una fita encara m\u00e9s merit\u00f2ria considerant que Mart\u00ednez s&#8217;estava recuperant d&#8217;una intervenci\u00f3 quir\u00fargica.<\/p>\n\n\n\n<p>A m\u00e9s, Josep Mart\u00ednez ha estat convocat per la selecci\u00f3 catalana per participar en el Campionat d&#8217;Espanya d&#8217;Autonomies que se celebrar\u00e0 a C\u00e0ceres al setembre. Mart\u00ednez compta amb un impressionant historial en aquesta competici\u00f3, havent pujat al podi en les seves 25 participacions anteriors.<\/p>\n\n\n\n<p>Els esportistes bisbalencs van competir a Roma lluint equipaci\u00f3 amb l&#8217;escut i nom del municipi, portant aix\u00ed el nom de La Bisbal del Pened\u00e8s a l&#8217;escena internacional del tennis taula.<\/p>\n\n\n\n<p>L&#8217;Ajuntament, en col\u00b7laboraci\u00f3 amb els destacats esportistes locals, est\u00e0 avaluant la viabilitat d&#8217;establir una secci\u00f3 de tennis taula al Pavell\u00f3 Esportiu Municipal.<\/p>\n\n\n\n<figure class=\"wp-block-image size-large\"><img loading=\"lazy\" width=\"1024\" height=\"768\" src=\"https:\/\/bisbalpenedes.com\/web\/wp-content\/uploads\/2024\/08\/IMG_4176-1024x768.jpeg\" alt=\"\" class=\"wp-image-31284\" srcset=\"https:\/\/bisbalpenedes.com\/web\/wp-content\/uploads\/2024\/08\/IMG_4176-1024x768.jpeg 1024w, https:\/\/bisbalpenedes.com\/web\/wp-content\/uploads\/2024\/08\/IMG_4176-300x225.jpeg 300w, https:\/\/bisbalpenedes.com\/web\/wp-content\/uploads\/2024\/08\/IMG_4176-768x576.jpeg 768w, https:\/\/bisbalpenedes.com\/web\/wp-content\/uploads\/2024\/08\/IMG_4176-1536x1152.jpeg 1536w, https:\/\/bisbalpenedes.com\/web\/wp-content\/uploads\/2024\/08\/IMG_4176-2048x1536.jpeg 2048w, https:\/\/bisbalpenedes.com\/web\/wp-content\/uploads\/2024\/08\/IMG_4176-600x450.jpeg 600w\" sizes=\"(max-width: 1024px) 100vw, 1024px\" \/><\/figure>\n\n\n\n<h2><strong>Dos bisbalencs entre los 17 mejores del mundo en tenis de mesa para veteranos<\/strong><\/h2>\n\n\n\n<p>Alfredo Juan y Josep &#8216;Pepito&#8217; Mart\u00ednez, vecinos de La Bisbal del Pened\u00e8s, han logrado situarse entre los 17 mejores jugadores del mundo en la categor\u00eda de parejas veteranas +65 en el reciente Campeonato Mundial Masters de Tenis de Mesa.<\/p>\n\n\n\n<p>El torneo, organizado por la Federaci\u00f3n Internacional de Tenis de Mesa, se celebr\u00f3 del 6 al 14 de julio en Roma, reuniendo a deportistas mayores de 40 a\u00f1os de m\u00e1s de 180 pa\u00edses.<\/p>\n\n\n\n<p>Este viernes, el equipo de gobierno local ha recibido a los deportistas en el Ajuntament para felicitarlos por su destacada actuaci\u00f3n. Juan y Mart\u00ednez comparten su experiencia, calific\u00e1ndola de &#8220;inolvidable&#8221;.<\/p>\n\n\n\n<p>Cabe destacar que el d\u00fao bisbalenc ya se hab\u00eda proclamado campe\u00f3n de Espa\u00f1a por equipos en la categor\u00eda veteranos +65 el pasado mes de junio, un logro a\u00fan m\u00e1s meritorio considerando que Mart\u00ednez se estaba recuperando de una intervenci\u00f3n quir\u00fargica.<\/p>\n\n\n\n<p>Adem\u00e1s, Josep Mart\u00ednez ha sido convocado por la selecci\u00f3n catalana para participar en el Campeonato de Espa\u00f1a de Autonom\u00edas que se celebrar\u00e1 en C\u00e1ceres en septiembre. Mart\u00ednez cuenta con un impresionante historial en esta competici\u00f3n, habiendo subido al podio en sus 25 participaciones anteriores.<\/p>\n\n\n\n<p>Los deportistas bisbalencs compitieron en Roma luciendo equipaci\u00f3n con el escudo y nombre del municipio, llevando as\u00ed el nombre de La Bisbal del Pened\u00e8s a la escena internacional del tenis de mesa.<\/p>\n\n\n\n<p>El Ayuntamiento, en colaboraci\u00f3n con los destacados deportistas locales, est\u00e1 evaluando la viabilidad de establecer una secci\u00f3n de tenis de mesa en el Pabell\u00f3n Deportivo Municipal.<\/p>\n","protected":false},"excerpt":{"rendered":"<p>Alfredo Juan i Josep &#8216;Pepito&#8217; Mart\u00ednez, ve\u00efns de La Bisbal del Pened\u00e8s, han aconseguit situar-se entre els 17 millors jugadors del m\u00f3n en la categoria de parelles veteranes +65 en &hellip; <a href=\"https:\/\/bisbalpenedes.com\/web\/2024\/08\/02\/dos-bisbalencs-entre-els-17-millors-del-mon-en-tennis-taula-per-a-veterans\/\" class=\"more-link\">Read More<\/a><\/p>\n","protected":false},"author":4,"featured_media":31282,"comment_status":"closed","ping_status":"closed","sticky":false,"template":"","format":"standard","meta":[],"categories":[8],"tags":[6114,2537,1437,4686,393],"_links":{"self":[{"href":"https:\/\/bisbalpenedes.com\/web\/wp-json\/wp\/v2\/posts\/31281"}],"collection":[{"href":"https:\/\/bisbalpenedes.com\/web\/wp-json\/wp\/v2\/posts"}],"about":[{"href":"https:\/\/bisbalpenedes.com\/web\/wp-json\/wp\/v2\/types\/post"}],"author":[{"embeddable":true,"href":"https:\/\/bisbalpenedes.com\/web\/wp-json\/wp\/v2\/users\/4"}],"replies":[{"embeddable":true,"href":"https:\/\/bisbalpenedes.com\/web\/wp-json\/wp\/v2\/comments?post=31281"}],"version-history":[{"count":2,"href":"https:\/\/bisbalpenedes.com\/web\/wp-json\/wp\/v2\/posts\/31281\/revisions"}],"predecessor-version":[{"id":31286,"href":"https:\/\/bisbalpenedes.com\/web\/wp-json\/wp\/v2\/posts\/31281\/revisions\/31286"}],"wp:featuredmedia":[{"embeddable":true,"href":"https:\/\/bisbalpenedes.com\/web\/wp-json\/wp\/v2\/media\/31282"}],"wp:attachment":[{"href":"https:\/\/bisbalpenedes.com\/web\/wp-json\/wp\/v2\/media?parent=31281"}],"wp:term":[{"taxonomy":"category","embeddable":true,"href":"https:\/\/bisbalpenedes.com\/web\/wp-json\/wp\/v2\/categories?post=31281"},{"taxonomy":"post_tag","embeddable":true,"href":"https:\/\/bisbalpenedes.com\/web\/wp-json\/wp\/v2\/tags?post=31281"}],"curies":[{"name":"wp","href":"https:\/\/api.w.org\/{rel}","templated":true}]}}