{"id":31264,"date":"2024-07-31T18:31:37","date_gmt":"2024-07-31T16:31:37","guid":{"rendered":"https:\/\/bisbalpenedes.com\/web\/?p=31264"},"modified":"2024-08-07T08:36:37","modified_gmt":"2024-08-07T06:36:37","slug":"el-bus-urba-de-la-bisbal-del-penedes-duplica-els-usuaris-el-2024","status":"publish","type":"post","link":"https:\/\/bisbalpenedes.com\/web\/2024\/07\/31\/el-bus-urba-de-la-bisbal-del-penedes-duplica-els-usuaris-el-2024\/","title":{"rendered":"El bus urb\u00e0 de la Bisbal del Pened\u00e8s multiplica els usuaris el 2024"},"content":{"rendered":"\n<p>El servei de bus urb\u00e0 de la Bisbal del Pened\u00e8s ha experimentat un creixement notori en els darrers anys, consolidant-se com una opci\u00f3 de mobilitat essencial per als ve\u00efns del municipi. Segons les dades presentades per l&#8217;empresa Autocars \u00cdzaro a l&#8217;alcaldessa Agn\u00e8s Ferr\u00e9 i a la regidora de Mobilitat, Silvia Monfort, durant una reuni\u00f3 celebrada aquest dimarts, el nombre d&#8217;usuaris s&#8217;ha duplicat en comparaci\u00f3 amb l&#8217;any anterior.<\/p>\n\n\n\n<p>Durant els primers sis mesos de 2024, el bus urb\u00e0 ja ha registrat 11.716 usuaris, amb una mitjana di\u00e0ria de 93 passatgers. Aquestes xifres suposen un increment significatiu respecte al 2023, quan es va tancar l&#8217;any amb un total de 18.687 usuaris i una mitjana de 75 usuaris diaris. L&#8217;augment \u00e9s encara m\u00e9s notable si es compara amb el 2022, ja que el 2023 va suposar un increment del 148% en el nombre de viatgers.<\/p>\n\n\n\n<p>El servei actual, que es va posar en marxa el maig de 2021, connecta les urbanitzacions amb El Vendrell i dona cobertura a tot el municipi, incloent-hi el barri de l&#8217;Ortig\u00f3s. A m\u00e9s de les connexions internes, el bus ofereix viatges a l&#8217;hospital i a la parada d&#8217;autobusos del centre del Vendrell, aix\u00ed com un servei especial per als estudiants de l&#8217;Institut Coster de la Torre, refor\u00e7at aquest curs 2023\/2024 amb m\u00e9s places.<\/p>\n\n\n\n<p>L&#8217;alcaldessa Ferr\u00e9 ha expressat la seva satisfacci\u00f3 pels resultats obtinguts: <em>&#8220;aquestes xifres demostren que el servei de bus urb\u00e0 s&#8217;ha convertit en una pe\u00e7a clau per a la mobilitat dels nostres ve\u00efns. Estem treballant per incorporar millores i nous serveis amb l\u2019objectiu de continuar satisfent les necessitats de la poblaci\u00f3&#8221;.<\/em><\/p>\n\n\n\n<p>Per la seva banda, la regidora Monfort ha destacat que <em>&#8220;l&#8217;\u00e8xit d&#8217;aquest servei \u00e9s fruit de l&#8217;esfor\u00e7 conjunt entre l&#8217;Ajuntament i l&#8217;empresa operadora. Continuarem treballant per oferir un transport p\u00fablic de qualitat i accessible per a tothom&#8221;.<\/em><\/p>\n\n\n\n<p>El servei funciona de dilluns a divendres amb horaris i parades establerts, i els dissabtes ofereix anades i tornades al Vendrell des del nucli urb\u00e0. Des de la Regidoria de Mobilitat s\u2019est\u00e0 treballant en la incorporaci\u00f3 de noves millores i serveis per continuar impulsant la mobilitat sostenible al municipi.<\/p>\n\n\n\n<hr class=\"wp-block-separator has-alpha-channel-opacity\"\/>\n\n\n\n<h2><strong>El bus urbano de La Bisbal del Pened\u00e8s duplica los usuarios en 2024<\/strong><\/h2>\n\n\n\n<p>El servicio de bus urbano de La Bisbal del Pened\u00e8s ha experimentado un crecimiento notorio en los \u00faltimos a\u00f1os, consolid\u00e1ndose como una opci\u00f3n de movilidad esencial para los vecinos del municipio. Seg\u00fan los datos presentados por la empresa Autocars \u00cdzaro a la alcaldesa Agn\u00e8s Ferr\u00e9 y a la concejala de Movilidad, Silvia Monfort, durante una reuni\u00f3n celebrada este martes, el n\u00famero de usuarios se ha duplicado en comparaci\u00f3n con el a\u00f1o anterior.<\/p>\n\n\n\n<p>Durante los primeros seis meses de 2024, el bus urbano ya ha registrado 11.716 usuarios, con una media diaria de 93 pasajeros. Estas cifras suponen un incremento significativo respecto a 2023, cuando se cerr\u00f3 el a\u00f1o con un total de 18.687 usuarios y una media de 75 usuarios diarios. El aumento es a\u00fan m\u00e1s notable si se compara con 2022, ya que 2023 supuso un incremento del 148% en el n\u00famero de viajeros.<\/p>\n\n\n\n<p>El servicio actual, que se puso en marcha en mayo de 2021, conecta las urbanizaciones con El Vendrell y da cobertura a todo el municipio, incluyendo el barrio de l&#8217;Ortig\u00f3s. Adem\u00e1s de las conexiones internas, el bus ofrece viajes al hospital y a la parada de autobuses del centro de El Vendrell, as\u00ed como un servicio especial para los estudiantes del Instituto Coster de la Torre, reforzado este curso 2023\/2024 con m\u00e1s plazas.<\/p>\n\n\n\n<p>La alcaldesa Ferr\u00e9 ha expresado su satisfacci\u00f3n por los resultados obtenidos: <em>&#8220;estas cifras demuestran que el servicio de bus urbano se ha convertido en una pieza clave para la movilidad de nuestros vecinos. Estamos trabajando para incorporar mejoras y nuevos servicios con el objetivo de seguir satisfaciendo las necesidades de la poblaci\u00f3n&#8221;.<\/em><\/p>\n\n\n\n<p>Por su parte, la concejala Monfort ha destacado que <em>&#8220;el \u00e9xito de este servicio es fruto del esfuerzo conjunto entre el Ajuntament y la empresa operadora. Seguiremos trabajando para ofrecer un transporte p\u00fablico de calidad y accesible para todos&#8221;.<\/em><\/p>\n\n\n\n<p>El servicio funciona de lunes a viernes con horarios y paradas establecidos, y los s\u00e1bados ofrece idas y vueltas a El Vendrell desde el n\u00facleo urbano. Desde la Concejal\u00eda de Movilidad se est\u00e1 trabajando en la incorporaci\u00f3n de nuevas mejoras y servicios para seguir impulsando la movilidad sostenible en el municipio.<\/p>\n","protected":false},"excerpt":{"rendered":"<p>El servei de bus urb\u00e0 de la Bisbal del Pened\u00e8s ha experimentat un creixement notori en els darrers anys, consolidant-se com una opci\u00f3 de mobilitat essencial per als ve\u00efns del &hellip; <a href=\"https:\/\/bisbalpenedes.com\/web\/2024\/07\/31\/el-bus-urba-de-la-bisbal-del-penedes-duplica-els-usuaris-el-2024\/\" class=\"more-link\">Read More<\/a><\/p>\n","protected":false},"author":4,"featured_media":31267,"comment_status":"closed","ping_status":"closed","sticky":false,"template":"","format":"standard","meta":[],"categories":[3859,8],"tags":[459,77,821,393,1374,184,3355,452],"_links":{"self":[{"href":"https:\/\/bisbalpenedes.com\/web\/wp-json\/wp\/v2\/posts\/31264"}],"collection":[{"href":"https:\/\/bisbalpenedes.com\/web\/wp-json\/wp\/v2\/posts"}],"about":[{"href":"https:\/\/bisbalpenedes.com\/web\/wp-json\/wp\/v2\/types\/post"}],"author":[{"embeddable":true,"href":"https:\/\/bisbalpenedes.com\/web\/wp-json\/wp\/v2\/users\/4"}],"replies":[{"embeddable":true,"href":"https:\/\/bisbalpenedes.com\/web\/wp-json\/wp\/v2\/comments?post=31264"}],"version-history":[{"count":3,"href":"https:\/\/bisbalpenedes.com\/web\/wp-json\/wp\/v2\/posts\/31264\/revisions"}],"predecessor-version":[{"id":31338,"href":"https:\/\/bisbalpenedes.com\/web\/wp-json\/wp\/v2\/posts\/31264\/revisions\/31338"}],"wp:featuredmedia":[{"embeddable":true,"href":"https:\/\/bisbalpenedes.com\/web\/wp-json\/wp\/v2\/media\/31267"}],"wp:attachment":[{"href":"https:\/\/bisbalpenedes.com\/web\/wp-json\/wp\/v2\/media?parent=31264"}],"wp:term":[{"taxonomy":"category","embeddable":true,"href":"https:\/\/bisbalpenedes.com\/web\/wp-json\/wp\/v2\/categories?post=31264"},{"taxonomy":"post_tag","embeddable":true,"href":"https:\/\/bisbalpenedes.com\/web\/wp-json\/wp\/v2\/tags?post=31264"}],"curies":[{"name":"wp","href":"https:\/\/api.w.org\/{rel}","templated":true}]}}