{"id":31251,"date":"2024-07-31T13:08:34","date_gmt":"2024-07-31T11:08:34","guid":{"rendered":"https:\/\/bisbalpenedes.com\/web\/?p=31251"},"modified":"2024-07-31T13:08:34","modified_gmt":"2024-07-31T11:08:34","slug":"sobre-una-convocatoria-per-cobrir-2-places-de-peo-de-neteja-a-lajuntament-de-la-bisbal-del-penedes","status":"publish","type":"post","link":"https:\/\/bisbalpenedes.com\/web\/2024\/07\/31\/sobre-una-convocatoria-per-cobrir-2-places-de-peo-de-neteja-a-lajuntament-de-la-bisbal-del-penedes\/","title":{"rendered":"<strong>S\u2019obre una convocat\u00f2ria per cobrir 2 places de pe\u00f3 de neteja a l\u2019Ajuntament de la Bisbal del Pened\u00e8s<\/strong>"},"content":{"rendered":"\n<p>L\u2019Ajuntament de la Bisbal del Pened\u00e8s obre la convocat\u00f2ria per a 2 places de pe\u00f3 de neteja, en r\u00e8gim laboral fix, a temps parcial, per concurs oposici\u00f3 a l\u2019Ajuntament de la Bisbal del Pened\u00e8s. Es tracta de dues places vacants a la plantilla de personal vigent, del grup AP.<\/p>\n\n\n\n<p>Les sol\u00b7licituds es podran presentar del dijous 1 d\u2019agost al divendres 30 d\u2019agost de 2024, ambd\u00f3s inclosos. Trobareu tota la informaci\u00f3 al Diari Oficial de la Generalitat (DOGC): <a href=\"https:\/\/portaldogc.gencat.cat\/utilsEADOP\/PDF\/9216\/2040725.pdf\">https:\/\/portaldogc.gencat.cat\/utilsEADOP\/PDF\/9216\/2040725.pdf<\/a><\/p>\n\n\n\n<p>Les funcions d\u2019aquest lloc de feina seran: mantenir en adequades condicions d\u2019\u00fas els espais de les instal\u00b7lacions municipals quant a neteja i higiene; custodiar els instruments i els productes de neteja; mantenir els elements i els productes sanitaris pertinents als diferents edificis municipals; col\u00b7laborar amb les tasques de vigil\u00e0ncia de les instal\u00b7lacions municipals pel que fa a l\u2019obertura, el tancament i el control d\u2019accessos; vetllar pel bon funcionament de les instal\u00b7lacions municipals, alertant de les possibles incid\u00e8ncies i qualsevol altra funci\u00f3 que els sigui encomanada d\u2019acord amb el seu nivell de titulaci\u00f3 i grup de classificaci\u00f3 professional.<\/p>\n\n\n\n<hr class=\"wp-block-separator has-alpha-channel-opacity\"\/>\n\n\n\n<h2><strong>Se abre una convocatoria para cubrir 2 plazas de pe\u00f3n de limpieza en el Ajuntament de la Bisbal del Pened\u00e8s<\/strong><\/h2>\n\n\n\n<p>El Ajuntament de la Bisbal del Pened\u00e8s abre la convocatoria para 2 plazas de pe\u00f3n de limpieza, en r\u00e9gimen laboral fijo, a tiempo parcial, por concurso oposici\u00f3n en el Ajuntament de la Bisbal del Pened\u00e8s. Se trata de dos plazas vacantes en la plantilla de personal vigente, del grupo AP.<\/p>\n\n\n\n<p>Las solicitudes se podr\u00e1n presentar del jueves 1 de agosto al viernes 30 de agosto de 2024, ambos incluidos. Encontrar\u00e9is toda la informaci\u00f3n en el Diari Oficial de la Generalitat (DOGC): <a href=\"https:\/\/portaldogc.gencat.cat\/utilsEADOP\/PDF\/9216\/2040725.pdf\">https:\/\/portaldogc.gencat.cat\/utilsEADOP\/PDF\/9216\/2040725.pdf<\/a><\/p>\n\n\n\n<p>Las funciones de este puesto de trabajo ser\u00e1n: mantener en adecuadas condiciones de uso los espacios de las instalaciones municipales en cuanto a limpieza e higiene; custodiar los instrumentos y los productos de limpieza; mantener los elementos y los productos sanitarios pertinentes en los diferentes edificios municipales; colaborar con las tareas de vigilancia de las instalaciones municipales en lo que respecta a la apertura, el cierre y el control de accesos; velar por el buen funcionamiento de las instalaciones municipales, alertando de las posibles incidencias y cualquier otra funci\u00f3n que les sea encomendada de acuerdo con su nivel de titulaci\u00f3n y grupo de clasificaci\u00f3n profesional.<\/p>\n","protected":false},"excerpt":{"rendered":"<p>L\u2019Ajuntament de la Bisbal del Pened\u00e8s obre la convocat\u00f2ria per a 2 places de pe\u00f3 de neteja, en r\u00e8gim laboral fix, a temps parcial, per concurs oposici\u00f3 a l\u2019Ajuntament de &hellip; <a href=\"https:\/\/bisbalpenedes.com\/web\/2024\/07\/31\/sobre-una-convocatoria-per-cobrir-2-places-de-peo-de-neteja-a-lajuntament-de-la-bisbal-del-penedes\/\" class=\"more-link\">Read More<\/a><\/p>\n","protected":false},"author":4,"featured_media":31252,"comment_status":"closed","ping_status":"closed","sticky":false,"template":"","format":"standard","meta":[],"categories":[2402,8,9],"tags":[459,393,5646,1834],"_links":{"self":[{"href":"https:\/\/bisbalpenedes.com\/web\/wp-json\/wp\/v2\/posts\/31251"}],"collection":[{"href":"https:\/\/bisbalpenedes.com\/web\/wp-json\/wp\/v2\/posts"}],"about":[{"href":"https:\/\/bisbalpenedes.com\/web\/wp-json\/wp\/v2\/types\/post"}],"author":[{"embeddable":true,"href":"https:\/\/bisbalpenedes.com\/web\/wp-json\/wp\/v2\/users\/4"}],"replies":[{"embeddable":true,"href":"https:\/\/bisbalpenedes.com\/web\/wp-json\/wp\/v2\/comments?post=31251"}],"version-history":[{"count":1,"href":"https:\/\/bisbalpenedes.com\/web\/wp-json\/wp\/v2\/posts\/31251\/revisions"}],"predecessor-version":[{"id":31253,"href":"https:\/\/bisbalpenedes.com\/web\/wp-json\/wp\/v2\/posts\/31251\/revisions\/31253"}],"wp:featuredmedia":[{"embeddable":true,"href":"https:\/\/bisbalpenedes.com\/web\/wp-json\/wp\/v2\/media\/31252"}],"wp:attachment":[{"href":"https:\/\/bisbalpenedes.com\/web\/wp-json\/wp\/v2\/media?parent=31251"}],"wp:term":[{"taxonomy":"category","embeddable":true,"href":"https:\/\/bisbalpenedes.com\/web\/wp-json\/wp\/v2\/categories?post=31251"},{"taxonomy":"post_tag","embeddable":true,"href":"https:\/\/bisbalpenedes.com\/web\/wp-json\/wp\/v2\/tags?post=31251"}],"curies":[{"name":"wp","href":"https:\/\/api.w.org\/{rel}","templated":true}]}}