{"id":31182,"date":"2024-07-29T06:00:00","date_gmt":"2024-07-29T04:00:00","guid":{"rendered":"https:\/\/bisbalpenedes.com\/web\/?p=31182"},"modified":"2024-07-28T22:48:18","modified_gmt":"2024-07-28T20:48:18","slug":"la-junta-de-govern-davui-dilluns-conte-tres-propostes-amb-competencia-del-ple-delegada-a-la-junta","status":"publish","type":"post","link":"https:\/\/bisbalpenedes.com\/web\/2024\/07\/29\/la-junta-de-govern-davui-dilluns-conte-tres-propostes-amb-competencia-del-ple-delegada-a-la-junta\/","title":{"rendered":"<strong>La Junta de Govern d\u2019avui dilluns cont\u00e9 tres propostes amb compet\u00e8ncia del Ple delegada a la Junta<\/strong>"},"content":{"rendered":"\n<p>Aquest dilluns 29 de juliol tindr\u00e0 lloc una Junta de govern que cont\u00e9 tres propostes amb compet\u00e8ncia del Ple delegada a la Junta, segons l&#8217;acord plenari del 6 de juliol de 2023.<\/p>\n\n\n\n<p>S\u00f3n els seg\u00fcents:<\/p>\n\n\n\n<ul><li>Certificaci\u00f3 n\u00famero 7 de les obres de millora de les infraestructures del barri de la Riba<\/li><li>Certificaci\u00f3 n\u00famero 7 de les obres de la fassina<\/li><li>Tercera modificaci\u00f3 del contracte d&#8217;obres de la Riba<br><\/li><\/ul>\n\n\n\n<p>Les Sessions de la Junta de Govern Local no s\u00f3n p\u00fabliques, per\u00f2 quan actua en compet\u00e8ncies delegades del Ple, la Sessi\u00f3 se sotmet als mateixos requisits de publicitat de les Sessions del Ple, que s\u00f3n p\u00fabliques. Aix\u00ed ho va declarar la STS 161\/2013, de 26 de setembre.<\/p>\n\n\n\n<p>Per aquest motiu, a les 10:45h, s&#8217;obriran les portes de la sala de plens per tal que hi pugui assistir p\u00fablic i aquests punts de l&#8217;ordre del dia es gravaran i posteriorment es publicar\u00e0 el v\u00eddeo a la seu electr\u00f2nica per garantir la seva publicitat.<\/p>\n\n\n\n<hr class=\"wp-block-separator has-alpha-channel-opacity\"\/>\n\n\n\n<p><strong>La Junta de Gobierno de hoy lunes contiene tres propuestas con competencia del Pleno delegada a la Junta<\/strong><\/p>\n\n\n\n<p>Este lunes 29 de julio tendr\u00e1 lugar una Junta de Gobierno que contiene tres propuestas con competencia del Pleno delegada a la Junta, seg\u00fan el acuerdo plenario del 6 de julio de 2023.<\/p>\n\n\n\n<p>Son las siguientes:<\/p>\n\n\n\n<ul><li>Certificaci\u00f3n n\u00famero 7 de las obras de mejora de las infraestructuras del barrio de la Riba<\/li><li>Certificaci\u00f3n n\u00famero 7 de las obras de la \u2018fassina\u2019<\/li><li>Tercera modificaci\u00f3n del contrato de obras de la Riba<\/li><\/ul>\n\n\n\n<p>Las Sesiones de la Junta de Gobierno Local no son p\u00fablicas, pero cuando act\u00faa en competencias delegadas del Pleno, la Sesi\u00f3n se somete a los mismos requisitos de publicidad de las Sesiones del Pleno, que son p\u00fablicas. As\u00ed lo declar\u00f3 la STS 161\/2013, de 26 de septiembre.<\/p>\n\n\n\n<p>Por este motivo, a las 10:45h, se abrir\u00e1n las puertas de la sala de plenos para que pueda asistir p\u00fablico y estos puntos del orden del d\u00eda se grabar\u00e1n y posteriormente se publicar\u00e1 el v\u00eddeo en la sede electr\u00f3nica para garantizar su publicidad.<\/p>\n","protected":false},"excerpt":{"rendered":"<p>Aquest dilluns 29 de juliol tindr\u00e0 lloc una Junta de govern que cont\u00e9 tres propostes amb compet\u00e8ncia del Ple delegada a la Junta, segons l&#8217;acord plenari del 6 de juliol &hellip; <a href=\"https:\/\/bisbalpenedes.com\/web\/2024\/07\/29\/la-junta-de-govern-davui-dilluns-conte-tres-propostes-amb-competencia-del-ple-delegada-a-la-junta\/\" class=\"more-link\">Read More<\/a><\/p>\n","protected":false},"author":4,"featured_media":31183,"comment_status":"closed","ping_status":"closed","sticky":false,"template":"","format":"standard","meta":[],"categories":[2402,3085,8],"tags":[686,393,3504],"_links":{"self":[{"href":"https:\/\/bisbalpenedes.com\/web\/wp-json\/wp\/v2\/posts\/31182"}],"collection":[{"href":"https:\/\/bisbalpenedes.com\/web\/wp-json\/wp\/v2\/posts"}],"about":[{"href":"https:\/\/bisbalpenedes.com\/web\/wp-json\/wp\/v2\/types\/post"}],"author":[{"embeddable":true,"href":"https:\/\/bisbalpenedes.com\/web\/wp-json\/wp\/v2\/users\/4"}],"replies":[{"embeddable":true,"href":"https:\/\/bisbalpenedes.com\/web\/wp-json\/wp\/v2\/comments?post=31182"}],"version-history":[{"count":1,"href":"https:\/\/bisbalpenedes.com\/web\/wp-json\/wp\/v2\/posts\/31182\/revisions"}],"predecessor-version":[{"id":31184,"href":"https:\/\/bisbalpenedes.com\/web\/wp-json\/wp\/v2\/posts\/31182\/revisions\/31184"}],"wp:featuredmedia":[{"embeddable":true,"href":"https:\/\/bisbalpenedes.com\/web\/wp-json\/wp\/v2\/media\/31183"}],"wp:attachment":[{"href":"https:\/\/bisbalpenedes.com\/web\/wp-json\/wp\/v2\/media?parent=31182"}],"wp:term":[{"taxonomy":"category","embeddable":true,"href":"https:\/\/bisbalpenedes.com\/web\/wp-json\/wp\/v2\/categories?post=31182"},{"taxonomy":"post_tag","embeddable":true,"href":"https:\/\/bisbalpenedes.com\/web\/wp-json\/wp\/v2\/tags?post=31182"}],"curies":[{"name":"wp","href":"https:\/\/api.w.org\/{rel}","templated":true}]}}