{"id":31175,"date":"2024-07-26T09:20:00","date_gmt":"2024-07-26T07:20:00","guid":{"rendered":"https:\/\/bisbalpenedes.com\/web\/?p=31175"},"modified":"2024-07-26T15:11:41","modified_gmt":"2024-07-26T13:11:41","slug":"avis-important-els-vestidors-de-la-piscina-estaran-temporalment-tancats","status":"publish","type":"post","link":"https:\/\/bisbalpenedes.com\/web\/2024\/07\/26\/avis-important-els-vestidors-de-la-piscina-estaran-temporalment-tancats\/","title":{"rendered":"Av\u00eds important: els vestidors de la piscina estaran temporalment tancats"},"content":{"rendered":"\n<p>AV\u00cdS IMPORTANT: Vestidors de la PISCINA temporalment tancats<\/p>\n\n\n\n<p>Fins a nou av\u00eds, els vestidors de la piscina romandran tancats. Ens hem vist obligats a tancar-los per realitzar tasques de manteniment i desembussament.<\/p>\n\n\n\n<p>Important: L&#8217;\u00fanic lavabo que romandr\u00e0 obert \u00e9s el de persones amb mobilitat redu\u00efda. Aquest lavabo estar\u00e0 disponible per a tots els usuaris durant aquest per\u00edode.<\/p>\n\n\n\n<p>Es prega als usuaris que NO llencin tovalloletes, bolquers ni cap objecte s\u00f2lid pels WC. Aquestes accions han provocat un greu problema d&#8217;obstrucci\u00f3 a les canonades que ara ens obliga a aixecar el terra dels vestidors per poder-lo resoldre.<\/p>\n\n\n\n<p>Agra\u00efm la vostra comprensi\u00f3 i col\u00b7laboraci\u00f3. Us mantindrem informats sobre la reobertura dels vestidors.<\/p>\n\n\n\n<figure class=\"wp-container-2 wp-block-gallery-1 wp-block-gallery has-nested-images columns-default is-cropped\">\n<figure class=\"wp-block-image size-large\"><img loading=\"lazy\" width=\"768\" height=\"1024\" data-id=\"31177\"  src=\"https:\/\/bisbalpenedes.com\/web\/wp-content\/uploads\/2024\/07\/8345f1db-eb4e-4344-ad0c-f4034541436e-768x1024.jpeg\" alt=\"\" class=\"wp-image-31177\" srcset=\"https:\/\/bisbalpenedes.com\/web\/wp-content\/uploads\/2024\/07\/8345f1db-eb4e-4344-ad0c-f4034541436e-768x1024.jpeg 768w, https:\/\/bisbalpenedes.com\/web\/wp-content\/uploads\/2024\/07\/8345f1db-eb4e-4344-ad0c-f4034541436e-225x300.jpeg 225w, https:\/\/bisbalpenedes.com\/web\/wp-content\/uploads\/2024\/07\/8345f1db-eb4e-4344-ad0c-f4034541436e-1152x1536.jpeg 1152w, https:\/\/bisbalpenedes.com\/web\/wp-content\/uploads\/2024\/07\/8345f1db-eb4e-4344-ad0c-f4034541436e-600x800.jpeg 600w, https:\/\/bisbalpenedes.com\/web\/wp-content\/uploads\/2024\/07\/8345f1db-eb4e-4344-ad0c-f4034541436e.jpeg 1536w\" sizes=\"(max-width: 768px) 100vw, 768px\" \/><\/figure>\n\n\n\n<figure class=\"wp-block-image size-large\"><img loading=\"lazy\" width=\"768\" height=\"1024\" data-id=\"31178\"  src=\"https:\/\/bisbalpenedes.com\/web\/wp-content\/uploads\/2024\/07\/aba6329c-b5f9-4c8e-a9ed-ee0ebae3bbe8-768x1024.jpeg\" alt=\"\" class=\"wp-image-31178\" srcset=\"https:\/\/bisbalpenedes.com\/web\/wp-content\/uploads\/2024\/07\/aba6329c-b5f9-4c8e-a9ed-ee0ebae3bbe8-768x1024.jpeg 768w, https:\/\/bisbalpenedes.com\/web\/wp-content\/uploads\/2024\/07\/aba6329c-b5f9-4c8e-a9ed-ee0ebae3bbe8-225x300.jpeg 225w, https:\/\/bisbalpenedes.com\/web\/wp-content\/uploads\/2024\/07\/aba6329c-b5f9-4c8e-a9ed-ee0ebae3bbe8-1152x1536.jpeg 1152w, https:\/\/bisbalpenedes.com\/web\/wp-content\/uploads\/2024\/07\/aba6329c-b5f9-4c8e-a9ed-ee0ebae3bbe8-600x800.jpeg 600w, https:\/\/bisbalpenedes.com\/web\/wp-content\/uploads\/2024\/07\/aba6329c-b5f9-4c8e-a9ed-ee0ebae3bbe8.jpeg 1536w\" sizes=\"(max-width: 768px) 100vw, 768px\" \/><\/figure>\n<\/figure>\n\n\n\n<hr class=\"wp-block-separator has-alpha-channel-opacity\"\/>\n\n\n\n<p>AVISO IMPORTANTE: Vestuarios de la PISCINA temporalmente cerrados<\/p>\n\n\n\n<p>Hasta nuevo aviso, los vestuarios de la piscina permanecer\u00e1n cerrados. Nos hemos visto obligados a cerrarlos para realizar tareas de mantenimiento y desatasco.<\/p>\n\n\n\n<p><strong>Importante:<\/strong> El \u00fanico aseo que permanecer\u00e1 abierto es el de personas con movilidad reducida. Este aseo estar\u00e1 disponible para todos los usuarios durante este periodo.<\/p>\n\n\n\n<p>Se ruega a los usuarios que NO arrojen toallitas, pa\u00f1ales ni ning\u00fan objeto s\u00f3lido por los WC. Estas acciones han provocado un grave problema de obstrucci\u00f3n en las tuber\u00edas que ahora nos obliga a levantar el suelo de los vestuarios para poder resolverlo.<\/p>\n\n\n\n<p>Agradecemos su comprensi\u00f3n y colaboraci\u00f3n. Les mantendremos informados sobre la reapertura de los vestuarios.<\/p>\n","protected":false},"excerpt":{"rendered":"<p>AV\u00cdS IMPORTANT: Vestidors de la PISCINA temporalment tancats Fins a nou av\u00eds, els vestidors de la piscina romandran tancats. Ens hem vist obligats a tancar-los per realitzar tasques de manteniment &hellip; <a href=\"https:\/\/bisbalpenedes.com\/web\/2024\/07\/26\/avis-important-els-vestidors-de-la-piscina-estaran-temporalment-tancats\/\" class=\"more-link\">Read More<\/a><\/p>\n","protected":false},"author":4,"featured_media":31176,"comment_status":"closed","ping_status":"closed","sticky":false,"template":"","format":"standard","meta":[],"categories":[19,8],"tags":[459,393,74,266],"_links":{"self":[{"href":"https:\/\/bisbalpenedes.com\/web\/wp-json\/wp\/v2\/posts\/31175"}],"collection":[{"href":"https:\/\/bisbalpenedes.com\/web\/wp-json\/wp\/v2\/posts"}],"about":[{"href":"https:\/\/bisbalpenedes.com\/web\/wp-json\/wp\/v2\/types\/post"}],"author":[{"embeddable":true,"href":"https:\/\/bisbalpenedes.com\/web\/wp-json\/wp\/v2\/users\/4"}],"replies":[{"embeddable":true,"href":"https:\/\/bisbalpenedes.com\/web\/wp-json\/wp\/v2\/comments?post=31175"}],"version-history":[{"count":1,"href":"https:\/\/bisbalpenedes.com\/web\/wp-json\/wp\/v2\/posts\/31175\/revisions"}],"predecessor-version":[{"id":31179,"href":"https:\/\/bisbalpenedes.com\/web\/wp-json\/wp\/v2\/posts\/31175\/revisions\/31179"}],"wp:featuredmedia":[{"embeddable":true,"href":"https:\/\/bisbalpenedes.com\/web\/wp-json\/wp\/v2\/media\/31176"}],"wp:attachment":[{"href":"https:\/\/bisbalpenedes.com\/web\/wp-json\/wp\/v2\/media?parent=31175"}],"wp:term":[{"taxonomy":"category","embeddable":true,"href":"https:\/\/bisbalpenedes.com\/web\/wp-json\/wp\/v2\/categories?post=31175"},{"taxonomy":"post_tag","embeddable":true,"href":"https:\/\/bisbalpenedes.com\/web\/wp-json\/wp\/v2\/tags?post=31175"}],"curies":[{"name":"wp","href":"https:\/\/api.w.org\/{rel}","templated":true}]}}