{"id":31170,"date":"2024-07-26T14:59:22","date_gmt":"2024-07-26T12:59:22","guid":{"rendered":"https:\/\/bisbalpenedes.com\/web\/?p=31170"},"modified":"2024-07-26T15:02:18","modified_gmt":"2024-07-26T13:02:18","slug":"consulta-de-dades-al-cens-de-les-persones-amb-dret-a-participar-en-la-consulta-popular-no-referendaria-a-iniciativa-ciutadana","status":"publish","type":"post","link":"https:\/\/bisbalpenedes.com\/web\/2024\/07\/26\/consulta-de-dades-al-cens-de-les-persones-amb-dret-a-participar-en-la-consulta-popular-no-referendaria-a-iniciativa-ciutadana\/","title":{"rendered":"Consulta de dades al cens de les persones amb dret a participar en la consulta popular no referend\u00e0ria a iniciativa ciutadana"},"content":{"rendered":"\n<p>Amb motiu de la consulta popular no vinculant a iniciativa ciutadana, sobre el projecte de la nova zona industrial \u201cles planes del vent\u201d de l\u20191 de setembre de 2024, i en compliment de l\u2019article 12 de les Regles espec\u00edfiques per la convocat\u00f2ria d\u2019aquesta consulta, des del dilluns 29 de juliol i fins 2 setmanes abans de la consulta, les persones amb dret a participar poden consultar les seves dades d\u2019inscripci\u00f3. Per consultar-les, s\u2019han de dirigir a la Secretaria General de l&#8217;Ajuntament.<\/p>\n\n\n\n<p>Quines s\u00f3n les persones amb dret a participar:<\/p>\n\n\n\n<ul><li> totes les persones majors de setze anys amb resid\u00e8ncia legal inscrites al padr\u00f3 municipal d&#8217;habitants del nucli i la urbanitzaci\u00f3 de la Miralba de La Bisbal del Pened\u00e8s, a data de 17 de juliol de 2024.<\/li><li> totes les persones nascudes entre el 18\/07\/2008 i l&#8217;01\/09\/2008 (ambdues incloses) amb resid\u00e8ncia legal inscrites al padr\u00f3 municipal d&#8217;habitants del nucli i la urbanitzaci\u00f3 de la Miralba de La Bisbal del Pened\u00e8s, en data 17 de juliol de 2024.&nbsp;<\/li><\/ul>\n\n\n\n<p>Podeu&nbsp;consultar les regles espec\u00edfiques de la consulta popular no referend\u00e0ria a iniciativa ciutadana&nbsp;a la publicaci\u00f3 del DOGC (Diari Oficial de la Generalitat de Catalunya) del divendres 26 de juliol:<\/p>\n\n\n\n<p><a href=\"https:\/\/dogc.gencat.cat\/ca\/document-del-dogc\/?documentId=991187\">https:\/\/dogc.gencat.cat\/ca\/document-del-dogc\/?documentId=991187<\/a><\/p>\n\n\n\n<hr class=\"wp-block-separator has-alpha-channel-opacity\"\/>\n\n\n\n<p><strong>Consulta de datos en el censo de las personas con derecho a participar en la consulta popular no referendaria por iniciativa ciudadana<\/strong><\/p>\n\n\n\n<p>Con motivo de la consulta popular no vinculante por iniciativa ciudadana, sobre el proyecto de la nueva zona industrial &#8220;les planes del vent&#8221; del 1 de septiembre de 2024, y en cumplimiento del art\u00edculo 12 de las Reglas espec\u00edficas para la convocatoria de esta consulta, desde el lunes 29 de julio y hasta 2 semanas antes de la consulta, las personas con derecho a participar pueden consultar sus datos de inscripci\u00f3n. Para consultarlos, deben dirigirse a la Secretar\u00eda General del Ayuntamiento.&nbsp;<\/p>\n\n\n\n<p>Qui\u00e9nes son las personas con derecho a participar:<\/p>\n\n\n\n<ul><li> todas las personas mayores de diecis\u00e9is a\u00f1os con residencia legal inscritas en el padr\u00f3n municipal de habitantes del n\u00facleo y la urbanizaci\u00f3n de la Miralba de La Bisbal del Pened\u00e8s, a fecha &nbsp;de 17 de julio de 2024.<\/li><li> todas las personas nacidas entre el 18\/07\/2008 y el 01\/09\/2008 (ambas incluidas) con residencia legal inscritas en el padr\u00f3n municipal de habitantes del n\u00facleo y la urbanizaci\u00f3n de la Miralba de La Bisbal del Pened\u00e8s, a fecha 17 de julio de 2024.<\/li><\/ul>\n\n\n\n<p>Pueden consultar las reglas espec\u00edficas de la consulta popular no referendaria por iniciativa ciudadana&nbsp;en la publicaci\u00f3n del DOGC (Diario Oficial de la Generalitat de Catalu\u00f1a) del viernes 26 de julio:<\/p>\n\n\n\n<p><a href=\"https:\/\/dogc.gencat.cat\/ca\/document-del-dogc\/?documentId=991187\">https:\/\/dogc.gencat.cat\/ca\/document-del-dogc\/?documentId=991187<\/a><\/p>\n","protected":false},"excerpt":{"rendered":"<p>Amb motiu de la consulta popular no vinculant a iniciativa ciutadana, sobre el projecte de la nova zona industrial \u201cles planes del vent\u201d de l\u20191 de setembre de 2024, i &hellip; <a href=\"https:\/\/bisbalpenedes.com\/web\/2024\/07\/26\/consulta-de-dades-al-cens-de-les-persones-amb-dret-a-participar-en-la-consulta-popular-no-referendaria-a-iniciativa-ciutadana\/\" class=\"more-link\">Read More<\/a><\/p>\n","protected":false},"author":4,"featured_media":31171,"comment_status":"closed","ping_status":"closed","sticky":false,"template":"","format":"standard","meta":[],"categories":[2057,8],"tags":[1252,6760,6753,5008],"_links":{"self":[{"href":"https:\/\/bisbalpenedes.com\/web\/wp-json\/wp\/v2\/posts\/31170"}],"collection":[{"href":"https:\/\/bisbalpenedes.com\/web\/wp-json\/wp\/v2\/posts"}],"about":[{"href":"https:\/\/bisbalpenedes.com\/web\/wp-json\/wp\/v2\/types\/post"}],"author":[{"embeddable":true,"href":"https:\/\/bisbalpenedes.com\/web\/wp-json\/wp\/v2\/users\/4"}],"replies":[{"embeddable":true,"href":"https:\/\/bisbalpenedes.com\/web\/wp-json\/wp\/v2\/comments?post=31170"}],"version-history":[{"count":3,"href":"https:\/\/bisbalpenedes.com\/web\/wp-json\/wp\/v2\/posts\/31170\/revisions"}],"predecessor-version":[{"id":31396,"href":"https:\/\/bisbalpenedes.com\/web\/wp-json\/wp\/v2\/posts\/31170\/revisions\/31396"}],"wp:featuredmedia":[{"embeddable":true,"href":"https:\/\/bisbalpenedes.com\/web\/wp-json\/wp\/v2\/media\/31171"}],"wp:attachment":[{"href":"https:\/\/bisbalpenedes.com\/web\/wp-json\/wp\/v2\/media?parent=31170"}],"wp:term":[{"taxonomy":"category","embeddable":true,"href":"https:\/\/bisbalpenedes.com\/web\/wp-json\/wp\/v2\/categories?post=31170"},{"taxonomy":"post_tag","embeddable":true,"href":"https:\/\/bisbalpenedes.com\/web\/wp-json\/wp\/v2\/tags?post=31170"}],"curies":[{"name":"wp","href":"https:\/\/api.w.org\/{rel}","templated":true}]}}