{"id":31158,"date":"2024-07-24T10:35:18","date_gmt":"2024-07-24T08:35:18","guid":{"rendered":"https:\/\/bisbalpenedes.com\/web\/?p=31158"},"modified":"2024-07-24T10:35:18","modified_gmt":"2024-07-24T08:35:18","slug":"la-bisbal-del-penedes-completa-la-modernitzacio-de-lenllumenat-public-al-papagai","status":"publish","type":"post","link":"https:\/\/bisbalpenedes.com\/web\/2024\/07\/24\/la-bisbal-del-penedes-completa-la-modernitzacio-de-lenllumenat-public-al-papagai\/","title":{"rendered":"<strong>La Bisbal del Pened\u00e8s completa la modernitzaci\u00f3 de l&#8217;enllumenat p\u00fablic al Papagai<\/strong>"},"content":{"rendered":"\n<p>L&#8217;Ajuntament de la Bisbal del Pened\u00e8s ha concl\u00f2s la modernitzaci\u00f3 de l&#8217;enllumenat p\u00fablic a la urbanitzaci\u00f3 del Papagai, un projecte que es va iniciar el passat mes de juny, amb la contractaci\u00f3 del subministrament i la instal\u00b7laci\u00f3 de les llumin\u00e0ries, amb l&#8217;objectiu de millorar l&#8217;efici\u00e8ncia energ\u00e8tica i reduir l&#8217;impacte ambiental.<\/p>\n\n\n\n<p>La iniciativa, impulsada per la Regidoria de Medi Ambient, ha suposat la substituci\u00f3 dels antics llums de vapor de mercuri per 67 noves llumin\u00e0ries LED. Aquesta actualitzaci\u00f3 no nom\u00e9s compleix amb la normativa vigent en mat\u00e8ria d&#8217;efici\u00e8ncia energ\u00e8tica i protecci\u00f3 ambiental, sin\u00f3 que tamb\u00e9 permetr\u00e0 al municipi reduir significativament el consum i el cost associat a l&#8217;electricitat.<\/p>\n\n\n\n<p>El projecte ha tingut un cost total de 17.619,76\u20ac (IVA incl\u00f2s) i ha comptat amb una subvenci\u00f3 d\u201911.856,84\u20ac per a la Transici\u00f3 Energ\u00e8tica i l\u2019Acci\u00f3 Clim\u00e0tica de la Diputaci\u00f3 de Tarragona.<\/p>\n\n\n\n<p>Val a dir que aquesta inversi\u00f3 \u00e9s fruit de l\u2019auditoria de l\u2019enllumenat p\u00fablic realitzada el 2023, emmarcada en el Pla d\u2019Acci\u00f3 per l\u2019Energia Sostenible i el Clima (PAESC). Des de l\u2019Ajuntament de la Bisbal del Pened\u00e8s mantenim el nostre comprom\u00eds amb la sostenibilitat i l\u2019efici\u00e8ncia energ\u00e8tica, a m\u00e9s de millorar la qualitat de vida de la ciutadania amb actuacions com aquesta.<\/p>\n\n\n\n<hr class=\"wp-block-separator has-alpha-channel-opacity\"\/>\n\n\n\n<h2><strong>La Bisbal del Pened\u00e8s completa la modernizaci\u00f3n del alumbrado p\u00fablico en el Papagai<\/strong><\/h2>\n\n\n\n<p>El Ajuntament de la Bisbal del Pened\u00e8s ha concluido la modernizaci\u00f3n del alumbrado p\u00fablico en la urbanizaci\u00f3n del Papagai, un proyecto que se inici\u00f3 el pasado mes de junio, con la contrataci\u00f3n del suministro y la instalaci\u00f3n delas luminarias, con el objetivo de mejorar la eficiencia energ\u00e9tica y reducir el impacto ambiental.<\/p>\n\n\n\n<p>La iniciativa, impulsada por la Concejal\u00eda de Medio Ambiente, ha supuesto la sustituci\u00f3n de las antiguas l\u00e1mparas de vapor de mercurio por 67 nuevas luminarias LED. Esta actualizaci\u00f3n no solo cumple con la normativa vigente en materia de eficiencia energ\u00e9tica y protecci\u00f3n ambiental, sino que tambi\u00e9n permitir\u00e1 al municipio reducir significativamente el consumo y el coste asociado a la electricidad.<\/p>\n\n\n\n<p>El proyecto ha tenido un coste total de 17.619,76\u20ac (IVA incluido) y ha contado con una subvenci\u00f3n de 11.856,84\u20ac para la Transici\u00f3n Energ\u00e9tica y la Acci\u00f3n Clim\u00e1tica de la Diputaci\u00f3n de Tarragona.<\/p>\n\n\n\n<p>Cabe destacar que esta inversi\u00f3n es fruto de la auditor\u00eda del alumbrado p\u00fablico realizada en 2023, enmarcada en el Plan de Acci\u00f3n para la Energ\u00eda Sostenible y el Clima (PAESC). Desde el Ajuntament de la Bisbal del Pened\u00e8s mantenemos nuestro compromiso con la sostenibilidad y la eficiencia energ\u00e9tica, adem\u00e1s de mejorar la calidad de vida de la ciudadan\u00eda con actuaciones como esta.<\/p>\n","protected":false},"excerpt":{"rendered":"<p>L&#8217;Ajuntament de la Bisbal del Pened\u00e8s ha concl\u00f2s la modernitzaci\u00f3 de l&#8217;enllumenat p\u00fablic a la urbanitzaci\u00f3 del Papagai, un projecte que es va iniciar el passat mes de juny, amb &hellip; <a href=\"https:\/\/bisbalpenedes.com\/web\/2024\/07\/24\/la-bisbal-del-penedes-completa-la-modernitzacio-de-lenllumenat-public-al-papagai\/\" class=\"more-link\">Read More<\/a><\/p>\n","protected":false},"author":4,"featured_media":31159,"comment_status":"closed","ping_status":"closed","sticky":false,"template":"","format":"standard","meta":[],"categories":[4287,32,8],"tags":[710,393,5671,6678,4949,220,24],"_links":{"self":[{"href":"https:\/\/bisbalpenedes.com\/web\/wp-json\/wp\/v2\/posts\/31158"}],"collection":[{"href":"https:\/\/bisbalpenedes.com\/web\/wp-json\/wp\/v2\/posts"}],"about":[{"href":"https:\/\/bisbalpenedes.com\/web\/wp-json\/wp\/v2\/types\/post"}],"author":[{"embeddable":true,"href":"https:\/\/bisbalpenedes.com\/web\/wp-json\/wp\/v2\/users\/4"}],"replies":[{"embeddable":true,"href":"https:\/\/bisbalpenedes.com\/web\/wp-json\/wp\/v2\/comments?post=31158"}],"version-history":[{"count":1,"href":"https:\/\/bisbalpenedes.com\/web\/wp-json\/wp\/v2\/posts\/31158\/revisions"}],"predecessor-version":[{"id":31160,"href":"https:\/\/bisbalpenedes.com\/web\/wp-json\/wp\/v2\/posts\/31158\/revisions\/31160"}],"wp:featuredmedia":[{"embeddable":true,"href":"https:\/\/bisbalpenedes.com\/web\/wp-json\/wp\/v2\/media\/31159"}],"wp:attachment":[{"href":"https:\/\/bisbalpenedes.com\/web\/wp-json\/wp\/v2\/media?parent=31158"}],"wp:term":[{"taxonomy":"category","embeddable":true,"href":"https:\/\/bisbalpenedes.com\/web\/wp-json\/wp\/v2\/categories?post=31158"},{"taxonomy":"post_tag","embeddable":true,"href":"https:\/\/bisbalpenedes.com\/web\/wp-json\/wp\/v2\/tags?post=31158"}],"curies":[{"name":"wp","href":"https:\/\/api.w.org\/{rel}","templated":true}]}}