{"id":31145,"date":"2024-07-23T12:52:03","date_gmt":"2024-07-23T10:52:03","guid":{"rendered":"https:\/\/bisbalpenedes.com\/web\/?p=31145"},"modified":"2024-07-23T13:13:12","modified_gmt":"2024-07-23T11:13:12","slug":"shan-encomanat-els-treballs-delaboracio-de-lescultura-dhomenatge-i-agraiment-a-les-persones-donant-de-sang-de-la-bisbal-del-penedes","status":"publish","type":"post","link":"https:\/\/bisbalpenedes.com\/web\/2024\/07\/23\/shan-encomanat-els-treballs-delaboracio-de-lescultura-dhomenatge-i-agraiment-a-les-persones-donant-de-sang-de-la-bisbal-del-penedes\/","title":{"rendered":"S\u2019han encomanat els treballs d\u2019elaboraci\u00f3 de l\u2019escultura d\u2019homenatge i agra\u00efment a les persones donants de sang de La Bisbal del Pened\u00e8s"},"content":{"rendered":"\n<p>La Junta de Govern de l\u2019Ajuntament de la Bisbal del Pened\u00e8s ha aprovat, a petici\u00f3 de la Regidoria de Sanitat, el contracte menor amb l\u2019empresa Pedres de ponent SL, per a l\u2019elaboraci\u00f3 i instal\u00b7laci\u00f3 d\u2019una escultura d\u2019homenatge i agra\u00efment a les persones donants de sang de La Bisbal del Pened\u00e8s. Aquesta obra ha estat dissenyada per l\u2019escultora bisbalenca Layla Alexia Dom\u00e9nech Ochotorena, a petici\u00f3 de l\u2019Ajuntament de la Bisbal del Pened\u00e8s, i s\u2019ubicar\u00e0 al davant del consultori m\u00e8dic.<\/p>\n\n\n\n<p>L\u2019obra ser\u00e0 de roca arenosa i tindr\u00e0 uns 2 metres d\u2019alt per 1,5 metres de llarg. El cost de l\u2019elaboraci\u00f3 i instal\u00b7laci\u00f3 de l\u2019obra ascendeix a 5.459,52\u20ac (IVA incl\u00f2s).<\/p>\n\n\n\n<p>Pedres de ponent \u00e9s una empresa familiar que, al llarg de tres generacions, ha adquirit una gran experi\u00e8ncia en el cap de la talla de la pedra en tots els seus aspectes. A l\u2019empresa compten amb el mestre picapedrer Feliu Mart\u00edn, que va aprendre l\u2019ofici del seu pare i del seu avi i que ja fa m\u00e9s de 26 anys &nbsp;que dona forma i vida a les pedres. De fet, durant 16 anys ha treballat com a responsable cap dels pedrers de la Sagrada Fam\u00edlia de Barcelona, on tamb\u00e9 va ser assessor del temple en tot all\u00f2 que tenia relaci\u00f3 amb la pedra.<\/p>\n\n\n\n<p>El monument en homenatge i agra\u00efment a les persones donants de sang es construir\u00e0 a proposta de l\u2019Associaci\u00f3 de Donants de Sang del Baix Pened\u00e8s amb l\u2019objectiu de fer un reconeixement social al seu gest altruista i solidari, que beneficia tota la poblaci\u00f3.<\/p>\n\n\n\n<figure class=\"wp-block-image size-large\"><img loading=\"lazy\" width=\"1024\" height=\"682\" src=\"https:\/\/bisbalpenedes.com\/web\/wp-content\/uploads\/2024\/07\/CONSULTORI-LA-BISBAL-a-mida-gran-1024x682.jpeg\" alt=\"\" class=\"wp-image-31150\" srcset=\"https:\/\/bisbalpenedes.com\/web\/wp-content\/uploads\/2024\/07\/CONSULTORI-LA-BISBAL-a-mida-gran-1024x682.jpeg 1024w, https:\/\/bisbalpenedes.com\/web\/wp-content\/uploads\/2024\/07\/CONSULTORI-LA-BISBAL-a-mida-gran-300x200.jpeg 300w, https:\/\/bisbalpenedes.com\/web\/wp-content\/uploads\/2024\/07\/CONSULTORI-LA-BISBAL-a-mida-gran-768x512.jpeg 768w, https:\/\/bisbalpenedes.com\/web\/wp-content\/uploads\/2024\/07\/CONSULTORI-LA-BISBAL-a-mida-gran-600x400.jpeg 600w, https:\/\/bisbalpenedes.com\/web\/wp-content\/uploads\/2024\/07\/CONSULTORI-LA-BISBAL-a-mida-gran.jpeg 1280w\" sizes=\"(max-width: 1024px) 100vw, 1024px\" \/><\/figure>\n\n\n\n<hr class=\"wp-block-separator has-alpha-channel-opacity\"\/>\n\n\n\n<p><strong>Se han encargado los trabajos de elaboraci\u00f3n de la escultura de homenaje y agradecimiento a las personas donantes de sangre de La Bisbal del Pened\u00e8s<\/strong><\/p>\n\n\n\n<p>La Junta de Gobierno del Ajuntament de La Bisbal del Pened\u00e8s ha aprobado, a petici\u00f3n de la Concejal\u00eda de Sanidad, el contrato menor con la empresa Pedres de ponent SL, para la elaboraci\u00f3n e instalaci\u00f3n de una escultura de homenaje y agradecimiento a las personas donantes de sangre de La Bisbal del Pened\u00e8s. Esta obra ha sido dise\u00f1ada por la escultora bisbalenca Layla Alexia Dom\u00e9nech Ochotorena, a petici\u00f3n del Ajuntament de La Bisbal del Pened\u00e8s, y se ubicar\u00e1 delante del consultorio m\u00e9dico.<\/p>\n\n\n\n<p>La obra ser\u00e1 de roca arenisca y tendr\u00e1 unos 2 metros de alto por 1,5 metros de largo. El coste de la elaboraci\u00f3n e instalaci\u00f3n de la obra asciende a 5.459,52\u20ac (IVA incluido).<\/p>\n\n\n\n<p>Pedres de ponent es una empresa familiar que, a lo largo de tres generaciones, ha adquirido una gran experiencia en el campo de la talla de la piedra en todos sus aspectos. En la empresa cuentan con el maestro cantero Feliu Mart\u00edn, que aprendi\u00f3 el oficio de su padre y de su abuelo y que ya lleva m\u00e1s de 26 a\u00f1os dando forma y vida a las piedras. De hecho, durante 16 a\u00f1os ha trabajado como responsable jefe de los canteros de la Sagrada Familia de Barcelona, donde tambi\u00e9n fue asesor del templo en todo lo relacionado con la piedra.<\/p>\n\n\n\n<p>El monumento en homenaje y agradecimiento a las personas donantes de sangre se construir\u00e1 a propuesta de la Asociaci\u00f3n de Donantes de Sangre del Baix Pened\u00e8s con el objetivo de hacer un reconocimiento social a su gesto altruista y solidario, que beneficia a toda la poblaci\u00f3n.<\/p>\n","protected":false},"excerpt":{"rendered":"<p>La Junta de Govern de l\u2019Ajuntament de la Bisbal del Pened\u00e8s ha aprovat, a petici\u00f3 de la Regidoria de Sanitat, el contracte menor amb l\u2019empresa Pedres de ponent SL, per &hellip; <a href=\"https:\/\/bisbalpenedes.com\/web\/2024\/07\/23\/shan-encomanat-els-treballs-delaboracio-de-lescultura-dhomenatge-i-agraiment-a-les-persones-donant-de-sang-de-la-bisbal-del-penedes\/\" class=\"more-link\">Read More<\/a><\/p>\n","protected":false},"author":4,"featured_media":31146,"comment_status":"closed","ping_status":"closed","sticky":false,"template":"","format":"standard","meta":[],"categories":[8,14],"tags":[459,5597,1774,6758,393,1374,28],"_links":{"self":[{"href":"https:\/\/bisbalpenedes.com\/web\/wp-json\/wp\/v2\/posts\/31145"}],"collection":[{"href":"https:\/\/bisbalpenedes.com\/web\/wp-json\/wp\/v2\/posts"}],"about":[{"href":"https:\/\/bisbalpenedes.com\/web\/wp-json\/wp\/v2\/types\/post"}],"author":[{"embeddable":true,"href":"https:\/\/bisbalpenedes.com\/web\/wp-json\/wp\/v2\/users\/4"}],"replies":[{"embeddable":true,"href":"https:\/\/bisbalpenedes.com\/web\/wp-json\/wp\/v2\/comments?post=31145"}],"version-history":[{"count":5,"href":"https:\/\/bisbalpenedes.com\/web\/wp-json\/wp\/v2\/posts\/31145\/revisions"}],"predecessor-version":[{"id":31152,"href":"https:\/\/bisbalpenedes.com\/web\/wp-json\/wp\/v2\/posts\/31145\/revisions\/31152"}],"wp:featuredmedia":[{"embeddable":true,"href":"https:\/\/bisbalpenedes.com\/web\/wp-json\/wp\/v2\/media\/31146"}],"wp:attachment":[{"href":"https:\/\/bisbalpenedes.com\/web\/wp-json\/wp\/v2\/media?parent=31145"}],"wp:term":[{"taxonomy":"category","embeddable":true,"href":"https:\/\/bisbalpenedes.com\/web\/wp-json\/wp\/v2\/categories?post=31145"},{"taxonomy":"post_tag","embeddable":true,"href":"https:\/\/bisbalpenedes.com\/web\/wp-json\/wp\/v2\/tags?post=31145"}],"curies":[{"name":"wp","href":"https:\/\/api.w.org\/{rel}","templated":true}]}}