{"id":31118,"date":"2024-07-22T21:53:11","date_gmt":"2024-07-22T19:53:11","guid":{"rendered":"https:\/\/bisbalpenedes.com\/web\/?p=31118"},"modified":"2024-07-22T21:59:30","modified_gmt":"2024-07-22T19:59:30","slug":"convocada-la-consulta-popular-no-referendaria-sobre-les-planes-del-vent","status":"publish","type":"post","link":"https:\/\/bisbalpenedes.com\/web\/2024\/07\/22\/convocada-la-consulta-popular-no-referendaria-sobre-les-planes-del-vent\/","title":{"rendered":"Convocada la consulta popular no referendaria sobre Les Planes del Vent"},"content":{"rendered":"\n<h3><strong>Ser\u00e0 una consulta no vinculant, en la qual podran votar<\/strong> <strong>els habitants del Nucli i de la Miralba el pr\u00f2xim diumenge 1 de setembre entre les 9:00 i les 20:00 a l\u2019edifici de l\u2019Ajuntament de la Bisbal del Pened\u00e8s<\/strong><\/h3>\n\n\n\n<p><strong>Agn\u00e8s Ferr\u00e9,<\/strong> alcaldessa de la Bisbal del Pened\u00e8s, ha signat aquest mat\u00ed, 22 de juliol de 2024, el Decret de convocat\u00f2ria de la consulta sobre el Parc empresarial de les Planes del Vent. Es tracta d\u2019una <strong>consulta no referend\u00e0ria (i, per tant, no vinculant) per con\u00e8ixer l\u2019opini\u00f3<\/strong> dels ve\u00efns i ve\u00efnes.<\/p>\n\n\n\n<p>Les votacions tindran lloc <strong>diumenge 1 de setembre a la planta baixa de l\u2019Ajuntament (carrer Major, 21), entre les 9:00 i les 20:00 hores<\/strong>. Estan convocats a les urnes els ciutadans i les ciutadanes <strong>majors de 16 anys, empadronats al nucli de la Bisbal i a la Miralba<\/strong> abans de dimecres 17 de juliol de 2024.<\/p>\n\n\n\n<p>La pregunta que es formula a la ciutadania \u00e9s: <em>Est\u00e0 d\u2019acord amb el canvi de classificaci\u00f3 dels terrenys agraris de la zona dels Masos per la construcci\u00f3 d\u2019un nou pol\u00edgon log\u00edstico-industrial a la Bisbal del Pened\u00e8s?<\/em><\/p>\n\n\n\n<p><strong>L\u2019Ajuntament de la Bisbal ha correspost a la iniciativa de la Comissi\u00f3 promotora<\/strong>, que el passat mes de febrer va presentar una sol\u00b7licitud per fer una consulta popular no referend\u00e0ria sobre les Planes del Vent. Aquest grup de ciutadans de la Bisbal van<strong> recollir 374 signatures, de les quals 63 no eren v\u00e0lides<\/strong>.<\/p>\n\n\n\n<p>Per aix\u00f2, <strong>despr\u00e9s de diverses reunions entre la Comissi\u00f3 i l\u2019Ajuntament,<\/strong> es realitzar\u00e0 aquesta la Consulta Popular No Referend\u00e0ria sobre les Planes del Vent.<\/p>\n\n\n\n<hr class=\"wp-block-separator has-alpha-channel-opacity\"\/>\n\n\n\n<h1><strong>C<\/strong>onvocada la consulta popular no referendaria sobre Les Plenes del Vent<\/h1>\n\n\n\n<h3><strong>Ser\u00e1 una consulta no vinculante, en la que podr\u00e1n votar los habitantes del N\u00facleo y de la Miralba el pr\u00f3ximo domingo 1 de septiembre entre las 9:00 y las 20:00 en el edificio del Ayuntamiento de La Bisbal del Pened\u00e8s<\/strong><\/h3>\n\n\n\n<p><strong>Agn\u00e8s Ferr\u00e9,<\/strong> alcaldesa de La Bisbal del Pened\u00e8s, ha firmado esta ma\u00f1ana, 22 de julio de 2024, el Decreto de convocatoria de la consulta sobre el Parque empresarial de Les Planes del Vent. Se trata de una <strong>consulta no referendaria (y, por tanto, no vinculante) para conocer la opini\u00f3n<\/strong> de los vecinos y vecinas.<\/p>\n\n\n\n<p>Las votaciones tendr\u00e1n lugar el <strong>domingo 1 de septiembre en la planta baja del Ayuntamiento (calle Major, 21), entre las 9:00 y las 20:00 horas<\/strong>. Est\u00e1n convocados a las urnas los ciudadanos y las ciudadanas <strong>mayores de 16 a\u00f1os, empadronados en el n\u00facleo de La Bisbal y en la Miralba<\/strong> antes del mi\u00e9rcoles 17 de julio de 2024.<\/p>\n\n\n\n<p>La pregunta que se formula a la ciudadan\u00eda es: <em>\u00bfEst\u00e1 de acuerdo con el cambio de clasificaci\u00f3n de los terrenos agrarios de la zona de los Masos para la construcci\u00f3n de un nuevo pol\u00edgono log\u00edstico-industrial en La Bisbal del Pened\u00e8s?<\/em><\/p>\n\n\n\n<p><strong>El Ajuntament de la Bisbal del Pened\u00e8s ha correspondido a la iniciativa de la Comisi\u00f3n promotora<\/strong>, que el pasado mes de febrero present\u00f3 una solicitud para hacer una consulta popular no referendaria sobre las Planes del Vent. Este grupo de ciudadanos de La Bisbal <strong>recogi\u00f3 374 firmas, de las cuales 63 no eran v\u00e1lidas<\/strong>.<\/p>\n\n\n\n<p>Por ello, <strong>despu\u00e9s de varias reuniones entre la Comisi\u00f3n y el Ajuntament,<\/strong> se realizar\u00e1 esta Consulta Popular No Referendaria sobre las Planes del Vent.<\/p>\n","protected":false},"excerpt":{"rendered":"<p>Ser\u00e0 una consulta no vinculant, en la qual podran votar els habitants del Nucli i de la Miralba el pr\u00f2xim diumenge 1 de setembre entre les 9:00 i les 20:00 &hellip; <a href=\"https:\/\/bisbalpenedes.com\/web\/2024\/07\/22\/convocada-la-consulta-popular-no-referendaria-sobre-les-planes-del-vent\/\" class=\"more-link\">Read More<\/a><\/p>\n","protected":false},"author":4,"featured_media":31135,"comment_status":"closed","ping_status":"closed","sticky":false,"template":"","format":"standard","meta":[],"categories":[2402,8],"tags":[459,122,6753,6754,393,6311],"_links":{"self":[{"href":"https:\/\/bisbalpenedes.com\/web\/wp-json\/wp\/v2\/posts\/31118"}],"collection":[{"href":"https:\/\/bisbalpenedes.com\/web\/wp-json\/wp\/v2\/posts"}],"about":[{"href":"https:\/\/bisbalpenedes.com\/web\/wp-json\/wp\/v2\/types\/post"}],"author":[{"embeddable":true,"href":"https:\/\/bisbalpenedes.com\/web\/wp-json\/wp\/v2\/users\/4"}],"replies":[{"embeddable":true,"href":"https:\/\/bisbalpenedes.com\/web\/wp-json\/wp\/v2\/comments?post=31118"}],"version-history":[{"count":3,"href":"https:\/\/bisbalpenedes.com\/web\/wp-json\/wp\/v2\/posts\/31118\/revisions"}],"predecessor-version":[{"id":31397,"href":"https:\/\/bisbalpenedes.com\/web\/wp-json\/wp\/v2\/posts\/31118\/revisions\/31397"}],"wp:featuredmedia":[{"embeddable":true,"href":"https:\/\/bisbalpenedes.com\/web\/wp-json\/wp\/v2\/media\/31135"}],"wp:attachment":[{"href":"https:\/\/bisbalpenedes.com\/web\/wp-json\/wp\/v2\/media?parent=31118"}],"wp:term":[{"taxonomy":"category","embeddable":true,"href":"https:\/\/bisbalpenedes.com\/web\/wp-json\/wp\/v2\/categories?post=31118"},{"taxonomy":"post_tag","embeddable":true,"href":"https:\/\/bisbalpenedes.com\/web\/wp-json\/wp\/v2\/tags?post=31118"}],"curies":[{"name":"wp","href":"https:\/\/api.w.org\/{rel}","templated":true}]}}