{"id":31112,"date":"2024-07-20T13:35:16","date_gmt":"2024-07-20T11:35:16","guid":{"rendered":"https:\/\/bisbalpenedes.com\/web\/?p=31112"},"modified":"2024-07-22T14:48:44","modified_gmt":"2024-07-22T12:48:44","slug":"concert-de-clarinet-i-orgue-a-lesglesia-diumenge-21-de-juliol-a-les-19h","status":"publish","type":"post","link":"https:\/\/bisbalpenedes.com\/web\/2024\/07\/20\/concert-de-clarinet-i-orgue-a-lesglesia-diumenge-21-de-juliol-a-les-19h\/","title":{"rendered":"Concert de clarinet i orgue a l&#8217;esgl\u00e9sia: diumenge 21 de juliol a les 19h"},"content":{"rendered":"\n<p>Aquest diumenge 21 de juliol, a les 19h, l&#8217;esgl\u00e9sia parroquial de Santa Maria acollir\u00e0 un concert d&#8217;orgue i clarinet.<\/p>\n\n\n\n<hr class=\"wp-block-separator has-alpha-channel-opacity\"\/>\n\n\n\n<p> Este domingo 21 de julio, a las 19h, la iglesia parroquial de Santa Mar\u00eda acoger\u00e1 un concierto de \u00f3rgano y clarinete.<\/p>\n\n\n\n<figure class=\"wp-block-image size-large\"><img loading=\"lazy\" width=\"724\" height=\"1024\" src=\"https:\/\/bisbalpenedes.com\/web\/wp-content\/uploads\/2024\/07\/PROGRAMA-CONCERT-ORGUE-I-CLARINET-724x1024.jpg\" alt=\"\" class=\"wp-image-31113\" srcset=\"https:\/\/bisbalpenedes.com\/web\/wp-content\/uploads\/2024\/07\/PROGRAMA-CONCERT-ORGUE-I-CLARINET-724x1024.jpg 724w, https:\/\/bisbalpenedes.com\/web\/wp-content\/uploads\/2024\/07\/PROGRAMA-CONCERT-ORGUE-I-CLARINET-212x300.jpg 212w, https:\/\/bisbalpenedes.com\/web\/wp-content\/uploads\/2024\/07\/PROGRAMA-CONCERT-ORGUE-I-CLARINET-768x1086.jpg 768w, https:\/\/bisbalpenedes.com\/web\/wp-content\/uploads\/2024\/07\/PROGRAMA-CONCERT-ORGUE-I-CLARINET-1086x1536.jpg 1086w, https:\/\/bisbalpenedes.com\/web\/wp-content\/uploads\/2024\/07\/PROGRAMA-CONCERT-ORGUE-I-CLARINET-600x849.jpg 600w, https:\/\/bisbalpenedes.com\/web\/wp-content\/uploads\/2024\/07\/PROGRAMA-CONCERT-ORGUE-I-CLARINET.jpg 1131w\" sizes=\"(max-width: 724px) 100vw, 724px\" \/><\/figure>\n","protected":false},"excerpt":{"rendered":"<p>Aquest diumenge 21 de juliol, a les 19h, l&#8217;esgl\u00e9sia parroquial de Santa Maria acollir\u00e0 un concert d&#8217;orgue i clarinet. Este domingo 21 de julio, a las 19h, la iglesia parroquial &hellip; <a href=\"https:\/\/bisbalpenedes.com\/web\/2024\/07\/20\/concert-de-clarinet-i-orgue-a-lesglesia-diumenge-21-de-juliol-a-les-19h\/\" class=\"more-link\">Read More<\/a><\/p>\n","protected":false},"author":4,"featured_media":30977,"comment_status":"closed","ping_status":"closed","sticky":false,"template":"","format":"standard","meta":[],"categories":[2942,13,20,8],"tags":[2455,3419,6741,73,225,393,989],"_links":{"self":[{"href":"https:\/\/bisbalpenedes.com\/web\/wp-json\/wp\/v2\/posts\/31112"}],"collection":[{"href":"https:\/\/bisbalpenedes.com\/web\/wp-json\/wp\/v2\/posts"}],"about":[{"href":"https:\/\/bisbalpenedes.com\/web\/wp-json\/wp\/v2\/types\/post"}],"author":[{"embeddable":true,"href":"https:\/\/bisbalpenedes.com\/web\/wp-json\/wp\/v2\/users\/4"}],"replies":[{"embeddable":true,"href":"https:\/\/bisbalpenedes.com\/web\/wp-json\/wp\/v2\/comments?post=31112"}],"version-history":[{"count":1,"href":"https:\/\/bisbalpenedes.com\/web\/wp-json\/wp\/v2\/posts\/31112\/revisions"}],"predecessor-version":[{"id":31114,"href":"https:\/\/bisbalpenedes.com\/web\/wp-json\/wp\/v2\/posts\/31112\/revisions\/31114"}],"wp:featuredmedia":[{"embeddable":true,"href":"https:\/\/bisbalpenedes.com\/web\/wp-json\/wp\/v2\/media\/30977"}],"wp:attachment":[{"href":"https:\/\/bisbalpenedes.com\/web\/wp-json\/wp\/v2\/media?parent=31112"}],"wp:term":[{"taxonomy":"category","embeddable":true,"href":"https:\/\/bisbalpenedes.com\/web\/wp-json\/wp\/v2\/categories?post=31112"},{"taxonomy":"post_tag","embeddable":true,"href":"https:\/\/bisbalpenedes.com\/web\/wp-json\/wp\/v2\/tags?post=31112"}],"curies":[{"name":"wp","href":"https:\/\/api.w.org\/{rel}","templated":true}]}}