{"id":31102,"date":"2024-07-20T12:49:06","date_gmt":"2024-07-20T10:49:06","guid":{"rendered":"https:\/\/bisbalpenedes.com\/web\/?p=31102"},"modified":"2024-07-20T12:49:06","modified_gmt":"2024-07-20T10:49:06","slug":"la-bisbal-del-penedes-estrena-el-nou-refugi-climatic-a-la-placa-pau-casals","status":"publish","type":"post","link":"https:\/\/bisbalpenedes.com\/web\/2024\/07\/20\/la-bisbal-del-penedes-estrena-el-nou-refugi-climatic-a-la-placa-pau-casals\/","title":{"rendered":"La Bisbal del Pened\u00e8s estrena el nou refugi clim\u00e0tic a la pla\u00e7a Pau Casals"},"content":{"rendered":"\n<p>El nou refugi clim\u00e0tic de La Bisbal del Pened\u00e8s ja \u00e9s una realitat. L&#8217;Ajuntament ha finalitzat la instal\u00b7laci\u00f3 d&#8217;una vela tensada a la pla\u00e7a Pau Casals, creant un espai de confort per als ve\u00efns i visitants durant els dies m\u00e9s calorosos de l&#8217;any.<\/p>\n\n\n\n<p>El refugi, situat al l\u00edmit nord-est de la pla\u00e7a, cobreix una \u00e0rea aproximada de 14 metres per 7,5 metres. La vela, fabricada amb un teixit especial amb filtre solar de m\u00e9s del 90%, ofereix una protecci\u00f3 efectiva contra el sol i les altes temperatures.<\/p>\n\n\n\n<p>La regidora de Medi Ambient, Judith Vidal, ha expressat la seva satisfacci\u00f3 per la finalitzaci\u00f3 del projecte: <em>&#8220;Amb aquesta instal\u00b7laci\u00f3, oferim a la ciutadania un espai fresc i agradable per gaudir durant els mesos m\u00e9s c\u00e0lids. \u00c9s una aposta clara per l&#8217;adaptaci\u00f3 al canvi clim\u00e0tic i la millora del benestar dels nostres ve\u00efns&#8221;.<\/em><\/p>\n\n\n\n<p>El nou refugi clim\u00e0tic \u00e9s accessible les 24 hores del dia i \u00e9s d&#8217;acc\u00e9s lliure per a tothom. S&#8217;espera que sigui especialment \u00fatil per a gent gran, fam\u00edlies amb nens petits i qualsevol persona que necessiti un respir de la calor intensa. Des de l&#8217;Ajuntament es convida a tots els ciutadans a gaudir de l&#8217;ombra que proporciona aquest nou equipament urb\u00e0, especialment durant les onades de calor.<\/p>\n\n\n\n<p>Aquesta actuaci\u00f3 forma part de les iniciatives de l&#8217;Ajuntament de la Bisbal del Pened\u00e8s per millorar la qualitat de vida dels seus habitants i adaptar els espais p\u00fablics als reptes que planteja el canvi clim\u00e0tic.<\/p>\n\n\n\n<hr class=\"wp-block-separator has-alpha-channel-opacity\"\/>\n\n\n\n<p><strong>La Bisbal del Pened\u00e8s estrena el nuevo refugio clim\u00e1tico en la plaza Pau Casals<\/strong><\/p>\n\n\n\n<p>El nuevo refugio clim\u00e1tico de la Bisbal del Pened\u00e8s ya es una realidad. El Ajuntament ha finalizado la instalaci\u00f3n de una vela tensada en la plaza Pau Casals, creando un espacio de confort para los vecinos y visitantes durante los d\u00edas m\u00e1s calurosos del a\u00f1o.<\/p>\n\n\n\n<p>El refugio, situado en el l\u00edmite noreste de la plaza, cubre un \u00e1rea aproximada de 14 metros por 7,5 metros. La vela, fabricada con un tejido especial con filtro solar de m\u00e1s del 90%, ofrece una protecci\u00f3n efectiva contra el sol y las altas temperaturas.<\/p>\n\n\n\n<p>La concejala de Medio Ambiente, Judith Vidal, ha expresado su satisfacci\u00f3n por la finalizaci\u00f3n del proyecto: <em>&#8220;Con esta instalaci\u00f3n, ofrecemos a la ciudadan\u00eda un espacio fresco y agradable para disfrutar durante los meses m\u00e1s c\u00e1lidos. Es una apuesta clara por la adaptaci\u00f3n al cambio clim\u00e1tico y la mejora del bienestar de nuestros vecinos&#8221;.<\/em><\/p>\n\n\n\n<p>El nuevo refugio clim\u00e1tico es accesible las 24 horas del d\u00eda y es de acceso libre para todos. Se espera que sea especialmente \u00fatil para personas mayores, familias con ni\u00f1os peque\u00f1os y cualquier persona que necesite un respiro del calor intenso. Desde el Ajuntament se invita a todos los ciudadanos a disfrutar de la sombra que proporciona este nuevo equipamiento urbano, especialmente durante las olas de calor.<\/p>\n\n\n\n<p>Esta actuaci\u00f3n forma parte de las iniciativas del Ajuntament de La Bisbal del Pened\u00e8s para mejorar la calidad de vida de sus habitantes y adaptar los espacios p\u00fablicos a los retos que plantea el cambio clim\u00e1tico.<\/p>\n","protected":false},"excerpt":{"rendered":"<p>El nou refugi clim\u00e0tic de La Bisbal del Pened\u00e8s ja \u00e9s una realitat. L&#8217;Ajuntament ha finalitzat la instal\u00b7laci\u00f3 d&#8217;una vela tensada a la pla\u00e7a Pau Casals, creant un espai de &hellip; <a href=\"https:\/\/bisbalpenedes.com\/web\/2024\/07\/20\/la-bisbal-del-penedes-estrena-el-nou-refugi-climatic-a-la-placa-pau-casals\/\" class=\"more-link\">Read More<\/a><\/p>\n","protected":false},"author":4,"featured_media":31103,"comment_status":"closed","ping_status":"closed","sticky":false,"template":"","format":"standard","meta":[],"categories":[32,8],"tags":[459,76,965,393,6659,220,6752,1374,3749,1321,6658],"_links":{"self":[{"href":"https:\/\/bisbalpenedes.com\/web\/wp-json\/wp\/v2\/posts\/31102"}],"collection":[{"href":"https:\/\/bisbalpenedes.com\/web\/wp-json\/wp\/v2\/posts"}],"about":[{"href":"https:\/\/bisbalpenedes.com\/web\/wp-json\/wp\/v2\/types\/post"}],"author":[{"embeddable":true,"href":"https:\/\/bisbalpenedes.com\/web\/wp-json\/wp\/v2\/users\/4"}],"replies":[{"embeddable":true,"href":"https:\/\/bisbalpenedes.com\/web\/wp-json\/wp\/v2\/comments?post=31102"}],"version-history":[{"count":1,"href":"https:\/\/bisbalpenedes.com\/web\/wp-json\/wp\/v2\/posts\/31102\/revisions"}],"predecessor-version":[{"id":31104,"href":"https:\/\/bisbalpenedes.com\/web\/wp-json\/wp\/v2\/posts\/31102\/revisions\/31104"}],"wp:featuredmedia":[{"embeddable":true,"href":"https:\/\/bisbalpenedes.com\/web\/wp-json\/wp\/v2\/media\/31103"}],"wp:attachment":[{"href":"https:\/\/bisbalpenedes.com\/web\/wp-json\/wp\/v2\/media?parent=31102"}],"wp:term":[{"taxonomy":"category","embeddable":true,"href":"https:\/\/bisbalpenedes.com\/web\/wp-json\/wp\/v2\/categories?post=31102"},{"taxonomy":"post_tag","embeddable":true,"href":"https:\/\/bisbalpenedes.com\/web\/wp-json\/wp\/v2\/tags?post=31102"}],"curies":[{"name":"wp","href":"https:\/\/api.w.org\/{rel}","templated":true}]}}