{"id":31084,"date":"2024-07-18T16:14:06","date_gmt":"2024-07-18T14:14:06","guid":{"rendered":"https:\/\/bisbalpenedes.com\/web\/?p=31084"},"modified":"2024-07-18T16:14:08","modified_gmt":"2024-07-18T14:14:08","slug":"lajuntament-de-la-bisbal-del-penedes-presentara-allegacions-contra-les-sollicituds-de-modificacio-de-lautoritzacio-administrativa-previa-i-la-dautoritzacio-administrativa-de","status":"publish","type":"post","link":"https:\/\/bisbalpenedes.com\/web\/2024\/07\/18\/lajuntament-de-la-bisbal-del-penedes-presentara-allegacions-contra-les-sollicituds-de-modificacio-de-lautoritzacio-administrativa-previa-i-la-dautoritzacio-administrativa-de\/","title":{"rendered":"L\u2019Ajuntament de la Bisbal del Pened\u00e8s presentar\u00e0 al\u00b7legacions contra les sol\u00b7licituds de modificaci\u00f3 de l\u2019autoritzaci\u00f3 administrativa pr\u00e8via i la d\u2019autoritzaci\u00f3 administrativa de construcci\u00f3 del projecte d\u2019estesa de 27 torres d\u2019alta tensi\u00f3 (MAT) al municipi"},"content":{"rendered":"\n<p>L\u2019Ajuntament de la Bisbal del Pened\u00e8s mant\u00e9 la seva postura en contra del pas de la MAT pel municipi. L\u2019alcaldessa Agn\u00e8s Ferr\u00e9 ha explicat que&nbsp;<em>\u201c\u00e9s inadmissible que es vulguin instal\u00b7lar 27 torres d\u2019alta tensi\u00f3 (MAT) al municipi per a un projecte privat. I m\u00e9s, tenint en compte que es tracta de portar energia de l\u2019Arag\u00f3 a l\u2019\u00c0rea Metropolitana de Barcelona, sense aportar cap mena de benefici al nostre municipi i, a m\u00e9s a m\u00e9s, afectant terrenys de cultiu i passant molt a prop de zones urbanes\u201d.<\/em><\/p>\n\n\n\n<p>El passat 10 de juliol, l\u2019\u00c0rea d\u2019ind\u00fastria i energia de la Delegaci\u00f3 del Govern a Catalunya va presentar, al registre d\u2019entrada, la notificaci\u00f3 informant que l\u2019Ajuntament de la Bisbal del Pened\u00e8s disposa de 30 dies h\u00e0bils per manifestar el que estimem oport\u00fa sobre les sol\u00b7licituds de modificaci\u00f3 de l\u2019autoritzaci\u00f3 administrativa pr\u00e8via la d\u2019autoritzaci\u00f3 administrativa de construcci\u00f3 del Parc fotovoltaic Jaime I, el Parc E\u00f2lic San Vicente, el Parc E\u00f2lic Lera i el Parc E\u00f2lic Honos i la seva infraestructura d\u2019evacuaci\u00f3 fins a la SET Begues 400, amb una pot\u00e8ncia de 174,7 MWins a les prov\u00edncies de Saragossa, Terol, Tarragona i Barcelona.<\/p>\n\n\n\n<p>La Direcci\u00f3 General de Pol\u00edtica Energ\u00e8tica i Mines va atorgar l\u2019autoritzaci\u00f3 administrativa pr\u00e8via als parcs fotovoltaics i e\u00f2lics citats anteriorment, aix\u00ed com les infraestructures d\u2019evacuaci\u00f3 a 6 municipis de Saragossa, 11 municipis de Terol, 32 de la prov\u00edncia de Tarragona i 8 de la prov\u00edncia de Barcelona. Un dels municipis afectats de la prov\u00edncia de Tarragona \u00e9s la Bisbal del Pened\u00e8s, amb una proposta d\u2019estesa de 27 torres d\u2019alta tensi\u00f3 (MAT) al municipi. Quant a l\u2019atorgament de l\u2019autoritzaci\u00f3 administrativa pr\u00e8via, aquesta disposa que la instal\u00b7laci\u00f3 s\u2019ha d\u2019adaptar a la declaraci\u00f3 d\u2019impacte ambiental i a una s\u00e8rie de condicionants.<\/p>\n\n\n\n<p><strong>FA TRES ANYS QUE L\u2019AJUNTAMENT DIU \u201cNO A LA MAT\u201d<\/strong><\/p>\n\n\n\n<p><strong>Cronologia:<\/strong><\/p>\n\n\n\n<p><strong>Juliol de 2021:<\/strong>&nbsp;l\u2019Ajuntament de la Bisbal del Pened\u00e8s va rebre l\u2019anunci mitjan\u00e7ant el qual s\u2019informava que se sotmetia a informaci\u00f3 p\u00fablica el projecte per construir un conjunt de parcs e\u00f2lics a l\u2019Arag\u00f3 i la corresponent infraestructura per transportar l\u2019energia produ\u00efda a trav\u00e9s d\u2019una l\u00ednia de molt alta tensi\u00f3 (MAT) que travessaria diferents comarques i passaria pel municipi de la Bisbal del Pened\u00e8s amb l\u2019objectiu de portar energia a l\u2019\u00e0rea metropolitana de Barcelona. El projecte preveia l\u2019estesa de 9.833,39 metres de l\u00ednia corrent trif\u00e0sica a\u00e8ria a trav\u00e9s de 27 torres (de fins a 70 metres d\u2019al\u00e7\u00e0ria) a la Bisbal del Pened\u00e8s.<\/p>\n\n\n\n<p><strong>Setembre de 2021:<\/strong>&nbsp;L\u2019Ajuntament de la Bisbal del Pened\u00e8s va aprovar per Junta de Govern les al\u00b7legacions informant desfavorablement del projecte de la MAT Cl\u00faster Begues que promovia l\u2019empresa Forestalia. Les al\u00b7legacions que es van presentar estaven basades en informes t\u00e8cnics, jur\u00eddics i mediambientals, preparats per t\u00e8cnics contractats per part de tots els ajuntaments i consells comarcals afectats per la MAT i tenint en compte tamb\u00e9 l\u2019informe de l\u2019enginyer municipal. Paral\u00b7lelament, es van recollir m\u00e9s de 450 al\u00b7legacions del conjunt de la ciutadania.<\/p>\n\n\n\n<p><strong>El mar\u00e7 de 2022:<\/strong>&nbsp;la Subdelegaci\u00f3 del Govern de Barcelona va entrar al registre de l\u2019Ajuntament les al\u00b7legacions de l\u2019empresa Energ\u00edas renovables de Ormonde SL, en relaci\u00f3 amb les al\u00b7legacions que l\u2019Ajuntament va presentar contra la MAT a la Junta de Govern de setembre de 2021. La Subdelegaci\u00f3 atorgava un termini de 15 dies a l\u2019Ajuntament de la Bisbal del Pened\u00e8s per formular les consideracions que es consideressin oportunes i, per aquest motiu, la Junta de Govern del dia 11 de mar\u00e7 va aprovar desestimar l\u2019informe entrat per registre el 29 de mar\u00e7 i, conseq\u00fcentment, ratificar els acords presos el setembre de 2021.<\/p>\n\n\n\n<p><strong>Agost de 2023:<\/strong>&nbsp;l\u2019alcaldessa signa un Decret d\u2019alcaldia per interposar un recurs d\u2019al\u00e7ada contra la Resoluci\u00f3 de juliol de la Direcci\u00f3n General de Pol\u00edtica Energ\u00e9tica y Minas, per la que&nbsp;<em>\u201cse otorga a la mercantil Energ\u00edas Renovables de Ormonde 36, S.L, autorizaci\u00f3n administrativa previa para la instalaci\u00f3n fotovoltaica Jaime I, de 40 MW de potencia pico y 38,2 MW de potencia instalada y sus infraestructuras de evacuaci\u00f3n, en t\u00e9rminos municipales de Zaragoza, Teruel, Tarragona y Barcelona\u201d.<\/em><\/p>\n\n\n\n<hr class=\"wp-block-separator has-alpha-channel-opacity\"\/>\n\n\n\n<p><strong>CASTELLANO |<\/strong>&nbsp;<strong>El Ajuntament de La Bisbal del Pened\u00e8s presentar\u00e1 alegaciones contra las solicitudes de modificaci\u00f3n de la autorizaci\u00f3n administrativa previa y la de autorizaci\u00f3n administrativa de construcci\u00f3n del proyecto de tendido de 27 torres de alta tensi\u00f3n (MAT) en el municipio<\/strong><\/p>\n\n\n\n<p>El Ajuntament de La Bisbal del Pened\u00e8s mantiene su postura en contra del paso de la MAT por el municipio. La alcaldesa Agn\u00e8s Ferr\u00e9 ha explicado que&nbsp;<em>&#8220;es inadmisible que se quieran instalar 27 torres de alta tensi\u00f3n (MAT) en el municipio para un proyecto privado. Y m\u00e1s, teniendo en cuenta que se trata de llevar energ\u00eda de Arag\u00f3n al \u00c1rea Metropolitana de Barcelona, sin aportar ning\u00fan tipo de beneficio a nuestro municipio y, adem\u00e1s, afectando terrenos de cultivo y pasando muy cerca de zonas urbanas&#8221;.<\/em><\/p>\n\n\n\n<p>El pasado 10 de julio, el \u00c1rea de industria y energ\u00eda de la Delegaci\u00f3n del Gobierno en Catalunya present\u00f3, en el registro de entrada, la notificaci\u00f3n informando que el Ajuntament de La Bisbal del Pened\u00e8s dispone de 30 d\u00edas h\u00e1biles para manifestar lo que estimemos oportuno sobre las solicitudes de modificaci\u00f3n de la autorizaci\u00f3n administrativa previa y la de autorizaci\u00f3n administrativa de construcci\u00f3n del Parque fotovoltaico Jaime I, el Parque E\u00f3lico San Vicente, el Parque E\u00f3lico Lera y el Parque E\u00f3lico Honos y su infraestructura de evacuaci\u00f3n hasta la SET Begues 400, con una potencia de 174,7 MWins en las provincias de Zaragoza, Teruel, Tarragona y Barcelona.<\/p>\n\n\n\n<p>La Direcci\u00f3n General de Pol\u00edtica Energ\u00e9tica y Minas otorg\u00f3 la autorizaci\u00f3n administrativa previa a los parques fotovoltaicos y e\u00f3licos citados anteriormente, as\u00ed como las infraestructuras de evacuaci\u00f3n en 6 municipios de Zaragoza, 11 municipios de Teruel, 32 de la provincia de Tarragona y 8 de la provincia de Barcelona. Uno de los municipios afectados de la provincia de Tarragona es La Bisbal del Pened\u00e8s, con una propuesta de tendido de 27 torres de alta tensi\u00f3n (MAT) en el municipio. En cuanto al otorgamiento de la autorizaci\u00f3n administrativa previa, \u00e9sta dispone que la instalaci\u00f3n debe adaptarse a la declaraci\u00f3n de impacto ambiental y a una serie de condicionantes.<\/p>\n\n\n\n<p><strong>HACE TRES A\u00d1OS QUE EL AJUNTAMENT DICE &#8220;NO A LA MAT&#8221;<\/strong><\/p>\n\n\n\n<p><strong>Cronolog\u00eda:<\/strong><\/p>\n\n\n\n<p><strong>Julio de 2021:<\/strong>&nbsp;el Ajuntament de La Bisbal del Pened\u00e8s recibi\u00f3 el anuncio mediante el cual se informaba que se somet\u00eda a informaci\u00f3n p\u00fablica el proyecto para construir un conjunto de parques e\u00f3licos en Arag\u00f3n y la correspondiente infraestructura para transportar la energ\u00eda producida a trav\u00e9s de una l\u00ednea de muy alta tensi\u00f3n (MAT) que atravesar\u00eda diferentes comarcas y pasar\u00eda por el municipio de La Bisbal del Pened\u00e8s con el objetivo de llevar energ\u00eda al \u00e1rea metropolitana de Barcelona. El proyecto preve\u00eda el tendido de 9.833,39 metros de l\u00ednea corriente trif\u00e1sica a\u00e9rea a trav\u00e9s de 27 torres (de hasta 70 metros de altura) en La Bisbal del Pened\u00e8s.<\/p>\n\n\n\n<p><strong>Septiembre de 2021:<\/strong>&nbsp;El Ajuntament de La Bisbal del Pened\u00e8s aprob\u00f3 por Junta de Gobierno las alegaciones informando desfavorablemente del proyecto de la MAT Cl\u00faster Begues que promov\u00eda la empresa Forestalia. Las alegaciones que se presentaron estaban basadas en informes t\u00e9cnicos, jur\u00eddicos y medioambientales, preparados por t\u00e9cnicos contratados por parte de todos los ayuntamientos y&nbsp;<em>consells<\/em>&nbsp;<em>comarcals<\/em>&nbsp;afectados por la MAT y teniendo en cuenta tambi\u00e9n el informe del ingeniero municipal. Paralelamente, se recogieron m\u00e1s de 450 alegaciones del conjunto de la ciudadan\u00eda.<\/p>\n\n\n\n<p><strong>Marzo de 2022:<\/strong>&nbsp;la Subdelegaci\u00f3n del Gobierno de Barcelona entr\u00f3 en el registro del Ajuntament las alegaciones de la empresa Energ\u00edas renovables de Ormonde SL, en relaci\u00f3n con las alegaciones que el Ajuntament present\u00f3 contra la MAT en la Junta de Gobierno de septiembre de 2021. La Subdelegaci\u00f3n otorgaba un plazo de 15 d\u00edas al Ajuntament de La Bisbal del Pened\u00e8s para formular las consideraciones que se consideraran oportunas y, por este motivo, la Junta de Gobierno del d\u00eda 11 de marzo aprob\u00f3 desestimar el informe entrado por registro el 29 de marzo y, consecuentemente, ratificar los acuerdos tomados en septiembre de 2021.<\/p>\n\n\n\n<p><strong>Agosto de 2023:<\/strong>&nbsp;la alcaldesa firma un Decreto de alcald\u00eda para interponer un recurso de alzada contra la Resoluci\u00f3n de julio de la Direcci\u00f3n General de Pol\u00edtica Energ\u00e9tica y Minas, por la que&nbsp;<em>&#8220;se otorga a la mercantil Energ\u00edas Renovables de Ormonde 36, S.L, autorizaci\u00f3n administrativa previa para la instalaci\u00f3n fotovoltaica Jaime I, de 40 MW de potencia pico y 38,2 MW de potencia instalada y sus infraestructuras de evacuaci\u00f3n, en t\u00e9rminos municipales de Zaragoza, Teruel, Tarragona y Barcelona&#8221;.<\/em><\/p>\n","protected":false},"excerpt":{"rendered":"<p>L\u2019Ajuntament de la Bisbal del Pened\u00e8s mant\u00e9 la seva postura en contra del pas de la MAT pel municipi. L\u2019alcaldessa Agn\u00e8s Ferr\u00e9 ha explicat que&nbsp;\u201c\u00e9s inadmissible que es vulguin instal\u00b7lar &hellip; <a href=\"https:\/\/bisbalpenedes.com\/web\/2024\/07\/18\/lajuntament-de-la-bisbal-del-penedes-presentara-allegacions-contra-les-sollicituds-de-modificacio-de-lautoritzacio-administrativa-previa-i-la-dautoritzacio-administrativa-de\/\" class=\"more-link\">Read More<\/a><\/p>\n","protected":false},"author":4,"featured_media":31085,"comment_status":"closed","ping_status":"closed","sticky":false,"template":"","format":"standard","meta":[],"categories":[2402,2057,2377],"tags":[459,6751,393,6750],"_links":{"self":[{"href":"https:\/\/bisbalpenedes.com\/web\/wp-json\/wp\/v2\/posts\/31084"}],"collection":[{"href":"https:\/\/bisbalpenedes.com\/web\/wp-json\/wp\/v2\/posts"}],"about":[{"href":"https:\/\/bisbalpenedes.com\/web\/wp-json\/wp\/v2\/types\/post"}],"author":[{"embeddable":true,"href":"https:\/\/bisbalpenedes.com\/web\/wp-json\/wp\/v2\/users\/4"}],"replies":[{"embeddable":true,"href":"https:\/\/bisbalpenedes.com\/web\/wp-json\/wp\/v2\/comments?post=31084"}],"version-history":[{"count":3,"href":"https:\/\/bisbalpenedes.com\/web\/wp-json\/wp\/v2\/posts\/31084\/revisions"}],"predecessor-version":[{"id":31090,"href":"https:\/\/bisbalpenedes.com\/web\/wp-json\/wp\/v2\/posts\/31084\/revisions\/31090"}],"wp:featuredmedia":[{"embeddable":true,"href":"https:\/\/bisbalpenedes.com\/web\/wp-json\/wp\/v2\/media\/31085"}],"wp:attachment":[{"href":"https:\/\/bisbalpenedes.com\/web\/wp-json\/wp\/v2\/media?parent=31084"}],"wp:term":[{"taxonomy":"category","embeddable":true,"href":"https:\/\/bisbalpenedes.com\/web\/wp-json\/wp\/v2\/categories?post=31084"},{"taxonomy":"post_tag","embeddable":true,"href":"https:\/\/bisbalpenedes.com\/web\/wp-json\/wp\/v2\/tags?post=31084"}],"curies":[{"name":"wp","href":"https:\/\/api.w.org\/{rel}","templated":true}]}}