{"id":31067,"date":"2024-07-17T12:07:56","date_gmt":"2024-07-17T10:07:56","guid":{"rendered":"https:\/\/bisbalpenedes.com\/web\/?p=31067"},"modified":"2024-07-17T12:13:32","modified_gmt":"2024-07-17T10:13:32","slug":"el-sr-daniel-marquez-pren-possessio-de-la-placa-de-notificador-a-lajuntament-de-la-bisbal-del-penedes","status":"publish","type":"post","link":"https:\/\/bisbalpenedes.com\/web\/2024\/07\/17\/el-sr-daniel-marquez-pren-possessio-de-la-placa-de-notificador-a-lajuntament-de-la-bisbal-del-penedes\/","title":{"rendered":"<strong>El Sr. Daniel M\u00e1rquez pren possessi\u00f3 de la pla\u00e7a de notificador a l\u2019Ajuntament de La Bisbal del Pened\u00e8s<\/strong>"},"content":{"rendered":"\n<p>Aquest dilluns 15 de juliol, el Sr. Daniel M\u00e1rquez ha pres possessi\u00f3 de la pla\u00e7a de notificador, en r\u00e8gim de funcionari de carrera, segons el Decret d\u2019alcaldia del 6 de juny.<\/p>\n\n\n\n<p>Les funcions d\u2019aquesta pla\u00e7a s\u00f3n les seg\u00fcents:<\/p>\n\n\n\n<ul><li>Practicar les notificacions dels actes administratius adoptats pels \u00f2rgans municipals, d\u2019acord amb la normativa reguladora d\u2019aquesta mat\u00e8ria.<\/li><li>Deixar const\u00e0ncia fefaent, mitjan\u00e7ant la corresponent dilig\u00e8ncia, de la recepci\u00f3 o rebuig de la notificaci\u00f3 o, en el seu cas, de les circumst\u00e0ncies que hagin impossibilitat la seva pr\u00e0ctica.<\/li><li>Suport administratiu b\u00e0sic.<\/li><li>Qualsevol altra funci\u00f3 que li sigui encomanada d\u2019acord amb el seu nivell de titulaci\u00f3 i grup de classificaci\u00f3 professional.<\/li><\/ul>\n\n\n\n<p>Un total de 15 persones van presentar-se a la convocat\u00f2ria de la pla\u00e7a de notificador\/a en r\u00e8gim de funcionari\/a de carrera, mitjan\u00e7ant concurs, en el marc del proc\u00e9s d\u2019estabilitzaci\u00f3 de l\u2019ocupaci\u00f3 temporal de l\u2019Ajuntament de la Bisbal del Pened\u00e8s. De les 15 persones presentades, 1 va quedar excloses per no presentar la documentaci\u00f3 necess\u00e0ria per avaluar els requisits i m\u00e8rits de les places i 4 no van superar la prova de catal\u00e0 de nivell C1.<\/p>\n\n\n\n<p>El Tribunal va nomenar el candidat amb m\u00e9s puntuaci\u00f3 per ocupar la pla\u00e7a de notificador.<\/p>\n\n\n\n<hr class=\"wp-block-separator has-alpha-channel-opacity\"\/>\n\n\n\n<p><strong>CASTELLANO |<\/strong> Este lunes 15 de julio, el Sr. Daniel M\u00e1rquez ha tomado posesi\u00f3n de la plaza de notificador, en r\u00e9gimen de funcionario de carrera, seg\u00fan el Decreto de alcald\u00eda del 6 de junio.<\/p>\n\n\n\n<p>Las funciones de esta plaza son las siguientes:<\/p>\n\n\n\n<ul><li>Practicar las notificaciones de los actos administrativos adoptados por los \u00f3rganos municipales, de acuerdo con la normativa reguladora de esta materia.<\/li><li>Dejar constancia fehaciente, mediante la correspondiente diligencia, de la recepci\u00f3n o rechazo de la notificaci\u00f3n o, en su caso, de las circunstancias que hayan imposibilitado su pr\u00e1ctica.<\/li><li>Apoyo administrativo b\u00e1sico.<\/li><li>Cualquier otra funci\u00f3n que le sea encomendada de acuerdo con su nivel de titulaci\u00f3n y grupo de clasificaci\u00f3n profesional.<\/li><\/ul>\n\n\n\n<p>Un total de 15 personas ser presentaron a la convocatoria de la plaza de notificador\/a en r\u00e9gimen de funcionario\/a de carrera, mediante concurso, en el marco del proceso de estabilizaci\u00f3n de la ocupaci\u00f3n temporal del Ajuntament de la Bisbal del Pened\u00e8s. De las 15 personas presentadas, 1 qued\u00f3 excluida por no presentar la documentaci\u00f3n necesaria para evaluar los requisitos y m\u00e9ritos de las plazas y 4 no superaron la prueba de catal\u00e1n de nivel C1.<\/p>\n\n\n\n<p>El Tribunal nombr\u00f3 el candidato con m\u00e1s puntuaci\u00f3n para ocupar la plaza de notificador.<\/p>\n","protected":false},"excerpt":{"rendered":"<p>Aquest dilluns 15 de juliol, el Sr. Daniel M\u00e1rquez ha pres possessi\u00f3 de la pla\u00e7a de notificador, en r\u00e8gim de funcionari de carrera, segons el Decret d\u2019alcaldia del 6 de &hellip; <a href=\"https:\/\/bisbalpenedes.com\/web\/2024\/07\/17\/el-sr-daniel-marquez-pren-possessio-de-la-placa-de-notificador-a-lajuntament-de-la-bisbal-del-penedes\/\" class=\"more-link\">Read More<\/a><\/p>\n","protected":false},"author":4,"featured_media":31070,"comment_status":"closed","ping_status":"closed","sticky":false,"template":"","format":"standard","meta":[],"categories":[2402,2057,8],"tags":[459,6744,6745,393,5828],"_links":{"self":[{"href":"https:\/\/bisbalpenedes.com\/web\/wp-json\/wp\/v2\/posts\/31067"}],"collection":[{"href":"https:\/\/bisbalpenedes.com\/web\/wp-json\/wp\/v2\/posts"}],"about":[{"href":"https:\/\/bisbalpenedes.com\/web\/wp-json\/wp\/v2\/types\/post"}],"author":[{"embeddable":true,"href":"https:\/\/bisbalpenedes.com\/web\/wp-json\/wp\/v2\/users\/4"}],"replies":[{"embeddable":true,"href":"https:\/\/bisbalpenedes.com\/web\/wp-json\/wp\/v2\/comments?post=31067"}],"version-history":[{"count":2,"href":"https:\/\/bisbalpenedes.com\/web\/wp-json\/wp\/v2\/posts\/31067\/revisions"}],"predecessor-version":[{"id":31072,"href":"https:\/\/bisbalpenedes.com\/web\/wp-json\/wp\/v2\/posts\/31067\/revisions\/31072"}],"wp:featuredmedia":[{"embeddable":true,"href":"https:\/\/bisbalpenedes.com\/web\/wp-json\/wp\/v2\/media\/31070"}],"wp:attachment":[{"href":"https:\/\/bisbalpenedes.com\/web\/wp-json\/wp\/v2\/media?parent=31067"}],"wp:term":[{"taxonomy":"category","embeddable":true,"href":"https:\/\/bisbalpenedes.com\/web\/wp-json\/wp\/v2\/categories?post=31067"},{"taxonomy":"post_tag","embeddable":true,"href":"https:\/\/bisbalpenedes.com\/web\/wp-json\/wp\/v2\/tags?post=31067"}],"curies":[{"name":"wp","href":"https:\/\/api.w.org\/{rel}","templated":true}]}}