{"id":3105,"date":"2017-09-08T22:52:09","date_gmt":"2017-09-08T16:52:09","guid":{"rendered":"http:\/\/bisbalpenedes.com\/web\/?p=3105"},"modified":"2017-09-08T22:58:47","modified_gmt":"2017-09-08T16:58:47","slug":"aquest-divendres-sha-reunit-la-mesa-de-contractacio-per-a-ladjudicacio-del-projecte-dobres-durbanitzacio-de-larea-destacionament-dautocars-de-lies","status":"publish","type":"post","link":"https:\/\/bisbalpenedes.com\/web\/2017\/09\/08\/aquest-divendres-sha-reunit-la-mesa-de-contractacio-per-a-ladjudicacio-del-projecte-dobres-durbanitzacio-de-larea-destacionament-dautocars-de-lies\/","title":{"rendered":"Aquest divendres s&#8217;ha reunit la mesa de contractaci\u00f3 per a l&#8217;adjudicaci\u00f3 del projecte d&#8217;obres d&#8217;urbanitzaci\u00f3 de l&#8217;\u00e0rea d&#8217;estacionament d&#8217;autocars de l&#8217;IES"},"content":{"rendered":"<p>&nbsp;<\/p>\n<p><a href=\"http:\/\/bisbalpenedes.com\/web\/wp-content\/uploads\/2017\/04\/FOTO-PARKING-AUTOBUSOS.jpg\"><img loading=\"lazy\" class=\"aligncenter size-medium wp-image-2310\" title=\"Aparcament autobusos institut\" src=\"http:\/\/bisbalpenedes.com\/web\/wp-content\/uploads\/2017\/04\/FOTO-PARKING-AUTOBUSOS-300x225.jpg\" alt=\"Fotografia del lloc on s'ubicar\u00e0 l'aparcament d'autobusos\" width=\"300\" height=\"225\" srcset=\"https:\/\/bisbalpenedes.com\/web\/wp-content\/uploads\/2017\/04\/FOTO-PARKING-AUTOBUSOS-300x225.jpg 300w, https:\/\/bisbalpenedes.com\/web\/wp-content\/uploads\/2017\/04\/FOTO-PARKING-AUTOBUSOS-600x450.jpg 600w, https:\/\/bisbalpenedes.com\/web\/wp-content\/uploads\/2017\/04\/FOTO-PARKING-AUTOBUSOS-1024x768.jpg 1024w\" sizes=\"(max-width: 300px) 100vw, 300px\" \/><\/a>Aquest divendres 8 de setembre, a les 12h del migdia, s\u2019ha reunit la Mesa de Contractaci\u00f3 per a l\u2019adjudicaci\u00f3 del contracte d\u2019Obres d\u2019Urbanitzaci\u00f3 de l\u2019\u00e0rea d\u2019estacionament d\u2019autocars IES Coster de la Torre. En primer lloc, s\u2019ha procedit a la constituci\u00f3 de la Mesa. Aix\u00ed, la secret\u00e0ria ha procedit al recompte de les proposicions presentades i a la seva confrontaci\u00f3 amb la certificaci\u00f3 de proposicions, comunicant al P\u00fablic el nombre de proposicions rebudes en forma i termini (i fora de termini) i el nom dels licitadors. A m\u00e9s, ha convidat als interessats a comprovar els sobres presentats.<\/p>\n<p>Tot seguit s\u2019ha procedit a la qualificaci\u00f3 pr\u00e8via dels documents presentats dins del termini i en la forma escaient. A continuaci\u00f3 la presidenta ha ordenat l\u2019obertura dels sobres \u201cA\u201d, que fan refer\u00e8ncia a la documentaci\u00f3 administrativa, i a acordat procedir a examinar formalment la documentaci\u00f3 presentada, donant fe, la secret\u00e0ria, de la relaci\u00f3 de documents que figuraven en cada plica.<\/p>\n<p>La Mesa de Contractaci\u00f3 ha declarat admeses les tres proposicions presentades i s\u2019ha convocat a la Mesa de Contractaci\u00f3 pel proper dimarts 12 de setembre a les 10h per obrir els sobres \u201cC\u201d.<\/p>\n<p>La Mesa de Contractaci\u00f3 per a l\u2019adjudicaci\u00f3 del contracte d\u2019Obres d\u2019urbanitzaci\u00f3 de l\u2019\u00e0rea d\u2019estacionament d\u2019autocars IES Coster de la Torre est\u00e0 formada per:<\/p>\n<p>-Agn\u00e8s Ferr\u00e9 Ca\u00f1ellas, presidenta.<\/p>\n<p>-Maguy Antol\u00edn Manso, Regidora d\u2019Educaci\u00f3<\/p>\n<p>-Judith Vidal Vilella, Regidora de Cultura<\/p>\n<p>-Elisabet Figueras Tuset, Secret\u00e0ria accidental de la Corporaci\u00f3 que ha actuat com a Secret\u00e0ria de la Mesa.<\/p>\n","protected":false},"excerpt":{"rendered":"<p>&nbsp; Aquest divendres 8 de setembre, a les 12h del migdia, s\u2019ha reunit la Mesa de Contractaci\u00f3 per a l\u2019adjudicaci\u00f3 del contracte d\u2019Obres d\u2019Urbanitzaci\u00f3 de l\u2019\u00e0rea d\u2019estacionament d\u2019autocars IES Coster &hellip; <a href=\"https:\/\/bisbalpenedes.com\/web\/2017\/09\/08\/aquest-divendres-sha-reunit-la-mesa-de-contractacio-per-a-ladjudicacio-del-projecte-dobres-durbanitzacio-de-larea-destacionament-dautocars-de-lies\/\" class=\"more-link\">Read More<\/a><\/p>\n","protected":false},"author":4,"featured_media":2310,"comment_status":"closed","ping_status":"closed","sticky":false,"template":"","format":"standard","meta":[],"categories":[16],"tags":[727,317,332,783,576,486,488,487],"_links":{"self":[{"href":"https:\/\/bisbalpenedes.com\/web\/wp-json\/wp\/v2\/posts\/3105"}],"collection":[{"href":"https:\/\/bisbalpenedes.com\/web\/wp-json\/wp\/v2\/posts"}],"about":[{"href":"https:\/\/bisbalpenedes.com\/web\/wp-json\/wp\/v2\/types\/post"}],"author":[{"embeddable":true,"href":"https:\/\/bisbalpenedes.com\/web\/wp-json\/wp\/v2\/users\/4"}],"replies":[{"embeddable":true,"href":"https:\/\/bisbalpenedes.com\/web\/wp-json\/wp\/v2\/comments?post=3105"}],"version-history":[{"count":3,"href":"https:\/\/bisbalpenedes.com\/web\/wp-json\/wp\/v2\/posts\/3105\/revisions"}],"predecessor-version":[{"id":3107,"href":"https:\/\/bisbalpenedes.com\/web\/wp-json\/wp\/v2\/posts\/3105\/revisions\/3107"}],"wp:featuredmedia":[{"embeddable":true,"href":"https:\/\/bisbalpenedes.com\/web\/wp-json\/wp\/v2\/media\/2310"}],"wp:attachment":[{"href":"https:\/\/bisbalpenedes.com\/web\/wp-json\/wp\/v2\/media?parent=3105"}],"wp:term":[{"taxonomy":"category","embeddable":true,"href":"https:\/\/bisbalpenedes.com\/web\/wp-json\/wp\/v2\/categories?post=3105"},{"taxonomy":"post_tag","embeddable":true,"href":"https:\/\/bisbalpenedes.com\/web\/wp-json\/wp\/v2\/tags?post=3105"}],"curies":[{"name":"wp","href":"https:\/\/api.w.org\/{rel}","templated":true}]}}