{"id":31025,"date":"2024-07-12T11:43:34","date_gmt":"2024-07-12T09:43:34","guid":{"rendered":"https:\/\/bisbalpenedes.com\/web\/?p=31025"},"modified":"2024-07-12T11:43:34","modified_gmt":"2024-07-12T09:43:34","slug":"saprova-la-certificacio-numero-6-de-les-obres-de-millora-de-les-infraestructures-del-barri-de-la-riba","status":"publish","type":"post","link":"https:\/\/bisbalpenedes.com\/web\/2024\/07\/12\/saprova-la-certificacio-numero-6-de-les-obres-de-millora-de-les-infraestructures-del-barri-de-la-riba\/","title":{"rendered":"<strong>S&#8217;aprova la certificaci\u00f3 n\u00famero 6 de les obres de millora de les infraestructures del barri de la Riba<\/strong>"},"content":{"rendered":"\n<p>La Junta de govern del 8 de juliol va aprovar la certificaci\u00f3 n\u00famero 6 de les obres de millora de les infraestructures de la Riba. Es tracta d&#8217;un punt amb compet\u00e8ncia del Ple delegada a la Junta de govern mitjan\u00e7ant l&#8217;acord plenari del 6 de juliol de 2023. Per aquest motiu, la sessi\u00f3 se sotmet als mateixos requisits de publicitat que les sessions del Ple: les portes de la sala de plens es van obrir perqu\u00e8 hi pogu\u00e9s assistir p\u00fablic i tamb\u00e9 es va gravar aquest punt de l&#8217;ordre del dia. Podeu veure el v\u00eddeo aqu\u00ed: <a href=\"https:\/\/actes.bisbalpenedes.com\/session\/sessionDetail\/8a8180888f98105301909cb15bb90026?startAt=0.0&amp;endsAt=\" target=\"_blank\" rel=\"noreferrer noopener\">https:\/\/actes.bisbalpenedes.com\/session\/sessionDetail\/8a8180888f98105301909cb15bb90026?startAt=0.0&amp;endsAt=<\/a><\/p>\n\n\n\n<hr class=\"wp-block-separator has-alpha-channel-opacity\"\/>\n\n\n\n<p>La Junta de gobierno del 8 de julio aprob\u00f3 la certificaci\u00f3n n\u00famero 6 de las obras de mejora de las infraestructuras de la Riba. Se trata de un punto con competencia del Pleno delegada a la Junta de gobierno mediante el acuerdo plenario del 6 de julio de 2023. Por este motivo, la sesi\u00f3n se somete a los mismos requisitos de publicidad que las sesiones del Pleno: las puertas de la sala de plenos se abrieron para que pudiese asistir p\u00fablico y tambi\u00e9n se grab\u00f3 este punto del orden del d\u00eda. Pod\u00e9is ver el v\u00eddeo aqu\u00ed: <a href=\"https:\/\/actes.bisbalpenedes.com\/session\/sessionDetail\/8a8180888f98105301909cb15bb90026?startAt=0.0&amp;endsAt=\" target=\"_blank\" rel=\"noreferrer noopener\">https:\/\/actes.bisbalpenedes.com\/session\/sessionDetail\/8a8180888f98105301909cb15bb90026?startAt=0.0&amp;endsAt=<\/a><\/p>\n","protected":false},"excerpt":{"rendered":"<p>La Junta de govern del 8 de juliol va aprovar la certificaci\u00f3 n\u00famero 6 de les obres de millora de les infraestructures de la Riba. Es tracta d&#8217;un punt amb &hellip; <a href=\"https:\/\/bisbalpenedes.com\/web\/2024\/07\/12\/saprova-la-certificacio-numero-6-de-les-obres-de-millora-de-les-infraestructures-del-barri-de-la-riba\/\" class=\"more-link\">Read More<\/a><\/p>\n","protected":false},"author":4,"featured_media":31026,"comment_status":"closed","ping_status":"closed","sticky":false,"template":"","format":"standard","meta":[],"categories":[4287,8],"tags":[459,3115,393,1374],"_links":{"self":[{"href":"https:\/\/bisbalpenedes.com\/web\/wp-json\/wp\/v2\/posts\/31025"}],"collection":[{"href":"https:\/\/bisbalpenedes.com\/web\/wp-json\/wp\/v2\/posts"}],"about":[{"href":"https:\/\/bisbalpenedes.com\/web\/wp-json\/wp\/v2\/types\/post"}],"author":[{"embeddable":true,"href":"https:\/\/bisbalpenedes.com\/web\/wp-json\/wp\/v2\/users\/4"}],"replies":[{"embeddable":true,"href":"https:\/\/bisbalpenedes.com\/web\/wp-json\/wp\/v2\/comments?post=31025"}],"version-history":[{"count":1,"href":"https:\/\/bisbalpenedes.com\/web\/wp-json\/wp\/v2\/posts\/31025\/revisions"}],"predecessor-version":[{"id":31027,"href":"https:\/\/bisbalpenedes.com\/web\/wp-json\/wp\/v2\/posts\/31025\/revisions\/31027"}],"wp:featuredmedia":[{"embeddable":true,"href":"https:\/\/bisbalpenedes.com\/web\/wp-json\/wp\/v2\/media\/31026"}],"wp:attachment":[{"href":"https:\/\/bisbalpenedes.com\/web\/wp-json\/wp\/v2\/media?parent=31025"}],"wp:term":[{"taxonomy":"category","embeddable":true,"href":"https:\/\/bisbalpenedes.com\/web\/wp-json\/wp\/v2\/categories?post=31025"},{"taxonomy":"post_tag","embeddable":true,"href":"https:\/\/bisbalpenedes.com\/web\/wp-json\/wp\/v2\/tags?post=31025"}],"curies":[{"name":"wp","href":"https:\/\/api.w.org\/{rel}","templated":true}]}}