{"id":31018,"date":"2024-07-12T11:22:15","date_gmt":"2024-07-12T09:22:15","guid":{"rendered":"https:\/\/bisbalpenedes.com\/web\/?p=31018"},"modified":"2024-07-12T11:22:17","modified_gmt":"2024-07-12T09:22:17","slug":"saprova-el-pagament-de-la-quota-de-lamtu-per-al-2024","status":"publish","type":"post","link":"https:\/\/bisbalpenedes.com\/web\/2024\/07\/12\/saprova-el-pagament-de-la-quota-de-lamtu-per-al-2024\/","title":{"rendered":"<strong>S&#8217;aprova el pagament de la quota de l&#8217;AMTU per al 2024<\/strong>"},"content":{"rendered":"\n<p>La Junta de govern del 8 de juliol ha aprovat el pagament de la quota del 2024 de l&#8217;Associaci\u00f3 de Municipis per la Mobilitat i el Transport Urb\u00e0 (AMTU) per un import de 508,40\u20ac.<\/p>\n\n\n\n<p>L&#8217;AMTU \u00e9s una associaci\u00f3 de municipis d&#8217;\u00e0mbit catal\u00e0 que treballa per la mobilitat i les infraestructures de transport p\u00fablic d&#8217;arreu de Catalunya, oferint servei t\u00e8cnic, jur\u00eddic i administratiu en mat\u00e8ria de mobilitat, infraestructures i transport p\u00fablic als seus associats que, en l&#8217;actualitat, s\u00f3n 137. L&#8217;Ajuntament de la Bisbal del Pened\u00e8s es va adherir a l&#8217;AMTU en el Ple ordinari del 17 de desembre de 2018.<\/p>\n\n\n\n<hr class=\"wp-block-separator has-alpha-channel-opacity\"\/>\n\n\n\n<p><strong>CASTELLANO |<\/strong>&nbsp;La Junta de gobierno del 8 de julio ha aprobado el pago de la cuota del 2024 de la Associaci\u00f3 de Municipis per la Mobilitat i el Transport Urb\u00e0 (AMTU) por un importe de 508,40\u20ac.<\/p>\n\n\n\n<p>La AMTU es una asociaci\u00f3n de municipios de \u00e1mbito catal\u00e1n que trabaja por la movilidad y las infraestructuras de transporte p\u00fablico de toda Catalunya, ofreciendo servicio t\u00e9cnico, jur\u00eddico y administrativo en materia de movilidad, infraestructuras y transporte p\u00fablico a sus asociados que, en la actualidad, son 137. El Ajuntament de la Bisbal del Pened\u00e8s se adhiri\u00f3 a la AMTU en el Pleno ordinario del 17 de diciembre del 2018.<\/p>\n","protected":false},"excerpt":{"rendered":"<p>La Junta de govern del 8 de juliol ha aprovat el pagament de la quota del 2024 de l&#8217;Associaci\u00f3 de Municipis per la Mobilitat i el Transport Urb\u00e0 (AMTU) per &hellip; <a href=\"https:\/\/bisbalpenedes.com\/web\/2024\/07\/12\/saprova-el-pagament-de-la-quota-de-lamtu-per-al-2024\/\" class=\"more-link\">Read More<\/a><\/p>\n","protected":false},"author":4,"featured_media":31019,"comment_status":"closed","ping_status":"closed","sticky":false,"template":"","format":"standard","meta":[],"categories":[3859,8],"tags":[],"_links":{"self":[{"href":"https:\/\/bisbalpenedes.com\/web\/wp-json\/wp\/v2\/posts\/31018"}],"collection":[{"href":"https:\/\/bisbalpenedes.com\/web\/wp-json\/wp\/v2\/posts"}],"about":[{"href":"https:\/\/bisbalpenedes.com\/web\/wp-json\/wp\/v2\/types\/post"}],"author":[{"embeddable":true,"href":"https:\/\/bisbalpenedes.com\/web\/wp-json\/wp\/v2\/users\/4"}],"replies":[{"embeddable":true,"href":"https:\/\/bisbalpenedes.com\/web\/wp-json\/wp\/v2\/comments?post=31018"}],"version-history":[{"count":1,"href":"https:\/\/bisbalpenedes.com\/web\/wp-json\/wp\/v2\/posts\/31018\/revisions"}],"predecessor-version":[{"id":31020,"href":"https:\/\/bisbalpenedes.com\/web\/wp-json\/wp\/v2\/posts\/31018\/revisions\/31020"}],"wp:featuredmedia":[{"embeddable":true,"href":"https:\/\/bisbalpenedes.com\/web\/wp-json\/wp\/v2\/media\/31019"}],"wp:attachment":[{"href":"https:\/\/bisbalpenedes.com\/web\/wp-json\/wp\/v2\/media?parent=31018"}],"wp:term":[{"taxonomy":"category","embeddable":true,"href":"https:\/\/bisbalpenedes.com\/web\/wp-json\/wp\/v2\/categories?post=31018"},{"taxonomy":"post_tag","embeddable":true,"href":"https:\/\/bisbalpenedes.com\/web\/wp-json\/wp\/v2\/tags?post=31018"}],"curies":[{"name":"wp","href":"https:\/\/api.w.org\/{rel}","templated":true}]}}