{"id":31016,"date":"2024-07-12T11:14:51","date_gmt":"2024-07-12T09:14:51","guid":{"rendered":"https:\/\/bisbalpenedes.com\/web\/?p=31016"},"modified":"2024-07-12T11:14:51","modified_gmt":"2024-07-12T09:14:51","slug":"saprova-la-justificacio-i-el-segon-pagament-del-conveni-2023-amb-lassociacio-de-cors-antistiana","status":"publish","type":"post","link":"https:\/\/bisbalpenedes.com\/web\/2024\/07\/12\/saprova-la-justificacio-i-el-segon-pagament-del-conveni-2023-amb-lassociacio-de-cors-antistiana\/","title":{"rendered":"S&#8217;aprova la justificaci\u00f3 i el segon pagament del conveni 2023 amb l&#8217;Associaci\u00f3 de Cors Antistiana"},"content":{"rendered":"\n<p>La Junta de govern del 8 de juliol va aprovar la justificaci\u00f3 del conveni de 4.000\u20ac de l&#8217;any 2023 i el segon i darrer pagament de 620,80\u20ac a l&#8217;entitat. Aquest conveni \u00e9s per a la promoci\u00f3 de la cultura i, m\u00e9s concretament, de la m\u00fasica i l&#8217;orgue de la Bisbal del Pened\u00e8s.<\/p>\n\n\n\n<p>El setembre de 2023 es va aprovar un conveni de 4.000\u20ac amb l&#8217;Associaci\u00f3 de Cors Antistiana per a l&#8217;any 2023 i es va fer el primer pagament, per un import de 3.200\u20ac.<\/p>\n\n\n\n<hr class=\"wp-block-separator has-alpha-channel-opacity\"\/>\n\n\n\n<p>La Junta de gobierno del 8 de julio aprob\u00f3 la justificaci\u00f3n del convenio de 4.000\u20ac del a\u00f1o 2023 y el segundo y \u00faltimo pago de 620,80\u20ac a la entidad. Este convenio es para la promoci\u00f3n de la cultura y, m\u00e1s concretamente, de la m\u00fasica y el \u00f3rgano de la Bisbal del Pened\u00e8s.<\/p>\n\n\n\n<p>En septiembre de 2023 se aprob\u00f3 un convenio de 4.000\u20ac con la Associaci\u00f3 de Cors Antistiana para el a\u00f1o 2023 y se hizo el primer pago, por un importe de 3.200\u20ac.<\/p>\n\n\n\n<p><\/p>\n\n\n\n<p>*Foto d&#8217;arxiu de la signatura del conveni amb l&#8217;entitat.<\/p>\n","protected":false},"excerpt":{"rendered":"<p>La Junta de govern del 8 de juliol va aprovar la justificaci\u00f3 del conveni de 4.000\u20ac de l&#8217;any 2023 i el segon i darrer pagament de 620,80\u20ac a l&#8217;entitat. Aquest &hellip; <a href=\"https:\/\/bisbalpenedes.com\/web\/2024\/07\/12\/saprova-la-justificacio-i-el-segon-pagament-del-conveni-2023-amb-lassociacio-de-cors-antistiana\/\" class=\"more-link\">Read More<\/a><\/p>\n","protected":false},"author":4,"featured_media":27551,"comment_status":"closed","ping_status":"closed","sticky":false,"template":"","format":"standard","meta":[],"categories":[13,3085,8],"tags":[2455,1072,393,846],"_links":{"self":[{"href":"https:\/\/bisbalpenedes.com\/web\/wp-json\/wp\/v2\/posts\/31016"}],"collection":[{"href":"https:\/\/bisbalpenedes.com\/web\/wp-json\/wp\/v2\/posts"}],"about":[{"href":"https:\/\/bisbalpenedes.com\/web\/wp-json\/wp\/v2\/types\/post"}],"author":[{"embeddable":true,"href":"https:\/\/bisbalpenedes.com\/web\/wp-json\/wp\/v2\/users\/4"}],"replies":[{"embeddable":true,"href":"https:\/\/bisbalpenedes.com\/web\/wp-json\/wp\/v2\/comments?post=31016"}],"version-history":[{"count":1,"href":"https:\/\/bisbalpenedes.com\/web\/wp-json\/wp\/v2\/posts\/31016\/revisions"}],"predecessor-version":[{"id":31017,"href":"https:\/\/bisbalpenedes.com\/web\/wp-json\/wp\/v2\/posts\/31016\/revisions\/31017"}],"wp:featuredmedia":[{"embeddable":true,"href":"https:\/\/bisbalpenedes.com\/web\/wp-json\/wp\/v2\/media\/27551"}],"wp:attachment":[{"href":"https:\/\/bisbalpenedes.com\/web\/wp-json\/wp\/v2\/media?parent=31016"}],"wp:term":[{"taxonomy":"category","embeddable":true,"href":"https:\/\/bisbalpenedes.com\/web\/wp-json\/wp\/v2\/categories?post=31016"},{"taxonomy":"post_tag","embeddable":true,"href":"https:\/\/bisbalpenedes.com\/web\/wp-json\/wp\/v2\/tags?post=31016"}],"curies":[{"name":"wp","href":"https:\/\/api.w.org\/{rel}","templated":true}]}}