{"id":31012,"date":"2024-07-12T11:08:21","date_gmt":"2024-07-12T09:08:21","guid":{"rendered":"https:\/\/bisbalpenedes.com\/web\/?p=31012"},"modified":"2024-07-12T11:08:21","modified_gmt":"2024-07-12T09:08:21","slug":"saprova-la-segona-prorroga-del-lloguer-de-cabines-sanitaries-per-als-actes-culturals-i-festius-de-la-bisbal-del-penedes","status":"publish","type":"post","link":"https:\/\/bisbalpenedes.com\/web\/2024\/07\/12\/saprova-la-segona-prorroga-del-lloguer-de-cabines-sanitaries-per-als-actes-culturals-i-festius-de-la-bisbal-del-penedes\/","title":{"rendered":"<strong>S&#8217;aprova la segona pr\u00f2rroga del lloguer de cabines sanit\u00e0ries per als actes culturals i festius de la Bisbal del Pened\u00e8s<\/strong>"},"content":{"rendered":"\n<p>La Junta de Govern del 8 de juliol ha aprovat la segona i darrera pr\u00f2rroga del contracte del subministrament de cabines sanit\u00e0ries per a actes culturals i festius, amb l&#8217;empresa Vallas&amp;Toilets SL, fins a l&#8217;agost del 2025, per 5.840,67\u20ac.<\/p>\n\n\n\n<p>El mes de juliol de 2022 es va adjudicar aquest servei per un any m\u00e9s dues pr\u00f2rrogues d&#8217;un any cadascuna. Aquesta licitaci\u00f3 es va tirar endavant amb l&#8217;objectiu de garantir les condicions de salubritat p\u00fablica durant les festes d&#8217;estiu dels diferents barris del municipi i de la festa major del nucli. Per aix\u00f2, es fa necessari comptar amb un nombre determinat de cabines sanit\u00e0ries per complir amb l&#8217;article 47 del Decret 112\/2010, del 31 d&#8217;agost, pel qual s&#8217;aprova el Reglament d&#8217;espectacles p\u00fablics i activitats recreatives.<\/p>\n\n\n\n<hr class=\"wp-block-separator has-alpha-channel-opacity\"\/>\n\n\n\n<p><strong>CASTELLANO |<\/strong> La Junta de Gobierno del 8 de julio ha aprobado la segunda y \u00faltima pr\u00f3rroga del contrato del suministro de cabinas sanitarias para actos culturales y festivos con la empresa Vallas&amp;Toilets SL, hasta agosto del 2025, por 5.840,67\u20ac.<\/p>\n\n\n\n<p>En julio de 2022 se adjudic\u00f3 este servicio por un a\u00f1o m\u00e1s dos pr\u00f3rrogas de un a\u00f1o cada una. Esta licitaci\u00f3n se sac\u00f3 adelante con el objetivo de garantizar las condiciones de salubridad p\u00fablica durante las fiestas de verano de los distintos barrios del municipio y de la fiesta mayor del n\u00facleo. Por eso, se hace necesario contar con un n\u00famero determinado de cabinas sanitarias para cumplir con el art\u00edculo 47 del Decreto 112\/2010, del 31 de agosto, por el cual se aprueba el Reglamento de espect\u00e1culos p\u00fablico y actividades recreativas.<\/p>\n","protected":false},"excerpt":{"rendered":"<p>La Junta de Govern del 8 de juliol ha aprovat la segona i darrera pr\u00f2rroga del contracte del subministrament de cabines sanit\u00e0ries per a actes culturals i festius, amb l&#8217;empresa &hellip; <a href=\"https:\/\/bisbalpenedes.com\/web\/2024\/07\/12\/saprova-la-segona-prorroga-del-lloguer-de-cabines-sanitaries-per-als-actes-culturals-i-festius-de-la-bisbal-del-penedes\/\" class=\"more-link\">Read More<\/a><\/p>\n","protected":false},"author":4,"featured_media":22622,"comment_status":"closed","ping_status":"closed","sticky":false,"template":"","format":"standard","meta":[],"categories":[8],"tags":[280],"_links":{"self":[{"href":"https:\/\/bisbalpenedes.com\/web\/wp-json\/wp\/v2\/posts\/31012"}],"collection":[{"href":"https:\/\/bisbalpenedes.com\/web\/wp-json\/wp\/v2\/posts"}],"about":[{"href":"https:\/\/bisbalpenedes.com\/web\/wp-json\/wp\/v2\/types\/post"}],"author":[{"embeddable":true,"href":"https:\/\/bisbalpenedes.com\/web\/wp-json\/wp\/v2\/users\/4"}],"replies":[{"embeddable":true,"href":"https:\/\/bisbalpenedes.com\/web\/wp-json\/wp\/v2\/comments?post=31012"}],"version-history":[{"count":1,"href":"https:\/\/bisbalpenedes.com\/web\/wp-json\/wp\/v2\/posts\/31012\/revisions"}],"predecessor-version":[{"id":31014,"href":"https:\/\/bisbalpenedes.com\/web\/wp-json\/wp\/v2\/posts\/31012\/revisions\/31014"}],"wp:featuredmedia":[{"embeddable":true,"href":"https:\/\/bisbalpenedes.com\/web\/wp-json\/wp\/v2\/media\/22622"}],"wp:attachment":[{"href":"https:\/\/bisbalpenedes.com\/web\/wp-json\/wp\/v2\/media?parent=31012"}],"wp:term":[{"taxonomy":"category","embeddable":true,"href":"https:\/\/bisbalpenedes.com\/web\/wp-json\/wp\/v2\/categories?post=31012"},{"taxonomy":"post_tag","embeddable":true,"href":"https:\/\/bisbalpenedes.com\/web\/wp-json\/wp\/v2\/tags?post=31012"}],"curies":[{"name":"wp","href":"https:\/\/api.w.org\/{rel}","templated":true}]}}