{"id":31008,"date":"2024-07-12T11:03:31","date_gmt":"2024-07-12T09:03:31","guid":{"rendered":"https:\/\/bisbalpenedes.com\/web\/?p=31008"},"modified":"2024-07-12T11:03:32","modified_gmt":"2024-07-12T09:03:32","slug":"saprova-la-segona-prorroga-del-servei-de-desbrossament-de-voreres","status":"publish","type":"post","link":"https:\/\/bisbalpenedes.com\/web\/2024\/07\/12\/saprova-la-segona-prorroga-del-servei-de-desbrossament-de-voreres\/","title":{"rendered":"<strong>S&#8217;aprova la segona pr\u00f2rroga del servei de desbrossament de voreres<\/strong>"},"content":{"rendered":"\n<p>La Junta de Govern del 8 de juliol ha aprovat la segona i darrera pr\u00f2rroga del servei de desbrossament de voreres. El juny de 2022 se li va adjudicar el contracte de desbrossament de voreres per un import de 55.635,73\u20ac a la Fundaci\u00f3 Privada Santa Teresa. Aquest contracte inclou el desbrossament de les voreres del municipi, a excepci\u00f3 de les del nucli i l&#8217;Ortig\u00f3s, on aquesta tasca la du a terme la brigada municipal. L&#8217;extensi\u00f3 de zona a desbrossar \u00e9s de 95.585m2 i aquesta pr\u00f2rroga s&#8217;allargar\u00e0 fins al juny de 2025.<\/p>\n\n\n\n<hr class=\"wp-block-separator has-alpha-channel-opacity\"\/>\n\n\n\n<p>La Junta de Gobierno del 8 de julio ha aprobado la segunda y \u00faltima pr\u00f3rroga del servicio de desbroce de aceras. En junio del 2022 se le adjudic\u00f3 el contrato de desbroce de aceras por un importe de 55.635,73\u20ac a la Fundaci\u00f3 Privada Santa Teresa. Este contrato incluye el desbroce de las aceras del municipio, a excepci\u00f3n de las del n\u00facleo y l&#8217;Ortig\u00f3s, donde esta tarea la realiza la brigada municipal. La extensi\u00f3n de zona a desbrozar es de 95.585m2 y esta pr\u00f3rroga se alargar\u00e1 hasta junio del 2025.<\/p>\n","protected":false},"excerpt":{"rendered":"<p>La Junta de Govern del 8 de juliol ha aprovat la segona i darrera pr\u00f2rroga del servei de desbrossament de voreres. El juny de 2022 se li va adjudicar el &hellip; <a href=\"https:\/\/bisbalpenedes.com\/web\/2024\/07\/12\/saprova-la-segona-prorroga-del-servei-de-desbrossament-de-voreres\/\" class=\"more-link\">Read More<\/a><\/p>\n","protected":false},"author":4,"featured_media":31009,"comment_status":"closed","ping_status":"closed","sticky":false,"template":"","format":"standard","meta":[],"categories":[8],"tags":[2131],"_links":{"self":[{"href":"https:\/\/bisbalpenedes.com\/web\/wp-json\/wp\/v2\/posts\/31008"}],"collection":[{"href":"https:\/\/bisbalpenedes.com\/web\/wp-json\/wp\/v2\/posts"}],"about":[{"href":"https:\/\/bisbalpenedes.com\/web\/wp-json\/wp\/v2\/types\/post"}],"author":[{"embeddable":true,"href":"https:\/\/bisbalpenedes.com\/web\/wp-json\/wp\/v2\/users\/4"}],"replies":[{"embeddable":true,"href":"https:\/\/bisbalpenedes.com\/web\/wp-json\/wp\/v2\/comments?post=31008"}],"version-history":[{"count":1,"href":"https:\/\/bisbalpenedes.com\/web\/wp-json\/wp\/v2\/posts\/31008\/revisions"}],"predecessor-version":[{"id":31010,"href":"https:\/\/bisbalpenedes.com\/web\/wp-json\/wp\/v2\/posts\/31008\/revisions\/31010"}],"wp:featuredmedia":[{"embeddable":true,"href":"https:\/\/bisbalpenedes.com\/web\/wp-json\/wp\/v2\/media\/31009"}],"wp:attachment":[{"href":"https:\/\/bisbalpenedes.com\/web\/wp-json\/wp\/v2\/media?parent=31008"}],"wp:term":[{"taxonomy":"category","embeddable":true,"href":"https:\/\/bisbalpenedes.com\/web\/wp-json\/wp\/v2\/categories?post=31008"},{"taxonomy":"post_tag","embeddable":true,"href":"https:\/\/bisbalpenedes.com\/web\/wp-json\/wp\/v2\/tags?post=31008"}],"curies":[{"name":"wp","href":"https:\/\/api.w.org\/{rel}","templated":true}]}}