{"id":31003,"date":"2024-07-12T10:52:32","date_gmt":"2024-07-12T08:52:32","guid":{"rendered":"https:\/\/bisbalpenedes.com\/web\/?p=31003"},"modified":"2024-07-12T10:52:54","modified_gmt":"2024-07-12T08:52:54","slug":"saprova-el-contracte-per-adequar-lescomesa-electrica-i-regularitzar-la-potencia-electrica-del-local-social-del-priorat","status":"publish","type":"post","link":"https:\/\/bisbalpenedes.com\/web\/2024\/07\/12\/saprova-el-contracte-per-adequar-lescomesa-electrica-i-regularitzar-la-potencia-electrica-del-local-social-del-priorat\/","title":{"rendered":"<strong>S&#8217;aprova el contracte per adequar l&#8217;escomesa el\u00e8ctrica i regularitzar la pot\u00e8ncia el\u00e8ctrica del local social del Priorat<\/strong>"},"content":{"rendered":"\n<p>La Junta de govern del 8 de juliol ha aprovat un contracte menor de 7.828,70\u20ac (IVA incl\u00f2s) amb Instal\u00b7lacions Josep Ca\u00f1ellas per adequar l&#8217;escomesa actual de provisionalitat d&#8217;obres, regularitzar la pot\u00e8ncia el\u00e8ctrica i fer inspecci\u00f3 inicial el\u00e8ctrica amb una entitat d&#8217;inspecci\u00f3 i control, al local social del Priorat.<\/p>\n\n\n\n<hr class=\"wp-block-separator has-alpha-channel-opacity\"\/>\n\n\n\n<p><strong>CASTELLANO |<\/strong> La Junta de gobierno del 8 de julio ha aprobado un contrato menor de 7.828,70\u20ac (IVA incluido) con Instal\u00b7lacions Josep Ca\u00f1ellas para adecuar la cometida actual de provisionalidad de obras, regularizar la potencia el\u00e9ctrica y hacer inspecci\u00f3n inicial el\u00e9ctrica con una entidad de inspecci\u00f3n y control, en el local social del Priorat.<\/p>\n\n\n\n<p>*Foto d&#8217;arxiu de part del local social del Priorat.<\/p>\n","protected":false},"excerpt":{"rendered":"<p>La Junta de govern del 8 de juliol ha aprovat un contracte menor de 7.828,70\u20ac (IVA incl\u00f2s) amb Instal\u00b7lacions Josep Ca\u00f1ellas per adequar l&#8217;escomesa actual de provisionalitat d&#8217;obres, regularitzar la &hellip; <a href=\"https:\/\/bisbalpenedes.com\/web\/2024\/07\/12\/saprova-el-contracte-per-adequar-lescomesa-electrica-i-regularitzar-la-potencia-electrica-del-local-social-del-priorat\/\" class=\"more-link\">Read More<\/a><\/p>\n","protected":false},"author":4,"featured_media":31004,"comment_status":"closed","ping_status":"closed","sticky":false,"template":"","format":"standard","meta":[],"categories":[4287,3085,8],"tags":[4874,4292],"_links":{"self":[{"href":"https:\/\/bisbalpenedes.com\/web\/wp-json\/wp\/v2\/posts\/31003"}],"collection":[{"href":"https:\/\/bisbalpenedes.com\/web\/wp-json\/wp\/v2\/posts"}],"about":[{"href":"https:\/\/bisbalpenedes.com\/web\/wp-json\/wp\/v2\/types\/post"}],"author":[{"embeddable":true,"href":"https:\/\/bisbalpenedes.com\/web\/wp-json\/wp\/v2\/users\/4"}],"replies":[{"embeddable":true,"href":"https:\/\/bisbalpenedes.com\/web\/wp-json\/wp\/v2\/comments?post=31003"}],"version-history":[{"count":2,"href":"https:\/\/bisbalpenedes.com\/web\/wp-json\/wp\/v2\/posts\/31003\/revisions"}],"predecessor-version":[{"id":31006,"href":"https:\/\/bisbalpenedes.com\/web\/wp-json\/wp\/v2\/posts\/31003\/revisions\/31006"}],"wp:featuredmedia":[{"embeddable":true,"href":"https:\/\/bisbalpenedes.com\/web\/wp-json\/wp\/v2\/media\/31004"}],"wp:attachment":[{"href":"https:\/\/bisbalpenedes.com\/web\/wp-json\/wp\/v2\/media?parent=31003"}],"wp:term":[{"taxonomy":"category","embeddable":true,"href":"https:\/\/bisbalpenedes.com\/web\/wp-json\/wp\/v2\/categories?post=31003"},{"taxonomy":"post_tag","embeddable":true,"href":"https:\/\/bisbalpenedes.com\/web\/wp-json\/wp\/v2\/tags?post=31003"}],"curies":[{"name":"wp","href":"https:\/\/api.w.org\/{rel}","templated":true}]}}