{"id":30988,"date":"2024-07-11T18:01:45","date_gmt":"2024-07-11T16:01:45","guid":{"rendered":"https:\/\/bisbalpenedes.com\/web\/?p=30988"},"modified":"2024-07-11T18:08:22","modified_gmt":"2024-07-11T16:08:22","slug":"lajuntament-sadhereix-al-contracte-marc-dequips-dimpressio-de-lacm-per-al-lloguer-dequips-dimpressio-i-multifuncio-per-a-les-oficines-de-lajuntament-el-cmc-i-lescola-ull-de-vent","status":"publish","type":"post","link":"https:\/\/bisbalpenedes.com\/web\/2024\/07\/11\/lajuntament-sadhereix-al-contracte-marc-dequips-dimpressio-de-lacm-per-al-lloguer-dequips-dimpressio-i-multifuncio-per-a-les-oficines-de-lajuntament-el-cmc-i-lescola-ull-de-vent\/","title":{"rendered":"<strong>L&#8217;Ajuntament s&#8217;adhereix al contracte marc d&#8217;equips d&#8217;impressi\u00f3 de l&#8217;ACM per al lloguer d&#8217;equips d&#8217;impressi\u00f3 i multifunci\u00f3 per a les oficines de l&#8217;Ajuntament, el CMC i l&#8217;escola Ull de Vent<\/strong>"},"content":{"rendered":"\n<p>La Junta de govern del 8 de juliol ha aprovat l&#8217;adhesi\u00f3 al contracte marc d&#8217;equips d&#8217;impressi\u00f3 de l&#8217;Associaci\u00f3 Catalana de Municipis (ACM), pel lloguer de tres fotocopiadores multifunci\u00f3 per a les oficines de l&#8217;Ajuntament, una per al CMC i una per a l&#8217;escola Ull de Vent. El contracte de r\u00e8nting tindr\u00e0 una durada de cinc anys.<\/p>\n\n\n\n<p>Actualment, l&#8217;Ajuntament ja disposa d&#8217;aquests cinc equips d&#8217;impressi\u00f3 i multifunci\u00f3 mitjan\u00e7ant acord amb l&#8217;ACM. No obstant aix\u00f2, amb el nou contracte es milloren les funcions i la qualitat dels equips, que disposaran de control d&#8217;acc\u00e9s als equips, per millorar-ne el control i l&#8217;efici\u00e8ncia.<\/p>\n\n\n\n<p>El lloguer dels equips es fa amb l&#8217;empresa Sistemes d&#8217;Organitzaci\u00f3 SA i inclou els cinc equips i el seu servei t\u00e8cnic, amb un cost mensual de 391,44\u20ac (IVA incl\u00f2s).<\/p>\n\n\n\n<p>Aquest punt de l&#8217;ordre del dia es va aprovar per urg\u00e8ncia i \u00e9s amb compet\u00e8ncia del Ple delegada a la Junta de Govern, ja que es tracta d&#8217;un r\u00e8nting amb una durada de cinc anys. Amb l&#8217;objectiu de garantir la publicitat del punt -que, en aquest cas, ha de complir els mateixos requisits de publicitat que les sessions del Ple- us enllacem el v\u00eddeo que inclou aquesta votaci\u00f3: <a href=\"https:\/\/actes.bisbalpenedes.com\/session\/sessionDetail\/8a8180888f98105301909cb15bb90026\" target=\"_blank\" rel=\"noreferrer noopener\">https:\/\/actes.bisbalpenedes.com\/session\/sessionDetail\/8a8180888f98105301909cb15bb90026<\/a><\/p>\n\n\n\n<hr class=\"wp-block-separator has-alpha-channel-opacity\"\/>\n\n\n\n<p><strong>CASTELLANO |<\/strong>&nbsp;La Junta de gobierno del 8 de julio ha aprobado la adhesi\u00f3n al contrato marco de equipos de impresi\u00f3n de la Associaci\u00f3 Catalana de Municipis (ACM), para el alquiler de tres fotocopiadoras multifunci\u00f3n para las oficinas del Ajuntament, una para el CMC y una para la escuela Ull de Vent. El contrato de renting tendr\u00e1 una duraci\u00f3n de cinco a\u00f1os.<\/p>\n\n\n\n<p>Actualmente, el Ajuntament ya dispone de estos cinco equipos de impresi\u00f3n y multifunci\u00f3n mediante acuerdo con la ACM. No obstante, con el nuevo contrato se mejoran las funciones y la calidad de los equipos, que dispondr\u00e1n de control de acceso a los equipos, para mejorar el control y la eficiencia de los mismos.<\/p>\n\n\n\n<p>El alquiler de los equipos se hace con la empresa Sistemes d&#8217;Organitzaci\u00f3 SA e incluye los cinco equipos y su servicio t\u00e9cnico, con un coste mensual de 391,44\u20ac (IVA incluido).<\/p>\n\n\n\n<p>Este punto del orden del d\u00eda se aprob\u00f3 por urgencia y es con competencia del Pleno delegada a la Junta de Gobierno, ya que se trata de un renting con una duraci\u00f3n de cinco a\u00f1os. Con el objetivo de garantizar la publicidad del punto -que, en este caso, tiene que cumplir los mismos requisitos de publicidad que las sesiones del Pleno- os enlazamos el v\u00eddeo que incluye esta votaci\u00f3n: <a href=\"https:\/\/actes.bisbalpenedes.com\/session\/sessionDetail\/8a8180888f98105301909cb15bb90026\">https:\/\/actes.bisbalpenedes.com\/session\/sessionDetail\/8a8180888f98105301909cb15bb90026<\/a><\/p>\n","protected":false},"excerpt":{"rendered":"<p>La Junta de govern del 8 de juliol ha aprovat l&#8217;adhesi\u00f3 al contracte marc d&#8217;equips d&#8217;impressi\u00f3 de l&#8217;Associaci\u00f3 Catalana de Municipis (ACM), pel lloguer de tres fotocopiadores multifunci\u00f3 per a &hellip; <a href=\"https:\/\/bisbalpenedes.com\/web\/2024\/07\/11\/lajuntament-sadhereix-al-contracte-marc-dequips-dimpressio-de-lacm-per-al-lloguer-dequips-dimpressio-i-multifuncio-per-a-les-oficines-de-lajuntament-el-cmc-i-lescola-ull-de-vent\/\" class=\"more-link\">Read More<\/a><\/p>\n","protected":false},"author":4,"featured_media":12172,"comment_status":"closed","ping_status":"closed","sticky":false,"template":"","format":"standard","meta":[],"categories":[13,3456,8],"tags":[],"_links":{"self":[{"href":"https:\/\/bisbalpenedes.com\/web\/wp-json\/wp\/v2\/posts\/30988"}],"collection":[{"href":"https:\/\/bisbalpenedes.com\/web\/wp-json\/wp\/v2\/posts"}],"about":[{"href":"https:\/\/bisbalpenedes.com\/web\/wp-json\/wp\/v2\/types\/post"}],"author":[{"embeddable":true,"href":"https:\/\/bisbalpenedes.com\/web\/wp-json\/wp\/v2\/users\/4"}],"replies":[{"embeddable":true,"href":"https:\/\/bisbalpenedes.com\/web\/wp-json\/wp\/v2\/comments?post=30988"}],"version-history":[{"count":3,"href":"https:\/\/bisbalpenedes.com\/web\/wp-json\/wp\/v2\/posts\/30988\/revisions"}],"predecessor-version":[{"id":30991,"href":"https:\/\/bisbalpenedes.com\/web\/wp-json\/wp\/v2\/posts\/30988\/revisions\/30991"}],"wp:featuredmedia":[{"embeddable":true,"href":"https:\/\/bisbalpenedes.com\/web\/wp-json\/wp\/v2\/media\/12172"}],"wp:attachment":[{"href":"https:\/\/bisbalpenedes.com\/web\/wp-json\/wp\/v2\/media?parent=30988"}],"wp:term":[{"taxonomy":"category","embeddable":true,"href":"https:\/\/bisbalpenedes.com\/web\/wp-json\/wp\/v2\/categories?post=30988"},{"taxonomy":"post_tag","embeddable":true,"href":"https:\/\/bisbalpenedes.com\/web\/wp-json\/wp\/v2\/tags?post=30988"}],"curies":[{"name":"wp","href":"https:\/\/api.w.org\/{rel}","templated":true}]}}