{"id":30980,"date":"2024-07-11T17:50:30","date_gmt":"2024-07-11T15:50:30","guid":{"rendered":"https:\/\/bisbalpenedes.com\/web\/?p=30980"},"modified":"2024-07-11T17:53:27","modified_gmt":"2024-07-11T15:53:27","slug":"lalcaldessa-i-la-regidora-de-cultura-i-medi-ambient-han-visitat-les-obres-de-la-fassina-aquest-dimarts","status":"publish","type":"post","link":"https:\/\/bisbalpenedes.com\/web\/2024\/07\/11\/lalcaldessa-i-la-regidora-de-cultura-i-medi-ambient-han-visitat-les-obres-de-la-fassina-aquest-dimarts\/","title":{"rendered":"<strong>L&#8217;alcaldessa i la Regidora de Cultura i Medi Ambient han visitat les obres de la Fassina aquest dimarts<\/strong>"},"content":{"rendered":"\n<p>Aquest dimarts, l&#8217;alcaldessa Agn\u00e8s Ferr\u00e9 i la regidora de Cultura i Medi Ambient, Judith Vidal, han fet una visita d&#8217;obres a la fassina que ha comptat amb la pres\u00e8ncia i les explicacions dels responsables de l&#8217;empresa de construcci\u00f3 i la direcci\u00f3 d&#8217;obres.<\/p>\n\n\n\n<p>La dificultat en la remodelaci\u00f3 de la torre de la fassina fa endarrerir la seva finalitzaci\u00f3, per\u00f2 \u00e9s molt important refor\u00e7ar b\u00e9 l&#8217;estructura i la torre, adequant-la per garantir que hi pugui assajar la colla castellera local. Durant la visita, han visitat la zona del local de la Colla Castellera de la Bisbal del Pened\u00e8s (Bous), amb les sales, els despatxos i els lavabos, aix\u00ed com la zona destinada a l&#8217;ADF.<\/p>\n\n\n\n<p>Les obres continuen avan\u00e7ant i segueixen el seu curs. Us en seguirem informant de l&#8217;evoluci\u00f3 durant els pr\u00f2xims mesos.<\/p>\n\n\n\n<hr class=\"wp-block-separator has-alpha-channel-opacity\"\/>\n\n\n\n<p>Este martes, la alcaldesa Agn\u00e8s Ferr\u00e9 y la concejala de Cultura y Medio Ambiente, Judith Vidal, han hecho una visita de obras a la fassina que ha contado con la presencia y las explicaciones de los responsables de la empresa de construcci\u00f3n y la direcci\u00f3n de obras.<\/p>\n\n\n\n<p>La dificultad en la remodelaci\u00f3n de la torre de la fassina hace que se retrase su finalizaci\u00f3n, pero es muy importante reforzar bien la estructura y la torre, adecu\u00e1ndola para garantizar que pueda ensayar all\u00ed la colla castellera local. Durante la visita, han visitado la zona del local de la Colla Castellera de la Bisbal del Pened\u00e8s (bous), con las salas, los despachos y los lavabos, as\u00ed como la zona destinada a la ADF.<\/p>\n\n\n\n<p>Las obras contin\u00faan avanzando y siguen su curso. Os iremos informando de la evoluci\u00f3n durante los pr\u00f3ximos meses.<\/p>\n\n\n\n<figure class=\"wp-block-image size-large\"><img loading=\"lazy\" width=\"768\" height=\"1024\" src=\"https:\/\/bisbalpenedes.com\/web\/wp-content\/uploads\/2024\/07\/VISITA-OBRES-FASSINA-4-768x1024.jpg\" alt=\"\" class=\"wp-image-30985\" srcset=\"https:\/\/bisbalpenedes.com\/web\/wp-content\/uploads\/2024\/07\/VISITA-OBRES-FASSINA-4-768x1024.jpg 768w, https:\/\/bisbalpenedes.com\/web\/wp-content\/uploads\/2024\/07\/VISITA-OBRES-FASSINA-4-225x300.jpg 225w, https:\/\/bisbalpenedes.com\/web\/wp-content\/uploads\/2024\/07\/VISITA-OBRES-FASSINA-4-1152x1536.jpg 1152w, https:\/\/bisbalpenedes.com\/web\/wp-content\/uploads\/2024\/07\/VISITA-OBRES-FASSINA-4-1536x2048.jpg 1536w, https:\/\/bisbalpenedes.com\/web\/wp-content\/uploads\/2024\/07\/VISITA-OBRES-FASSINA-4-600x800.jpg 600w, https:\/\/bisbalpenedes.com\/web\/wp-content\/uploads\/2024\/07\/VISITA-OBRES-FASSINA-4-scaled.jpg 1920w\" sizes=\"(max-width: 768px) 100vw, 768px\" \/><\/figure>\n","protected":false},"excerpt":{"rendered":"<p>Aquest dimarts, l&#8217;alcaldessa Agn\u00e8s Ferr\u00e9 i la regidora de Cultura i Medi Ambient, Judith Vidal, han fet una visita d&#8217;obres a la fassina que ha comptat amb la pres\u00e8ncia i &hellip; <a href=\"https:\/\/bisbalpenedes.com\/web\/2024\/07\/11\/lalcaldessa-i-la-regidora-de-cultura-i-medi-ambient-han-visitat-les-obres-de-la-fassina-aquest-dimarts\/\" class=\"more-link\">Read More<\/a><\/p>\n","protected":false},"author":4,"featured_media":30982,"comment_status":"closed","ping_status":"closed","sticky":false,"template":"","format":"standard","meta":[],"categories":[13,32,8,15],"tags":[],"_links":{"self":[{"href":"https:\/\/bisbalpenedes.com\/web\/wp-json\/wp\/v2\/posts\/30980"}],"collection":[{"href":"https:\/\/bisbalpenedes.com\/web\/wp-json\/wp\/v2\/posts"}],"about":[{"href":"https:\/\/bisbalpenedes.com\/web\/wp-json\/wp\/v2\/types\/post"}],"author":[{"embeddable":true,"href":"https:\/\/bisbalpenedes.com\/web\/wp-json\/wp\/v2\/users\/4"}],"replies":[{"embeddable":true,"href":"https:\/\/bisbalpenedes.com\/web\/wp-json\/wp\/v2\/comments?post=30980"}],"version-history":[{"count":3,"href":"https:\/\/bisbalpenedes.com\/web\/wp-json\/wp\/v2\/posts\/30980\/revisions"}],"predecessor-version":[{"id":30986,"href":"https:\/\/bisbalpenedes.com\/web\/wp-json\/wp\/v2\/posts\/30980\/revisions\/30986"}],"wp:featuredmedia":[{"embeddable":true,"href":"https:\/\/bisbalpenedes.com\/web\/wp-json\/wp\/v2\/media\/30982"}],"wp:attachment":[{"href":"https:\/\/bisbalpenedes.com\/web\/wp-json\/wp\/v2\/media?parent=30980"}],"wp:term":[{"taxonomy":"category","embeddable":true,"href":"https:\/\/bisbalpenedes.com\/web\/wp-json\/wp\/v2\/categories?post=30980"},{"taxonomy":"post_tag","embeddable":true,"href":"https:\/\/bisbalpenedes.com\/web\/wp-json\/wp\/v2\/tags?post=30980"}],"curies":[{"name":"wp","href":"https:\/\/api.w.org\/{rel}","templated":true}]}}