{"id":30962,"date":"2024-07-11T09:53:16","date_gmt":"2024-07-11T07:53:16","guid":{"rendered":"https:\/\/bisbalpenedes.com\/web\/?p=30962"},"modified":"2024-07-11T09:53:16","modified_gmt":"2024-07-11T07:53:16","slug":"horaris-i-dies-de-tancament-de-la-biblioteca-publica-durant-els-mesos-de-juliol-i-agost","status":"publish","type":"post","link":"https:\/\/bisbalpenedes.com\/web\/2024\/07\/11\/horaris-i-dies-de-tancament-de-la-biblioteca-publica-durant-els-mesos-de-juliol-i-agost\/","title":{"rendered":"Horaris i dies de tancament de la biblioteca p\u00fablica durant els mesos de juliol i agost"},"content":{"rendered":"\n<p>Horaris i dies de tancament de la biblioteca p\u00fablica durant els mesos de juliol i agost<\/p>\n\n\n\n<hr class=\"wp-block-separator has-alpha-channel-opacity\"\/>\n\n\n\n<p>Horarios y d\u00edas de cierre de la biblioteca p\u00fablica durante los meses de julio y agosto<\/p>\n","protected":false},"excerpt":{"rendered":"<p>Horaris i dies de tancament de la biblioteca p\u00fablica durant els mesos de juliol i agost Horarios y d\u00edas de cierre de la biblioteca p\u00fablica durante los meses de julio &hellip; <a href=\"https:\/\/bisbalpenedes.com\/web\/2024\/07\/11\/horaris-i-dies-de-tancament-de-la-biblioteca-publica-durant-els-mesos-de-juliol-i-agost\/\" class=\"more-link\">Read More<\/a><\/p>\n","protected":false},"author":4,"featured_media":30964,"comment_status":"closed","ping_status":"closed","sticky":false,"template":"","format":"standard","meta":[],"categories":[2478,13,8],"tags":[459,180,3207,225,393,1374],"_links":{"self":[{"href":"https:\/\/bisbalpenedes.com\/web\/wp-json\/wp\/v2\/posts\/30962"}],"collection":[{"href":"https:\/\/bisbalpenedes.com\/web\/wp-json\/wp\/v2\/posts"}],"about":[{"href":"https:\/\/bisbalpenedes.com\/web\/wp-json\/wp\/v2\/types\/post"}],"author":[{"embeddable":true,"href":"https:\/\/bisbalpenedes.com\/web\/wp-json\/wp\/v2\/users\/4"}],"replies":[{"embeddable":true,"href":"https:\/\/bisbalpenedes.com\/web\/wp-json\/wp\/v2\/comments?post=30962"}],"version-history":[{"count":1,"href":"https:\/\/bisbalpenedes.com\/web\/wp-json\/wp\/v2\/posts\/30962\/revisions"}],"predecessor-version":[{"id":30965,"href":"https:\/\/bisbalpenedes.com\/web\/wp-json\/wp\/v2\/posts\/30962\/revisions\/30965"}],"wp:featuredmedia":[{"embeddable":true,"href":"https:\/\/bisbalpenedes.com\/web\/wp-json\/wp\/v2\/media\/30964"}],"wp:attachment":[{"href":"https:\/\/bisbalpenedes.com\/web\/wp-json\/wp\/v2\/media?parent=30962"}],"wp:term":[{"taxonomy":"category","embeddable":true,"href":"https:\/\/bisbalpenedes.com\/web\/wp-json\/wp\/v2\/categories?post=30962"},{"taxonomy":"post_tag","embeddable":true,"href":"https:\/\/bisbalpenedes.com\/web\/wp-json\/wp\/v2\/tags?post=30962"}],"curies":[{"name":"wp","href":"https:\/\/api.w.org\/{rel}","templated":true}]}}