{"id":30925,"date":"2024-06-15T10:11:00","date_gmt":"2024-06-15T08:11:00","guid":{"rendered":"https:\/\/bisbalpenedes.com\/web\/?p=30925"},"modified":"2024-07-10T10:19:38","modified_gmt":"2024-07-10T08:19:38","slug":"la-junta-de-govern-local-del-dilluns-10-de-juny-va-aprovar-una-proposta-amb-competencia-delegada-del-ple","status":"publish","type":"post","link":"https:\/\/bisbalpenedes.com\/web\/2024\/06\/15\/la-junta-de-govern-local-del-dilluns-10-de-juny-va-aprovar-una-proposta-amb-competencia-delegada-del-ple\/","title":{"rendered":"La Junta de Govern local del dilluns 10 de juny va aprovar una proposta amb compet\u00e8ncia delegada del Ple"},"content":{"rendered":"\n<p>La Junta de govern del dilluns 10 de juny va aprovar un punt amb una proposta delegada del Ple, segons l\u2019acord plenari del 6 de juliol de 2023. \u00c9s la seg\u00fcent:<\/p>\n\n\n\n<ul><li>Expedient 2944\/2023 5a certificaci\u00f3 de les obres de millora d&#8217;infraestructures de la Riba<\/li><\/ul>\n\n\n\n<p>Les sessions de la Junta de Govern local no s\u00f3n p\u00fabliques, per\u00f2 quan actua en compet\u00e8ncies delegades del Ple, la sessi\u00f3 se sotmet als mateixos requisits de publicitat que les sessions del Ple, que s\u00ed que s\u00f3n p\u00fabliques. Aix\u00ed ho va declarar la STS 161\/2013, de 26 de setembre i, per aquest motiu, a les 10:15h es van obrir les portes de la sala de plens perqu\u00e8 hi pugu\u00e9s accedir p\u00fablic. A m\u00e9s, aquest punt es va gravar i podeu veure el v\u00eddeo aqu\u00ed: <a href=\"https:\/\/actes.bisbalpenedes.com\/session\/sessionDetail\/8a8180888f98105301900c47f8f20004?startAt=0.0&amp;endsAt=106.0\" target=\"_blank\" rel=\"noreferrer noopener\">https:\/\/actes.bisbalpenedes.com\/session\/sessionDetail\/8a8180888f98105301900c47f8f20004?startAt=0.0&amp;endsAt=106.0<\/a><\/p>\n\n\n\n<hr class=\"wp-block-separator has-alpha-channel-opacity\"\/>\n\n\n\n<p><strong>CASTELLANO |<\/strong>&nbsp;La Junta de gobierno del lunes 10 de junio aprob\u00f3 un punto con una propuesta delegada del Pleno, seg\u00fan el acuerdo plenario del 6 de julio de 2023. Es la siguiente:<\/p>\n\n\n\n<ul><li>Expediente 2944\/2023 5a certificaci\u00f3n de las obras de mejora de infraestructuras de la Riba<\/li><\/ul>\n\n\n\n<p>Las sesiones de la Junta de Gobierno local no son p\u00fablicas, pero cuando act\u00faa en competencias delegadas del Pleno, la sesi\u00f3n se somete a los mismos requisitos de publicidad que las sesiones del Pleno, que s\u00ed que son p\u00fablicas. As\u00ed lo declar\u00f3 la STS 161\/2013, de 26 de septiembre y, por este motivo, a las 10:15h, se abrieron las puertas de la sala de plenos para que pueda acceder p\u00fablico. Adem\u00e1s, este punto se grab\u00f3 y pod\u00e9is ver el v\u00eddeo aqu\u00ed: <a href=\"https:\/\/actes.bisbalpenedes.com\/session\/sessionDetail\/8a8180888f98105301900c47f8f20004?startAt=0.0&amp;endsAt=106.0\" target=\"_blank\" rel=\"noreferrer noopener\">https:\/\/actes.bisbalpenedes.com\/session\/sessionDetail\/8a8180888f98105301900c47f8f20004?startAt=0.0&amp;endsAt=106.0<\/a><\/p>\n","protected":false},"excerpt":{"rendered":"<p>La Junta de govern del dilluns 10 de juny va aprovar un punt amb una proposta delegada del Ple, segons l\u2019acord plenari del 6 de juliol de 2023. \u00c9s la &hellip; <a href=\"https:\/\/bisbalpenedes.com\/web\/2024\/06\/15\/la-junta-de-govern-local-del-dilluns-10-de-juny-va-aprovar-una-proposta-amb-competencia-delegada-del-ple\/\" class=\"more-link\">Read More<\/a><\/p>\n","protected":false},"author":4,"featured_media":30927,"comment_status":"closed","ping_status":"closed","sticky":false,"template":"","format":"standard","meta":[],"categories":[3085,8],"tags":[5208,686,393,6333],"_links":{"self":[{"href":"https:\/\/bisbalpenedes.com\/web\/wp-json\/wp\/v2\/posts\/30925"}],"collection":[{"href":"https:\/\/bisbalpenedes.com\/web\/wp-json\/wp\/v2\/posts"}],"about":[{"href":"https:\/\/bisbalpenedes.com\/web\/wp-json\/wp\/v2\/types\/post"}],"author":[{"embeddable":true,"href":"https:\/\/bisbalpenedes.com\/web\/wp-json\/wp\/v2\/users\/4"}],"replies":[{"embeddable":true,"href":"https:\/\/bisbalpenedes.com\/web\/wp-json\/wp\/v2\/comments?post=30925"}],"version-history":[{"count":3,"href":"https:\/\/bisbalpenedes.com\/web\/wp-json\/wp\/v2\/posts\/30925\/revisions"}],"predecessor-version":[{"id":30930,"href":"https:\/\/bisbalpenedes.com\/web\/wp-json\/wp\/v2\/posts\/30925\/revisions\/30930"}],"wp:featuredmedia":[{"embeddable":true,"href":"https:\/\/bisbalpenedes.com\/web\/wp-json\/wp\/v2\/media\/30927"}],"wp:attachment":[{"href":"https:\/\/bisbalpenedes.com\/web\/wp-json\/wp\/v2\/media?parent=30925"}],"wp:term":[{"taxonomy":"category","embeddable":true,"href":"https:\/\/bisbalpenedes.com\/web\/wp-json\/wp\/v2\/categories?post=30925"},{"taxonomy":"post_tag","embeddable":true,"href":"https:\/\/bisbalpenedes.com\/web\/wp-json\/wp\/v2\/tags?post=30925"}],"curies":[{"name":"wp","href":"https:\/\/api.w.org\/{rel}","templated":true}]}}