{"id":30910,"date":"2024-07-10T09:00:00","date_gmt":"2024-07-10T07:00:00","guid":{"rendered":"https:\/\/bisbalpenedes.com\/web\/?p=30910"},"modified":"2024-07-09T20:54:53","modified_gmt":"2024-07-09T18:54:53","slug":"saproven-les-bases-reguladores-del-proces-selectiu-per-a-la-provisio-duna-placa-de-tecnic-a-deducacio-infantil-per-a-la-llar-dinfants-municipal","status":"publish","type":"post","link":"https:\/\/bisbalpenedes.com\/web\/2024\/07\/10\/saproven-les-bases-reguladores-del-proces-selectiu-per-a-la-provisio-duna-placa-de-tecnic-a-deducacio-infantil-per-a-la-llar-dinfants-municipal\/","title":{"rendered":"S&#8217;aproven les bases reguladores del proc\u00e9s selectiu per a la provisi\u00f3 d&#8217;una pla\u00e7a de t\u00e8cnic\/a d&#8217;Educaci\u00f3 Infantil per a la llar d&#8217;infants municipal"},"content":{"rendered":"\n<p>La Junta de Govern local d&#8217;aquest dilluns 8 de juliol ha aprovat les bases reguladores del proc\u00e9s selectiu, mitjan\u00e7ant concurs-oposici\u00f3, per a la provisi\u00f3 de la pla\u00e7a de t\u00e8cnic\/a d&#8217;Educaci\u00f3 Infantil, en r\u00e8gim laboral fix, vacant a la plantilla de personal vigent, en execuci\u00f3 de l&#8217;OPO per a l&#8217;any 2024.<\/p>\n\n\n\n<p>El termini per presentar sol\u00b7licituds comen\u00e7ar\u00e0 l&#8217;endem\u00e0 de la publicaci\u00f3 de l&#8217;anunci de la convocat\u00f2ria al Diari Oficial de la Generalitat de Catalunya i els interessats o les interessades comptaran amb un termini de vint dies h\u00e0bils per cursar les seves sol\u00b7licituds. Des de l&#8217;Ajuntament de la Bisbal del Pened\u00e8s us informarem, de nou, quan s&#8217;hagi publicat l&#8217;anunci de la convocat\u00f2ria.<\/p>\n\n\n\n<p>El regidor d&#8217;Ensenyament, Daniel Caballero, s&#8217;ha mostrat satisfet amb aquesta aprovaci\u00f3, ja compleix una de les propostes a les quals es va comprometre l&#8217;equip de govern en l&#8217;actual Pla de mandat (2023\/2027).<\/p>\n\n\n\n<hr class=\"wp-block-separator has-alpha-channel-opacity\"\/>\n\n\n\n<p><strong>CASTELLANO <\/strong>| La Junta de Gobierno local de este lunes 8 de julio ha aprobado las bases reguladoras del proceso selectivo, mediante concurso-oposici\u00f3n, para la provisi\u00f3n de la plaza de t\u00e9cnico\/a de Educaci\u00f3n infantil, en r\u00e9gimen laboral fijo, vacante en la plantilla de personal vigente, en ejecuci\u00f3n de la OPO para el a\u00f1o 2024.<\/p>\n\n\n\n<p>El plazo para presentar solicitudes empezar\u00e1 el d\u00eda siguiente de la publicaci\u00f3n del anuncio de la convocatoria en el Diari Oficial de la Generalitat de Catalunya y los interesados o las interesadas contar\u00e1n con un plazo de veinte d\u00edas h\u00e1biles para cursar sus solicitudes. Desde el Ajuntament de la Bisbal del Pened\u00e8s os informaremos, de nuevo, cuando se haya publicado el anuncio de la convocatoria.<\/p>\n\n\n\n<p>El concejal de Educaci\u00f3n, Daniel Caballero, se ha mostrado satisfecho con esta aprobaci\u00f3n, ya que persigue el cumple una de las propuestas con las que se comprometi\u00f3 el equipo de gobierno en el actual Plan de mandato (2023\/2027).<\/p>\n","protected":false},"excerpt":{"rendered":"<p>La Junta de Govern local d&#8217;aquest dilluns 8 de juliol ha aprovat les bases reguladores del proc\u00e9s selectiu, mitjan\u00e7ant concurs-oposici\u00f3, per a la provisi\u00f3 de la pla\u00e7a de t\u00e8cnic\/a d&#8217;Educaci\u00f3 &hellip; <a href=\"https:\/\/bisbalpenedes.com\/web\/2024\/07\/10\/saproven-les-bases-reguladores-del-proces-selectiu-per-a-la-provisio-duna-placa-de-tecnic-a-deducacio-infantil-per-a-la-llar-dinfants-municipal\/\" class=\"more-link\">Read More<\/a><\/p>\n","protected":false},"author":4,"featured_media":30912,"comment_status":"closed","ping_status":"closed","sticky":false,"template":"","format":"standard","meta":[],"categories":[3456,3085,8],"tags":[],"_links":{"self":[{"href":"https:\/\/bisbalpenedes.com\/web\/wp-json\/wp\/v2\/posts\/30910"}],"collection":[{"href":"https:\/\/bisbalpenedes.com\/web\/wp-json\/wp\/v2\/posts"}],"about":[{"href":"https:\/\/bisbalpenedes.com\/web\/wp-json\/wp\/v2\/types\/post"}],"author":[{"embeddable":true,"href":"https:\/\/bisbalpenedes.com\/web\/wp-json\/wp\/v2\/users\/4"}],"replies":[{"embeddable":true,"href":"https:\/\/bisbalpenedes.com\/web\/wp-json\/wp\/v2\/comments?post=30910"}],"version-history":[{"count":1,"href":"https:\/\/bisbalpenedes.com\/web\/wp-json\/wp\/v2\/posts\/30910\/revisions"}],"predecessor-version":[{"id":30913,"href":"https:\/\/bisbalpenedes.com\/web\/wp-json\/wp\/v2\/posts\/30910\/revisions\/30913"}],"wp:featuredmedia":[{"embeddable":true,"href":"https:\/\/bisbalpenedes.com\/web\/wp-json\/wp\/v2\/media\/30912"}],"wp:attachment":[{"href":"https:\/\/bisbalpenedes.com\/web\/wp-json\/wp\/v2\/media?parent=30910"}],"wp:term":[{"taxonomy":"category","embeddable":true,"href":"https:\/\/bisbalpenedes.com\/web\/wp-json\/wp\/v2\/categories?post=30910"},{"taxonomy":"post_tag","embeddable":true,"href":"https:\/\/bisbalpenedes.com\/web\/wp-json\/wp\/v2\/tags?post=30910"}],"curies":[{"name":"wp","href":"https:\/\/api.w.org\/{rel}","templated":true}]}}