{"id":30905,"date":"2024-07-09T19:42:40","date_gmt":"2024-07-09T17:42:40","guid":{"rendered":"https:\/\/bisbalpenedes.com\/web\/?p=30905"},"modified":"2024-07-09T19:42:40","modified_gmt":"2024-07-09T17:42:40","slug":"lequip-de-govern-aprova-el-conveni-del-curs-escolar-2023-2024-amb-lescola-ull-de-vent-per-un-import-de-19-818e-per-destinar-lo-a-material-escolar-i-equips-informatics","status":"publish","type":"post","link":"https:\/\/bisbalpenedes.com\/web\/2024\/07\/09\/lequip-de-govern-aprova-el-conveni-del-curs-escolar-2023-2024-amb-lescola-ull-de-vent-per-un-import-de-19-818e-per-destinar-lo-a-material-escolar-i-equips-informatics\/","title":{"rendered":"<strong>L&#8217;equip de govern aprova el conveni del curs escolar 2023\/2024 amb l&#8217;escola Ull de Vent per un import de 19.818\u20ac per destinar-lo a material escolar i equips inform\u00e0tics<\/strong>"},"content":{"rendered":"\n<p><strong>Des de la Regidoria d&#8217;Ensenyament es treballa de forma conjunta amb la direcci\u00f3 de l&#8217;escola per preparar la subvenci\u00f3 del curs 2024\/2025<\/strong><\/p>\n\n\n\n<p>La Junta de govern del dilluns 8 de juliol ha aprovat el conveni 2023\/2024 amb l&#8217;Escola Ull de Vent. L&#8217;import de l&#8217;ajuda ascendeix a 19.818\u20ac i t\u00e9 com a objectiu contribuir al bon funcionament del centre i garantir la igualtat de tot l&#8217;alumnat en mat\u00e8ria d&#8217;ensenyament. El conveni tamb\u00e9 inclou la cessi\u00f3 d&#8217;espais entre l&#8217;Ajuntament i l&#8217;escola de l&#8217;any 2024.<\/p>\n\n\n\n<p>L&#8217;Ajuntament de la Bisbal del Pened\u00e8s ha incrementat l&#8217;import destinat a material tenint en compte la pujada de preus. Enguany, ha estimat l&#8217;import per alumne empadronat en 62\u20ac i, tenint en compte que a l&#8217;escola hi ha 239 alumnes, l&#8217;import total d&#8217;aquesta ajuda ascendiria a 14.818\u20ac. No obstant aix\u00f2, des de l&#8217;equip de govern s&#8217;ha considerat sumar l&#8217;import de 5.000\u20ac perqu\u00e8 el centre pugui renovar equips inform\u00e0tics.<\/p>\n\n\n\n<p>A banda d&#8217;aquest conveni, en l&#8217;actualitat l&#8217;Ajuntament de la Bisbal del Pened\u00e8s tamb\u00e9 assumeix les despeses de:<\/p>\n\n\n\n<ul><li>Dues fotocopiadores (una per edifici)<\/li><li>Paper per a tot el curs escolar<\/li><li>El personal de consergeria<\/li><li>El personal de neteja del centre<\/li><li>Gasoil per a la calefacci\u00f3<\/li><li>L&#8217;activitat Evaludens de lectura i narraci\u00f3 en veu alta<\/li><\/ul>\n\n\n\n<p>El conveni per al nou curs s&#8217;ha signat amb la nova directora del centre, Agn\u00e8s Sol\u00e9. L&#8217;alcaldessa Agn\u00e8s Ferr\u00e9 i el regidor d&#8217;Ensenyament, Daniel Caballero, li han donat la benvinguda a l&#8217;Ajuntament i li han mostrat tot el suport per part de l&#8217;equip de govern. Des de la Regidoria d&#8217;Ensenyament es treballa de forma conjunta amb la direcci\u00f3 de l&#8217;escola per preparar la subvenci\u00f3 del curs 2024\/2025.<\/p>\n\n\n\n<hr class=\"wp-block-separator has-alpha-channel-opacity\"\/>\n\n\n\n<p><strong>CASTELLANO | El equipo de gobierno aprueba el convenio del curso escolar 2023\/2024 con la escuela Ull de Vent por un importe de 19.818\u20ac para destinarlo a material escolar y equipos inform\u00e1ticos<\/strong><\/p>\n\n\n\n<p><strong>Desde la Concejal\u00eda de Educaci\u00f3n se trabaja de forma conjunta con la direcci\u00f3n de la escuela para preparar la subvenci\u00f3n del curso 2024\/2025<\/strong><\/p>\n\n\n\n<p>La Junta de gobierno del lunes 8 de julio ha aprobado el convenio 2023\/2024 con la escuela Ull de Vent. El importe de la ayuda asciende a 19.818\u20ac y tiene como objetivo contribuir al buen funcionamiento del centro y garantizar la igualdad de todo el alumnado en materia de ense\u00f1anza. El convenio tambi\u00e9n incluye la cesi\u00f3n de espacios entre el Ajuntament y la escuela del a\u00f1o 2024.<\/p>\n\n\n\n<p>ElAjuntament de la Bisbal del Pened\u00e8s ha incrementado el importe destinado a material teniendo en cuenta la subida de precios. Este a\u00f1o, ha estimado el importe por alumno empadronado en 62\u20ac y, teniendo en cuenta que en la escuela hay 239 alumnos, el importe total de esta ayuda ascender\u00eda a 14.818\u20ac. Sin embargo, desde el equipo de gobierno se ha considerado sumar el importe de 5.000\u20ac para que el centro pueda renovar equipos inform\u00e1ticos.<\/p>\n\n\n\n<p>Adem\u00e1s de este convenio, en la actualidad el Ayuntamiento de la Bisbal del Pened\u00e8s tambi\u00e9n asume los gastos de:<\/p>\n\n\n\n<ul><li>Dos fotocopiadoras (una por edificio)<\/li><li>Papel para todo el curso escolar<\/li><li>El personal de conserjer\u00eda<\/li><li>El personal de limpieza del centro<\/li><li>Gas\u00f3leo para la calefacci\u00f3n<\/li><li>La actividad Evaludens de lectura y narraci\u00f3n en voz alta<\/li><\/ul>\n\n\n\n<p>El convenio para el nuevo curso se ha firmado con la nueva directora del centro, Agn\u00e8s Sol\u00e9. La alcaldesa Agn\u00e8s Ferr\u00e9 y el regidor de Educaci\u00f3n, Daniel Caballero, le han dado la bienvenida en el Ajuntament y le han mostrado todo el apoyo por parte del equipo de gobierno. Desde la Concejal\u00eda de Educaci\u00f3n ya se trabaja de forma conjunta con la direcci\u00f3n de la escuela para preparar la subvenci\u00f3n del curso 2024\/2025.<\/p>\n","protected":false},"excerpt":{"rendered":"<p>Des de la Regidoria d&#8217;Ensenyament es treballa de forma conjunta amb la direcci\u00f3 de l&#8217;escola per preparar la subvenci\u00f3 del curs 2024\/2025 La Junta de govern del dilluns 8 de &hellip; <a href=\"https:\/\/bisbalpenedes.com\/web\/2024\/07\/09\/lequip-de-govern-aprova-el-conveni-del-curs-escolar-2023-2024-amb-lescola-ull-de-vent-per-un-import-de-19-818e-per-destinar-lo-a-material-escolar-i-equips-informatics\/\" class=\"more-link\">Read More<\/a><\/p>\n","protected":false},"author":4,"featured_media":30906,"comment_status":"closed","ping_status":"closed","sticky":false,"template":"","format":"standard","meta":[],"categories":[3456,8],"tags":[440,862,6730,393,606,222],"_links":{"self":[{"href":"https:\/\/bisbalpenedes.com\/web\/wp-json\/wp\/v2\/posts\/30905"}],"collection":[{"href":"https:\/\/bisbalpenedes.com\/web\/wp-json\/wp\/v2\/posts"}],"about":[{"href":"https:\/\/bisbalpenedes.com\/web\/wp-json\/wp\/v2\/types\/post"}],"author":[{"embeddable":true,"href":"https:\/\/bisbalpenedes.com\/web\/wp-json\/wp\/v2\/users\/4"}],"replies":[{"embeddable":true,"href":"https:\/\/bisbalpenedes.com\/web\/wp-json\/wp\/v2\/comments?post=30905"}],"version-history":[{"count":1,"href":"https:\/\/bisbalpenedes.com\/web\/wp-json\/wp\/v2\/posts\/30905\/revisions"}],"predecessor-version":[{"id":30907,"href":"https:\/\/bisbalpenedes.com\/web\/wp-json\/wp\/v2\/posts\/30905\/revisions\/30907"}],"wp:featuredmedia":[{"embeddable":true,"href":"https:\/\/bisbalpenedes.com\/web\/wp-json\/wp\/v2\/media\/30906"}],"wp:attachment":[{"href":"https:\/\/bisbalpenedes.com\/web\/wp-json\/wp\/v2\/media?parent=30905"}],"wp:term":[{"taxonomy":"category","embeddable":true,"href":"https:\/\/bisbalpenedes.com\/web\/wp-json\/wp\/v2\/categories?post=30905"},{"taxonomy":"post_tag","embeddable":true,"href":"https:\/\/bisbalpenedes.com\/web\/wp-json\/wp\/v2\/tags?post=30905"}],"curies":[{"name":"wp","href":"https:\/\/api.w.org\/{rel}","templated":true}]}}