{"id":30902,"date":"2024-07-09T19:09:19","date_gmt":"2024-07-09T17:09:19","guid":{"rendered":"https:\/\/bisbalpenedes.com\/web\/?p=30902"},"modified":"2024-07-09T19:09:19","modified_gmt":"2024-07-09T17:09:19","slug":"comencen-les-reunions-amb-les-colles-castelleres-que-participaran-en-la-diada-del-15-dagost-la-1a-trobada-sha-celebrat-amb-la-colla-castellera-de-la-bisbal-del-penedes-bous","status":"publish","type":"post","link":"https:\/\/bisbalpenedes.com\/web\/2024\/07\/09\/comencen-les-reunions-amb-les-colles-castelleres-que-participaran-en-la-diada-del-15-dagost-la-1a-trobada-sha-celebrat-amb-la-colla-castellera-de-la-bisbal-del-penedes-bous\/","title":{"rendered":"Comencen les reunions amb les colles castelleres que participaran en la diada del 15 d&#8217;agost &#8211; La 1a trobada s&#8217;ha celebrat amb la Colla Castellera de la Bisbal del Pened\u00e8s &#8211; Bous"},"content":{"rendered":"\n<p>L\u2019equip de govern ha comen\u00e7at la ronda de reunions amb les colles castelleres que participaran en la diada castellera del 15 d\u2019agost.<\/p>\n\n\n\n<p>En primer lloc, ha conversat amb el cap de colla, l\u2019Eloi Garcia Cass\u00e0 i el sotscap l\u2019Aleix Garcia Cass\u00e0 de la Colla Castellera La Bisbal del Pened\u00e8s Els Bous<\/p>\n\n\n\n<hr class=\"wp-block-separator has-alpha-channel-opacity\"\/>\n\n\n\n<p>El equipo de gobierno ha empezado la ronda de reuniones con las \u201ccolles castelleres\u201d que participar\u00e1n en la diada castellera del 15 de agosto.<\/p>\n\n\n\n<p>En primer lugar, ha conversado con el &#8216;cap&#8217; de colla, Eloi Garc\u00eda Cass\u00e0 y el &#8216;sotscap&#8217; de colla, Aleix Garcia Cass\u00e0 de la Colla Castellera La Bisbal del Pened\u00e8s Els Bous<\/p>\n","protected":false},"excerpt":{"rendered":"<p>L\u2019equip de govern ha comen\u00e7at la ronda de reunions amb les colles castelleres que participaran en la diada castellera del 15 d\u2019agost. En primer lloc, ha conversat amb el cap &hellip; <a href=\"https:\/\/bisbalpenedes.com\/web\/2024\/07\/09\/comencen-les-reunions-amb-les-colles-castelleres-que-participaran-en-la-diada-del-15-dagost-la-1a-trobada-sha-celebrat-amb-la-colla-castellera-de-la-bisbal-del-penedes-bous\/\" class=\"more-link\">Read More<\/a><\/p>\n","protected":false},"author":4,"featured_media":30903,"comment_status":"closed","ping_status":"closed","sticky":false,"template":"","format":"standard","meta":[],"categories":[8],"tags":[],"_links":{"self":[{"href":"https:\/\/bisbalpenedes.com\/web\/wp-json\/wp\/v2\/posts\/30902"}],"collection":[{"href":"https:\/\/bisbalpenedes.com\/web\/wp-json\/wp\/v2\/posts"}],"about":[{"href":"https:\/\/bisbalpenedes.com\/web\/wp-json\/wp\/v2\/types\/post"}],"author":[{"embeddable":true,"href":"https:\/\/bisbalpenedes.com\/web\/wp-json\/wp\/v2\/users\/4"}],"replies":[{"embeddable":true,"href":"https:\/\/bisbalpenedes.com\/web\/wp-json\/wp\/v2\/comments?post=30902"}],"version-history":[{"count":1,"href":"https:\/\/bisbalpenedes.com\/web\/wp-json\/wp\/v2\/posts\/30902\/revisions"}],"predecessor-version":[{"id":30904,"href":"https:\/\/bisbalpenedes.com\/web\/wp-json\/wp\/v2\/posts\/30902\/revisions\/30904"}],"wp:featuredmedia":[{"embeddable":true,"href":"https:\/\/bisbalpenedes.com\/web\/wp-json\/wp\/v2\/media\/30903"}],"wp:attachment":[{"href":"https:\/\/bisbalpenedes.com\/web\/wp-json\/wp\/v2\/media?parent=30902"}],"wp:term":[{"taxonomy":"category","embeddable":true,"href":"https:\/\/bisbalpenedes.com\/web\/wp-json\/wp\/v2\/categories?post=30902"},{"taxonomy":"post_tag","embeddable":true,"href":"https:\/\/bisbalpenedes.com\/web\/wp-json\/wp\/v2\/tags?post=30902"}],"curies":[{"name":"wp","href":"https:\/\/api.w.org\/{rel}","templated":true}]}}