{"id":30897,"date":"2024-07-09T13:55:08","date_gmt":"2024-07-09T11:55:08","guid":{"rendered":"https:\/\/bisbalpenedes.com\/web\/?p=30897"},"modified":"2024-07-09T13:59:12","modified_gmt":"2024-07-09T11:59:12","slug":"comissio-comptes-exercici-2023","status":"publish","type":"post","link":"https:\/\/bisbalpenedes.com\/web\/2024\/07\/09\/comissio-comptes-exercici-2023\/","title":{"rendered":"El dilluns 8 de juliol va tenir lloc la Comissi\u00f3 Especial de Comptes i es van aprovar els Comptes de l\u2019exercici 2023"},"content":{"rendered":"\n<h3><strong>\u201cEls comptes estan sanejats amb deute zero, sense apujar impostos i amb un increment d\u2019impostos provinents de les zones industrials\u201d<\/strong><\/h3>\n\n\n\n<p>El dilluns 8 de juliol, a les 9 del mat\u00ed, es va celebrar la Comissi\u00f3 Especial de Comptes de l\u2019Exercici 2023 per examinar, estudiar i informar del Compte General anual del Pressupost de l\u2019Ajuntament de la Bisbal del Pened\u00e8s en compliment d\u2019all\u00f2 que disposen la Llei i el ROM.<\/p>\n\n\n\n<p>La Comissi\u00f3 Especial de Comptes est\u00e0 integrada per un membre de cada grup pol\u00edtic de la Corporaci\u00f3 amb vot ponderat. Tamb\u00e9 van prendre part de la Comissi\u00f3 l\u2019alcaldessa Agn\u00e8s Ferr\u00e9 com a presidenta, la secret\u00e0ria i la interventora municipal. Els Comptes de l\u2019exercici 2023 van quedar aprovats favorablement i van quedar justificats, amb els seg\u00fcents vots:<\/p>\n\n\n\n<p>-Feliu Gil, en representaci\u00f3 de Comprom\u00eds amb la Bisbal (5 vots ponderats): a favor<\/p>\n\n\n\n<p>-Mart\u00edn Deluca, en representaci\u00f3 de La Bisbal Decideix (2 vots ponderats): abstenci\u00f3<\/p>\n\n\n\n<p>-Maguy Antol\u00edn, en representaci\u00f3 de Tots som la Bisbal-Urbanizaciones Unidas (2 vots ponderats): en contra<\/p>\n\n\n\n<p>-Daniel Caballero, en representaci\u00f3 del PSC (1 vot ponderat): a favor<\/p>\n\n\n\n<p>-S\u00edlvia Monfort, en representaci\u00f3 d\u2019ERC (1 vot ponderat): a favor<\/p>\n\n\n\n<p>El compte general \u00e9s un conjunt de documents i estats comptables que s\u2019ha d\u2019elaborar en finalitzar l\u2019exercici econ\u00f2mic segons la instrucci\u00f3 de comptabilitat normal, Ordre HAP\/1781\/2013, de 20 de setembre, per la qual s\u2019aprova la Instrucci\u00f3 de Model Normal de Comptabilitat Local. Concretament, el contingut del compte general \u00e9s: el Balan\u00e7, el Compte del resultat econ\u00f2mic-patrimonial; l\u2019Estat de Canvis del Patrimoni Net; l\u2019Estat de Fluxos d\u2019Efectiu; l\u2019Estat de liquidaci\u00f3 del pressupost, la Mem\u00f2ria, l\u2019acta d\u2019arqueig i els certificats de les entitats banc\u00e0ries.<\/p>\n\n\n\n<p>La Comissi\u00f3 de Comptes es va convocar el 13 de juny i, des d\u2019aquell dia, tots els membres d\u2019aquesta -els regidors i regidores de cada grup pol\u00edtic amb representaci\u00f3 al Consistori, amb vot ponderat- han tingut acc\u00e9s a la documentaci\u00f3 per estudiar-la i poder consultar-la i plantejar dubtes. Aix\u00ed, els regidors i les regidores han tingut 25 dies per consultar la documentaci\u00f3 i l\u2019expedient.<\/p>\n\n\n\n<p>L\u2019alcaldessa Agn\u00e8s Ferr\u00e9 ha explicat que <em>\u201cen <\/em><em>8 anys i mig hem aconseguit un Ajuntament sanejat i sense endeutament. Ho hem aconseguit amb bona gesti\u00f3, sense apujar impostos i amb increment d\u2019ingressos provinents de les tres \u00e0rees industrials: les Planes, les Planes Baixes i Idiada\u201d<\/em>. Ferr\u00e9 ha afegit que <em>\u201cel 2023, el pressupost va cr\u00e9ixer un 35% respecte al 2022 i un 75% en comparaci\u00f3 amb el 2015. Quant als impostos, aquests no s\u2019han apujat i el deute s\u2019ha cancel\u00b7lat: hem passat de tenir un endeutament de 1.188\u20ac per bisbalenc el 2014 a un endeutament de 0\u20ac per bisbalenc el 31 de desembre de 2023\u201d.<\/em><\/p>\n\n\n\n<p><strong><u>LA LIQUIDACI\u00d3 DEL PRESSUPOST DE L\u2019EXERCICI 2023<\/u><\/strong><\/p>\n\n\n\n<p>El Compte general de l\u2019any 2023, amb tots els seus documents i annexos, reflecteix fidelment la situaci\u00f3 econ\u00f2mica, financera i patrimonial de l\u2019Ajuntament de la Bisbal del Pened\u00e8s.<\/p>\n\n\n\n<p>El pressupost aprovat inicial va ser de 6.648.178,55\u20ac i el pressupost final va ser de 9.934.618,31\u20ac, ja que s\u2019hi van incorporar el romanent de tresoreria, el super\u00e0vit de l\u2019any 2022 i les subvencions concedides. El super\u00e0vit va ascendir a 2.564.136,17\u20ac.<\/p>\n\n\n\n<p><strong>INDICADORS<\/strong><\/p>\n\n\n\n<p>-El flux de caixa va ser del 86%. Aquest \u00e9s la difer\u00e8ncia entre cobraments i pagaments durant l\u2019exercici 2023 i va ser positiva per un import de 809.643,62\u20ac, un import suficient per atendre el passiu corrent i no corrent d\u2019import 694.547,85\u20ac.<\/p>\n\n\n\n<p>-El rati d\u2019autonomia de l\u2019Ajuntament va ser del 98%, \u00e9s a dir, que l\u2019Ajuntament t\u00e9 molt poca depend\u00e8ncia dels ingressos externs, tot i que un dels ingressos m\u00e9s importants \u00e9s la participaci\u00f3 en els tributs de l\u2019Estat.<\/p>\n\n\n\n<p>-El Per\u00edode mitj\u00e0 de pagament a prove\u00efdors va ser d\u201911,88 dies. El m\u00e0xim legal \u00e9s de 30 dies.<\/p>\n\n\n\n<p>-Per habitant (4.259 habitants) tenim un super\u00e0vit de 436,17\u20ac, una inversi\u00f3 de 696,25\u20ac i una despesa de 1.678,46\u20ac.<\/p>\n\n\n\n<p><strong>LIQUIDACI\u00d3 DEL PRESSUPOST 2023<\/strong><\/p>\n\n\n\n<p>La liquidaci\u00f3 del pressupost 2023 es va aprovar per Decret d\u2019alcaldia el 20 de febrer de 2024. En el Ple ordinari de mar\u00e7 de 2024 es va donar compte de l\u2019informe d\u2019intervenci\u00f3 relatiu al compliment dels objectius d\u2019estabilitat pressupost\u00e0ria de la liquidaci\u00f3 de l\u2019exercici 2023.<\/p>\n\n\n\n<p>L\u2019objectiu d\u2019estabilitat pressupost\u00e0ria es compleix, perqu\u00e8 l\u2019Ajuntament va tenir super\u00e0vit pressupostari.<\/p>\n\n\n\n<p>L\u2019objectiu de la regla de la despesa no es va complir, \u00e9s a dir, la situaci\u00f3 en la qual la variaci\u00f3 de la despesa computable no supera la taxa de refer\u00e8ncia de creixement del Producte interior Brut corresponent a l\u2019exercici. Val a dir que, a causa de la pand\u00e8mia de COVID-19 i seguint les recomanacions de la Comissi\u00f3 Europea, el Consell de Ministres va aprovar la suspensi\u00f3 de la regla de la despesa durant els anys del 2020 al 2023. En aquest cas no es compleix per la incorporaci\u00f3, durant el 2023, de les partides de despeses per fer front a les obres del Pavell\u00f3 Esportiu Municipal i la Fassina.<\/p>\n\n\n\n<p>L\u2019objectiu del l\u00edmit de deute p\u00fablic es compleix, ja que est\u00e0 establert en un 110% d\u2019acord amb la normativa vigent i l\u2019Ajuntament tenia un deute viu total, a 31 de desembre de 2023, de 0\u20ac.<\/p>\n\n\n\n<p>El Compte general del 2023 es pot consultar al Portal de Transpar\u00e8ncia (<a href=\"https:\/\/bisbalpenedes.eadministracio.cat\/transparency\">clic aqu\u00ed<\/a>) i tamb\u00e9 es pot consultar a l\u2019Ajuntament de la Bisbal del Pened\u00e8s, de forma presencial, durant un termini de quinze dies h\u00e0bils a comptar des de l\u2019endem\u00e0 de la publicaci\u00f3 de l\u2019Edicte. Pr\u00e8viament, es publica l\u2019anunci al tauler de la seu electr\u00f2nica de l\u2019Ajuntament de la Bisbal del Pened\u00e8s. Durant el per\u00edode d\u2019exposici\u00f3 p\u00fablica es podran presentar reclamacions, objeccions i observacions i, aquestes, hauran de ser examinades per la Comissi\u00f3, pr\u00e8via pr\u00e0ctica de les comprovacions oportunes, per a l\u2019emissi\u00f3 d\u2019un nou informe que seria elevat, juntament amb les objeccions, reclamacions o observacions formulades, al Ple de la Corporaci\u00f3 municipal.<\/p>\n\n\n\n<p><strong>CASTELLANO<\/strong><\/p>\n\n\n\n<p><strong>El lunes 8 de julio tuvo lugar la Comisi\u00f3n Especial de Cuentas y se aprobaron las Cuentas del ejercicio 2023<\/strong><\/p>\n\n\n\n<p><strong>\u201cLas cuentas est\u00e1n saneadas con deuda cero, sin subir impuestos y con un incremento de impuestos provenientes de las zonas industriales\u201d<\/strong><\/p>\n\n\n\n<p>El lunes 8 de julio, a las 9 de la ma\u00f1ana, se celebr\u00f3 la Comisi\u00f3n Especial de Cuentas del Ejercicio 2023 para examinar, estudiar e informar de la Cuenta General anual del Presupuesto del Ajuntament de la Bisbal del Pened\u00e8s en cumplimiento de aquello que disponen la Ley y el ROM.<\/p>\n\n\n\n<p>La Comisi\u00f3n Especial de Cuentas est\u00e1 integrada por un miembro de cada grupo pol\u00edtico de la Corporaci\u00f3n con voto ponderado. Tambi\u00e9n tomaron parte de la Comisi\u00f3n la alcaldesa Agn\u00e8s Ferr\u00e9 como presidenta, la secretaria y la interventora municipal. Las Cuentas del ejercicio 2023 quedaron aprobadas favorablemente y quedaron justificados, con los siguientes votos:<\/p>\n\n\n\n<p>-Feliu Gil, en representaci\u00f3n de Comprom\u00eds amb la Bisbal (5 votos ponderados): a favor<\/p>\n\n\n\n<p>-Mart\u00edn Deluca, en representaci\u00f3n de La Bisbal Decideix (2 votos ponderados): abstenci\u00f3n<\/p>\n\n\n\n<p>-Maguy Antol\u00edn, en representaci\u00f3n de Tots Som la Bisbal-Urbanizaciones Unidas (2 votos ponderados): en contra<\/p>\n\n\n\n<p>-Daniel Caballero, en representaci\u00f3n del PSC (1 voto ponderado): a favor<\/p>\n\n\n\n<p>-S\u00edlvia Monfort, en representaci\u00f3n de ERC (1 voto ponderado): a favor<\/p>\n\n\n\n<p>La cuenta general es un conjunto de documentos y estados contables que se tiene que elaborar al finalizar el ejercicio econ\u00f3mico seg\u00fan la instrucci\u00f3n de contabilidad normal, Orden HAP\/1781\/2013, de 20 de septiembre, por la cual se aprueba la Instrucci\u00f3n de Modelo Normal de Contabilidad Local. Concretamente, el contenido de la cuenta general es: el Balance, la Cuenta del resultado econ\u00f3mico-patrimonial; el Estado de Cambios del Patrimonio Neto; el Estado de Flujos de Efectivo; el Estado de liquidaci\u00f3n del presupuesto, la Memoria, el acta de arqueo y los certificados de las entidades bancarias.<\/p>\n\n\n\n<p>La Comisi\u00f3n de Cuentas se convoc\u00f3 el 13 de junio y, desde aquel d\u00eda, todos los miembros de esta -los regidores y regidoras de cada grupo pol\u00edtico con representaci\u00f3n al Consistorio, con voto ponderado- han tenido acceso a la documentaci\u00f3n para estudiarla y poder consultarla y plantear dudas. As\u00ed, los regidores y las regidoras han tenido 25 d\u00edas para consultar la documentaci\u00f3n y el expediente.<\/p>\n\n\n\n<p>La alcaldesa Agn\u00e8s Ferr\u00e9 ha explicado <em>que \u201cen 8 a\u00f1os y medio hemos conseguido un Ajuntament saneado y sin endeudamiento. Lo hemos conseguido con buena gesti\u00f3n, sin subir impuestos y con incremento de ingresos provenientes de las tres \u00e1reas industriales: las Planes, las Planes Bajas y Idiada\u201d.<\/em> Ferr\u00e9 ha a\u00f1adido que <em>\u201cel 2023, el presupuesto creci\u00f3 un 35% respecto al 2022 y un 75% en comparaci\u00f3n con el 2015. En cuanto a los impuestos, estos no se han subido y la deuda se ha cancelado: hemos pasado de tener un endeudamiento de 1.188\u20ac por bisbalenc el 2014 a un endeudamiento de 0\u20ac por bisbalenc el 31 de diciembre de 2023\u201d.<\/em><\/p>\n\n\n\n<p><strong><u>LA LIQUIDACI\u00d3N DEL PRESUPUESTO DEL EJERCICIO 2023<\/u><\/strong><\/p>\n\n\n\n<p>La Cuenta general del a\u00f1o 2023, con todos sus documentos y anexos, refleja fielmente la situaci\u00f3n econ\u00f3mica, financiera y patrimonial del Ajuntament de la Bisbal del Pened\u00e8s.<\/p>\n\n\n\n<p>El presupuesto aprobado inicial fue de 6.648.178,55\u20ac y el presupuesto final fue de 9.934.618,31\u20ac, puesto que se incorporaron el remanente de tesorer\u00eda, el super\u00e1vit del a\u00f1o 2022 y las subvenciones concedidas. El super\u00e1vit ascendi\u00f3 a 2.564.136,17\u20ac.<\/p>\n\n\n\n<p><strong>INDICADORES<\/strong><\/p>\n\n\n\n<p>-El flujo de caja fue del 86%. Este es la diferencia entre cobros y pagos durante el ejercicio 2023 y fue positiva por un importe de 809.643,62\u20ac, un importe suficiente para atender el pasivo corriente y no corriente de importe 694.547,85\u20ac<\/p>\n\n\n\n<p>-La ratio de autonom\u00eda del Ajuntament fue del 98%, es decir, que el Ajuntament tiene muy poca dependencia de los ingresos externos, a pesar de que uno de los ingresos m\u00e1s importantes es la participaci\u00f3n en los tributos del Estado.<\/p>\n\n\n\n<p>-El Periodo medio de pago a proveedores fue de 11,88 d\u00edas. El m\u00e1ximo legal es de 30 d\u00edas.<\/p>\n\n\n\n<p>-Por habitante (4.259 habitantes) tenemos un super\u00e1vit de 436,17\u20ac, una inversi\u00f3n de 696,25\u20ac y un gasto de 1.678,46\u20ac.<\/p>\n\n\n\n<p><strong>LIQUIDACI\u00d3N DEL PRESUPUESTO 2023<\/strong><\/p>\n\n\n\n<p>La liquidaci\u00f3n del presupuesto 2023 se aprob\u00f3 por Decreto de alcald\u00eda el 20 de febrero de 2024. En el Pleno ordinario de marzo de 2024 se dio cuenta del informe de intervenci\u00f3n relativo al cumplimiento de los objetivos de estabilidad presupuestaria de la liquidaci\u00f3n del ejercicio 2023.<\/p>\n\n\n\n<p>El objetivo de estabilidad presupuestaria se cumple, porque el Ajuntament tuvo super\u00e1vit presupuestario.<\/p>\n\n\n\n<p>El objetivo de la regla del gasto no se cumpli\u00f3, es decir, la situaci\u00f3n en la cual la variaci\u00f3n del gasto computable no supera la tasa de referencia de crecimiento del Producto interior Bruto correspondiente al ejercicio. Justo es decir que, a causa de la pandemia de COVID-19 y siguiendo las recomendaciones de la Comisi\u00f3n Europea, el Consejo de Ministros aprob\u00f3 la suspensi\u00f3n de la regla del gasto durante los a\u00f1os del 2020 al 2023. En este caso no se cumple por la incorporaci\u00f3n, durante el 2023, de las partidas de gastos para hacer frente a las obras del Pavell\u00f3 Esportiu Municipal y la Fassina.<\/p>\n\n\n\n<p>El objetivo del l\u00edmite de deuda p\u00fablica se cumple, puesto que est\u00e1 establecido en un 110% de acuerdo con la normativa vigente y el Ayuntamiento ten\u00eda una deuda viva total, a 31 de diciembre de 2023, de 0\u20ac.<\/p>\n\n\n\n<p>La Cuenta general del 2023 se puede consultar en el Portal de Transparencia (<a href=\"https:\/\/bisbalpenedes.eadministracio.cat\/transparency\">clic aqu\u00ed<\/a>) y tambi\u00e9n se puede consultar en el Ajuntament de la Bisbal del Pened\u00e8s, de forma presencial, durante un plazo de quince d\u00edas h\u00e1biles a contar desde el d\u00eda siguiente a la publicaci\u00f3n del Edicto. Previamente, se publica el anuncio en el tablero de la sede electr\u00f3nica del Ajuntament de la Bisbal del Pened\u00e8s. Durante el periodo de exposici\u00f3n p\u00fablica se podr\u00e1n presentar reclamaciones, objeciones y observaciones y, estas, tendr\u00e1n que ser examinadas por la Comisi\u00f3n, previa pr\u00e1ctica de las comprobaciones oportunas, para la emisi\u00f3n de un nuevo informe que ser\u00eda elevado, junto con las objeciones, reclamaciones u observaciones formuladas, en el Pleno de la Corporaci\u00f3n<\/p>\n","protected":false},"excerpt":{"rendered":"<p>\u201cEls comptes estan sanejats amb deute zero, sense apujar impostos i amb un increment d\u2019impostos provinents de les zones industrials\u201d El dilluns 8 de juliol, a les 9 del mat\u00ed, &hellip; <a href=\"https:\/\/bisbalpenedes.com\/web\/2024\/07\/09\/comissio-comptes-exercici-2023\/\" class=\"more-link\">Read More<\/a><\/p>\n","protected":false},"author":4,"featured_media":30898,"comment_status":"closed","ping_status":"closed","sticky":false,"template":"","format":"standard","meta":[],"categories":[3835,8],"tags":[459,2077,393,1374,5635],"_links":{"self":[{"href":"https:\/\/bisbalpenedes.com\/web\/wp-json\/wp\/v2\/posts\/30897"}],"collection":[{"href":"https:\/\/bisbalpenedes.com\/web\/wp-json\/wp\/v2\/posts"}],"about":[{"href":"https:\/\/bisbalpenedes.com\/web\/wp-json\/wp\/v2\/types\/post"}],"author":[{"embeddable":true,"href":"https:\/\/bisbalpenedes.com\/web\/wp-json\/wp\/v2\/users\/4"}],"replies":[{"embeddable":true,"href":"https:\/\/bisbalpenedes.com\/web\/wp-json\/wp\/v2\/comments?post=30897"}],"version-history":[{"count":2,"href":"https:\/\/bisbalpenedes.com\/web\/wp-json\/wp\/v2\/posts\/30897\/revisions"}],"predecessor-version":[{"id":30900,"href":"https:\/\/bisbalpenedes.com\/web\/wp-json\/wp\/v2\/posts\/30897\/revisions\/30900"}],"wp:featuredmedia":[{"embeddable":true,"href":"https:\/\/bisbalpenedes.com\/web\/wp-json\/wp\/v2\/media\/30898"}],"wp:attachment":[{"href":"https:\/\/bisbalpenedes.com\/web\/wp-json\/wp\/v2\/media?parent=30897"}],"wp:term":[{"taxonomy":"category","embeddable":true,"href":"https:\/\/bisbalpenedes.com\/web\/wp-json\/wp\/v2\/categories?post=30897"},{"taxonomy":"post_tag","embeddable":true,"href":"https:\/\/bisbalpenedes.com\/web\/wp-json\/wp\/v2\/tags?post=30897"}],"curies":[{"name":"wp","href":"https:\/\/api.w.org\/{rel}","templated":true}]}}