{"id":30879,"date":"2024-07-08T14:14:33","date_gmt":"2024-07-08T12:14:33","guid":{"rendered":"https:\/\/bisbalpenedes.com\/web\/?p=30879"},"modified":"2024-07-08T14:14:33","modified_gmt":"2024-07-08T12:14:33","slug":"subvencions-per-a-autonoms-per-contractar-una-persona-treballadora-assalariada-generalitat-de-catalunya","status":"publish","type":"post","link":"https:\/\/bisbalpenedes.com\/web\/2024\/07\/08\/subvencions-per-a-autonoms-per-contractar-una-persona-treballadora-assalariada-generalitat-de-catalunya\/","title":{"rendered":"Subvencions per a aut\u00f2noms per contractar una persona treballadora assalariada (Generalitat de Catalunya)"},"content":{"rendered":"\n<p>S\u2019ha obert el termini per sol\u00b7licitar l\u2019ajut per a aut\u00f2noms per contractar una persona treballadora assalariada.<\/p>\n\n\n\n<p>El termini estar\u00e0 obert fins al 12 de setembre a les 14h.<\/p>\n\n\n\n<p>El contracte ha de ser indefinit i per a una jornada igual o superior al 50%.<\/p>\n\n\n\n<p>La durada m\u00ednima de la contractaci\u00f3 ser\u00e0 de 18 mesos.<\/p>\n\n\n\n<p>Per a m\u00e9s informaci\u00f3 accediu a <a rel=\"noreferrer noopener\" href=\"https:\/\/treball.gencat.cat\/\" target=\"_blank\">treball.gencat.cat<\/a><\/p>\n\n\n\n<p>Les sol\u00b7licituds s\u2019han de fer telem\u00e0ticament als webs que s\u2019indiquen en la imatge.<\/p>\n\n\n\n<hr class=\"wp-block-separator has-alpha-channel-opacity\"\/>\n\n\n\n<p>Se ha abierto el plazo para solicitar la ayuda para aut\u00f3nomos para contratar a una persona trabajadora asalariada.<\/p>\n\n\n\n<p>El plazo estar\u00e1 abierto hasta el 12 de septiembre a las 14h.<\/p>\n\n\n\n<p>El contrato tiene que ser indefinido y para una jornada igual o superior al 50%.<\/p>\n\n\n\n<p>La duraci\u00f3n m\u00ednima de la contrataci\u00f3n ser\u00e1 de 18 meses.<\/p>\n\n\n\n<p>Para m\u00e1s informaci\u00f3n acceded a <a rel=\"noreferrer noopener\" href=\"https:\/\/treball.gencat.cat\/\" target=\"_blank\">treball.gencat.cat<\/a><\/p>\n\n\n\n<p>Las solicitudes se tienen que hacer telem\u00e1ticamente en las webs que se indican en la imagen.<\/p>\n","protected":false},"excerpt":{"rendered":"<p>S\u2019ha obert el termini per sol\u00b7licitar l\u2019ajut per a aut\u00f2noms per contractar una persona treballadora assalariada. El termini estar\u00e0 obert fins al 12 de setembre a les 14h. El contracte &hellip; <a href=\"https:\/\/bisbalpenedes.com\/web\/2024\/07\/08\/subvencions-per-a-autonoms-per-contractar-una-persona-treballadora-assalariada-generalitat-de-catalunya\/\" class=\"more-link\">Read More<\/a><\/p>\n","protected":false},"author":4,"featured_media":30880,"comment_status":"closed","ping_status":"closed","sticky":false,"template":"","format":"standard","meta":[],"categories":[3822,8,9,1578,3431],"tags":[4412,326,393,99],"_links":{"self":[{"href":"https:\/\/bisbalpenedes.com\/web\/wp-json\/wp\/v2\/posts\/30879"}],"collection":[{"href":"https:\/\/bisbalpenedes.com\/web\/wp-json\/wp\/v2\/posts"}],"about":[{"href":"https:\/\/bisbalpenedes.com\/web\/wp-json\/wp\/v2\/types\/post"}],"author":[{"embeddable":true,"href":"https:\/\/bisbalpenedes.com\/web\/wp-json\/wp\/v2\/users\/4"}],"replies":[{"embeddable":true,"href":"https:\/\/bisbalpenedes.com\/web\/wp-json\/wp\/v2\/comments?post=30879"}],"version-history":[{"count":1,"href":"https:\/\/bisbalpenedes.com\/web\/wp-json\/wp\/v2\/posts\/30879\/revisions"}],"predecessor-version":[{"id":30881,"href":"https:\/\/bisbalpenedes.com\/web\/wp-json\/wp\/v2\/posts\/30879\/revisions\/30881"}],"wp:featuredmedia":[{"embeddable":true,"href":"https:\/\/bisbalpenedes.com\/web\/wp-json\/wp\/v2\/media\/30880"}],"wp:attachment":[{"href":"https:\/\/bisbalpenedes.com\/web\/wp-json\/wp\/v2\/media?parent=30879"}],"wp:term":[{"taxonomy":"category","embeddable":true,"href":"https:\/\/bisbalpenedes.com\/web\/wp-json\/wp\/v2\/categories?post=30879"},{"taxonomy":"post_tag","embeddable":true,"href":"https:\/\/bisbalpenedes.com\/web\/wp-json\/wp\/v2\/tags?post=30879"}],"curies":[{"name":"wp","href":"https:\/\/api.w.org\/{rel}","templated":true}]}}