{"id":30868,"date":"2024-07-05T18:50:57","date_gmt":"2024-07-05T16:50:57","guid":{"rendered":"https:\/\/bisbalpenedes.com\/web\/?p=30868"},"modified":"2024-07-05T18:50:57","modified_gmt":"2024-07-05T16:50:57","slug":"sha-aprovat-la-quota-del-2024-del-conveni-amb-jove-baix-penedes","status":"publish","type":"post","link":"https:\/\/bisbalpenedes.com\/web\/2024\/07\/05\/sha-aprovat-la-quota-del-2024-del-conveni-amb-jove-baix-penedes\/","title":{"rendered":"<strong>S\u2019ha aprovat la quota del 2024 del conveni amb Jove Baix Pened\u00e8s<\/strong>"},"content":{"rendered":"\n<p>La Junta de Govern del passat 21 de juny va aprovar, a petici\u00f3 de la Regidoria de Joventut, la quota 2024 de Jove Baix Pened\u00e8s del Consell Comarcal del Baix Pened\u00e8s per a l\u2019assist\u00e8ncia t\u00e8cnica en mat\u00e8ria de joventut, per un import de 3.621,09\u20ac.<\/p>\n\n\n\n<p>Aquesta quota respon al conveni aprovat l\u2019abril de 2022 pel Consell Comarcal del Baix Pened\u00e8s, que vehicula la delegaci\u00f3 de les compet\u00e8ncies municipals per a activitats complement\u00e0ries en mat\u00e8ria de joventut englobades en l\u2019acci\u00f3 de \u201cJove Baix Pened\u00e8s\u201d i la col\u00b7laboraci\u00f3 per a l\u2019assist\u00e8ncia t\u00e8cnica en mat\u00e8ria de joventut. El conveni actual t\u00e9 una vig\u00e8ncia de 4 anys (2022-2025) prorrogable a quatre anys m\u00e9s.<\/p>\n\n\n\n<hr class=\"wp-block-separator has-alpha-channel-opacity\"\/>\n\n\n\n<p><strong>CASTELLANO | <\/strong>La Junta de Gobierno del pasado 21 de junio aprob\u00f3, a petici\u00f3n de la Concejal\u00eda de Juventud, la cuota 2024 de Jove Baix Pened\u00e8s del Consell Comarcal del Baix Pened\u00e8s para la asistencia t\u00e9cnica en materia de juventud, por un importe de 3.621,09\u20ac.<\/p>\n\n\n\n<p>Esta cuota responde al convenio aprobado en abril de 2022 por el Consell Comarcal del Baix Pened\u00e8s, que vehicula la delegaci\u00f3n de las competencias municipales para actividades complementarias en materia de juventud englobadas en la acci\u00f3n de \u201cJove Baix Pened\u00e8s\u201d y la colaboraci\u00f3n para la asistencia t\u00e9cnica en materia de juventud. El convenio actual tiene una vigencia de cuatro a\u00f1os (2022-2025) prorrogable a 4 a\u00f1os m\u00e1s.<\/p>\n","protected":false},"excerpt":{"rendered":"<p>La Junta de Govern del passat 21 de juny va aprovar, a petici\u00f3 de la Regidoria de Joventut, la quota 2024 de Jove Baix Pened\u00e8s del Consell Comarcal del Baix &hellip; <a href=\"https:\/\/bisbalpenedes.com\/web\/2024\/07\/05\/sha-aprovat-la-quota-del-2024-del-conveni-amb-jove-baix-penedes\/\" class=\"more-link\">Read More<\/a><\/p>\n","protected":false},"author":4,"featured_media":30869,"comment_status":"closed","ping_status":"closed","sticky":false,"template":"","format":"standard","meta":[],"categories":[4269,3085,8],"tags":[1056,440,1057,210,393],"_links":{"self":[{"href":"https:\/\/bisbalpenedes.com\/web\/wp-json\/wp\/v2\/posts\/30868"}],"collection":[{"href":"https:\/\/bisbalpenedes.com\/web\/wp-json\/wp\/v2\/posts"}],"about":[{"href":"https:\/\/bisbalpenedes.com\/web\/wp-json\/wp\/v2\/types\/post"}],"author":[{"embeddable":true,"href":"https:\/\/bisbalpenedes.com\/web\/wp-json\/wp\/v2\/users\/4"}],"replies":[{"embeddable":true,"href":"https:\/\/bisbalpenedes.com\/web\/wp-json\/wp\/v2\/comments?post=30868"}],"version-history":[{"count":1,"href":"https:\/\/bisbalpenedes.com\/web\/wp-json\/wp\/v2\/posts\/30868\/revisions"}],"predecessor-version":[{"id":30870,"href":"https:\/\/bisbalpenedes.com\/web\/wp-json\/wp\/v2\/posts\/30868\/revisions\/30870"}],"wp:featuredmedia":[{"embeddable":true,"href":"https:\/\/bisbalpenedes.com\/web\/wp-json\/wp\/v2\/media\/30869"}],"wp:attachment":[{"href":"https:\/\/bisbalpenedes.com\/web\/wp-json\/wp\/v2\/media?parent=30868"}],"wp:term":[{"taxonomy":"category","embeddable":true,"href":"https:\/\/bisbalpenedes.com\/web\/wp-json\/wp\/v2\/categories?post=30868"},{"taxonomy":"post_tag","embeddable":true,"href":"https:\/\/bisbalpenedes.com\/web\/wp-json\/wp\/v2\/tags?post=30868"}],"curies":[{"name":"wp","href":"https:\/\/api.w.org\/{rel}","templated":true}]}}