{"id":30858,"date":"2024-07-05T18:10:53","date_gmt":"2024-07-05T16:10:53","guid":{"rendered":"https:\/\/bisbalpenedes.com\/web\/?p=30858"},"modified":"2024-07-05T18:14:06","modified_gmt":"2024-07-05T16:14:06","slug":"pindoles-informatives-apps-per-trobar-feina-i-certificats-digitals-per-fer-tramits-a-traves-dinternet","status":"publish","type":"post","link":"https:\/\/bisbalpenedes.com\/web\/2024\/07\/05\/pindoles-informatives-apps-per-trobar-feina-i-certificats-digitals-per-fer-tramits-a-traves-dinternet\/","title":{"rendered":"P\u00edndoles informatives: apps per trobar feina i certificats digitals per fer tr\u00e0mits a trav\u00e9s d&#8217;internet"},"content":{"rendered":"\n<p>Us facilitem m\u00e9s eines per a cerca activa de feina i per facilitar-vos les gestions.<\/p>\n\n\n\n<p>No us podeu perdre les pr\u00f2ximes c\u00e0psules gratu\u00eftes per aprendre:<\/p>\n\n\n\n<ul><li>Quines s\u00f3n les apps m\u00e9s \u00fatils per trobar feina i com s\u2019utilitzen. Prevista per al 16 de juliol a la Bisbal del Pened\u00e8s<\/li><li>Com utilitzar el certificat digital al m\u00f2bil i l\u2019ordinador per fer tr\u00e0mits amb l\u2019administraci\u00f3 p\u00fablica. Prevista per al 17 de juliol a Santa Oliva. <\/li><\/ul>\n\n\n\n<p>\u00c9s una iniciativa del projecte \u201cTreball a les Comarques\u201d del Consell Comarcal del Baix Pened\u00e8s, la Xarxa d\u2019Ocupaci\u00f3 del Baix Pened\u00e8s, l\u2019Ajuntament del Vendrell i l\u2019Ajuntament de Calafell.<\/p>\n\n\n\n<hr class=\"wp-block-separator has-alpha-channel-opacity\"\/>\n\n\n\n<p><strong>CASTELLANO | <\/strong>Os facilitamos m\u00e1s herramientas para la b\u00fasqueda activa de Trabajo y para facilitaros las gestiones.<\/p>\n\n\n\n<p>No os pod\u00e9is perder las pr\u00f3ximas c\u00e1psulas gratuitas para aprender:<\/p>\n\n\n\n<ul><li>Cu\u00e1les son las aplicaciones m\u00e1s \u00fatiles para encontrar Trabajo y c\u00f3mo se utilizan. Prevista para el d\u00eda 16 de julio en la Bisbal del Pened\u00e8s.<\/li><li>Como utilizar el certificado digital en el m\u00f3vil y en el ordenador para hacer tr\u00e1mites con la administraci\u00f3n p\u00fablica. Prevista para el 17 de julio en Santa Oliva.<\/li><\/ul>\n\n\n\n<p>Es una iniciativa del proyecto \u201cTreball a les Coamrques\u201d del Consell Comarcal del Baix Pened\u00e8s, la Xarxa d\u2019Ocupaci\u00f3 del Baix Pened\u00e8s, el Ajuntament del Vendrell y el Ajuntament de Calafell.<\/p>\n","protected":false},"excerpt":{"rendered":"<p>Us facilitem m\u00e9s eines per a cerca activa de feina i per facilitar-vos les gestions. No us podeu perdre les pr\u00f2ximes c\u00e0psules gratu\u00eftes per aprendre: Quines s\u00f3n les apps m\u00e9s &hellip; <a href=\"https:\/\/bisbalpenedes.com\/web\/2024\/07\/05\/pindoles-informatives-apps-per-trobar-feina-i-certificats-digitals-per-fer-tramits-a-traves-dinternet\/\" class=\"more-link\">Read More<\/a><\/p>\n","protected":false},"author":4,"featured_media":30859,"comment_status":"closed","ping_status":"closed","sticky":false,"template":"","format":"standard","meta":[],"categories":[8,9],"tags":[6724,459,6722,6723,393,3204,6504],"_links":{"self":[{"href":"https:\/\/bisbalpenedes.com\/web\/wp-json\/wp\/v2\/posts\/30858"}],"collection":[{"href":"https:\/\/bisbalpenedes.com\/web\/wp-json\/wp\/v2\/posts"}],"about":[{"href":"https:\/\/bisbalpenedes.com\/web\/wp-json\/wp\/v2\/types\/post"}],"author":[{"embeddable":true,"href":"https:\/\/bisbalpenedes.com\/web\/wp-json\/wp\/v2\/users\/4"}],"replies":[{"embeddable":true,"href":"https:\/\/bisbalpenedes.com\/web\/wp-json\/wp\/v2\/comments?post=30858"}],"version-history":[{"count":2,"href":"https:\/\/bisbalpenedes.com\/web\/wp-json\/wp\/v2\/posts\/30858\/revisions"}],"predecessor-version":[{"id":30861,"href":"https:\/\/bisbalpenedes.com\/web\/wp-json\/wp\/v2\/posts\/30858\/revisions\/30861"}],"wp:featuredmedia":[{"embeddable":true,"href":"https:\/\/bisbalpenedes.com\/web\/wp-json\/wp\/v2\/media\/30859"}],"wp:attachment":[{"href":"https:\/\/bisbalpenedes.com\/web\/wp-json\/wp\/v2\/media?parent=30858"}],"wp:term":[{"taxonomy":"category","embeddable":true,"href":"https:\/\/bisbalpenedes.com\/web\/wp-json\/wp\/v2\/categories?post=30858"},{"taxonomy":"post_tag","embeddable":true,"href":"https:\/\/bisbalpenedes.com\/web\/wp-json\/wp\/v2\/tags?post=30858"}],"curies":[{"name":"wp","href":"https:\/\/api.w.org\/{rel}","templated":true}]}}