{"id":30853,"date":"2024-07-05T17:58:42","date_gmt":"2024-07-05T15:58:42","guid":{"rendered":"https:\/\/bisbalpenedes.com\/web\/?p=30853"},"modified":"2024-07-05T17:59:56","modified_gmt":"2024-07-05T15:59:56","slug":"lordre-del-dia-de-la-junta-de-govern-local-del-dilluns-8-de-juliol-conte-un-punt-amb-competencia-delegada-del-ple","status":"publish","type":"post","link":"https:\/\/bisbalpenedes.com\/web\/2024\/07\/05\/lordre-del-dia-de-la-junta-de-govern-local-del-dilluns-8-de-juliol-conte-un-punt-amb-competencia-delegada-del-ple\/","title":{"rendered":"L&#8217;ordre del dia de la Junta de Govern Local del dilluns 8 de juliol cont\u00e9 un punt amb compet\u00e8ncia delegada del Ple"},"content":{"rendered":"\n<p>Aquest dijous s&#8217;ha convocat la Junta de Govern local per al dilluns 8 de juliol. Una de les propostes \u00e9s amb compet\u00e8ncia del Ple delegada a la Junta, segons l&#8217;acord plenari del 6 de juliol de 2023. \u00c9s el seg\u00fcent:<\/p>\n\n\n\n<ul><li>Certificaci\u00f3 n\u00famero 6 de les obres de millora de les infraestructures del barri de la Riba<\/li><\/ul>\n\n\n\n<p>Les sessions de la Junta de Govern Local no s\u00f3n p\u00fabliques, per\u00f2 quan actua en compet\u00e8ncies delegades del Ple, la sessi\u00f3 es sotmet als mateixos requisits de publicitat que les Sessions del Ple, que s\u00f3n p\u00fabliques. Aix\u00ed ho va declarar la STS 161\/2013, de 26 de setembre.<\/p>\n\n\n\n<p>Per aquest motiu, a les 12:15h s&#8217;obriran les portes de la sala de plens per tal que pugui assistir-hi p\u00fablic. Tamb\u00e9 es gravar\u00e0 aquest punt de l&#8217;ordre del dia i posteriorment es publicar\u00e0 el v\u00eddeo per garantir la seva publicitat.<\/p>\n\n\n\n<hr class=\"wp-block-separator has-alpha-channel-opacity\"\/>\n\n\n\n<p><strong>CASTELLANO | <\/strong>Este jueves se ha convocado una Junta de Gobierno local para el lunes 8 de julio. Una de las propuestas es con competencia del Pleno delegada a la Junta, seg\u00fan el acuerdo plenario del 6 de julio del 2023. Es el siguiente:<\/p>\n\n\n\n<ul><li>Certificaci\u00f3n n\u00famero 6 de las obras de mejora de las infraestructuras del barrio de la Riba<\/li><\/ul>\n\n\n\n<p>Las sesiones de la Junta de Gobierno Local no son p\u00fablicas, pero cuando act\u00faa en competencias delegadas del Pleno, la sesi\u00f3n se somete a los mismos requisitos de publicidad que las sesiones del Pleno, que son p\u00fablicas. As\u00ed lo declar\u00f3 la STS 161\/2023, de 26 de septiembre.<\/p>\n\n\n\n<p>Por este motivo, a las 12:15h se abrir\u00e1n las puertas de la sala de plenos con tal que pueda asistir p\u00fablico. Tambi\u00e9n se grabar\u00e1 este punto del orden del d\u00eda y posteriormente se publicar\u00e1 el v\u00eddeo.<\/p>\n","protected":false},"excerpt":{"rendered":"<p>Aquest dijous s&#8217;ha convocat la Junta de Govern local per al dilluns 8 de juliol. Una de les propostes \u00e9s amb compet\u00e8ncia del Ple delegada a la Junta, segons l&#8217;acord &hellip; <a href=\"https:\/\/bisbalpenedes.com\/web\/2024\/07\/05\/lordre-del-dia-de-la-junta-de-govern-local-del-dilluns-8-de-juliol-conte-un-punt-amb-competencia-delegada-del-ple\/\" class=\"more-link\">Read More<\/a><\/p>\n","protected":false},"author":4,"featured_media":30504,"comment_status":"closed","ping_status":"closed","sticky":false,"template":"","format":"standard","meta":[],"categories":[3085,8,2250],"tags":[459,5054,686,393,6333],"_links":{"self":[{"href":"https:\/\/bisbalpenedes.com\/web\/wp-json\/wp\/v2\/posts\/30853"}],"collection":[{"href":"https:\/\/bisbalpenedes.com\/web\/wp-json\/wp\/v2\/posts"}],"about":[{"href":"https:\/\/bisbalpenedes.com\/web\/wp-json\/wp\/v2\/types\/post"}],"author":[{"embeddable":true,"href":"https:\/\/bisbalpenedes.com\/web\/wp-json\/wp\/v2\/users\/4"}],"replies":[{"embeddable":true,"href":"https:\/\/bisbalpenedes.com\/web\/wp-json\/wp\/v2\/comments?post=30853"}],"version-history":[{"count":2,"href":"https:\/\/bisbalpenedes.com\/web\/wp-json\/wp\/v2\/posts\/30853\/revisions"}],"predecessor-version":[{"id":30855,"href":"https:\/\/bisbalpenedes.com\/web\/wp-json\/wp\/v2\/posts\/30853\/revisions\/30855"}],"wp:featuredmedia":[{"embeddable":true,"href":"https:\/\/bisbalpenedes.com\/web\/wp-json\/wp\/v2\/media\/30504"}],"wp:attachment":[{"href":"https:\/\/bisbalpenedes.com\/web\/wp-json\/wp\/v2\/media?parent=30853"}],"wp:term":[{"taxonomy":"category","embeddable":true,"href":"https:\/\/bisbalpenedes.com\/web\/wp-json\/wp\/v2\/categories?post=30853"},{"taxonomy":"post_tag","embeddable":true,"href":"https:\/\/bisbalpenedes.com\/web\/wp-json\/wp\/v2\/tags?post=30853"}],"curies":[{"name":"wp","href":"https:\/\/api.w.org\/{rel}","templated":true}]}}