{"id":30849,"date":"2024-07-05T12:18:46","date_gmt":"2024-07-05T10:18:46","guid":{"rendered":"https:\/\/bisbalpenedes.com\/web\/?p=30849"},"modified":"2024-07-05T12:18:46","modified_gmt":"2024-07-05T10:18:46","slug":"les-activitats-de-la-segona-edicio-de-treball-a-comarques-estan-centrades-en-el-suport-a-la-insercio-laboral","status":"publish","type":"post","link":"https:\/\/bisbalpenedes.com\/web\/2024\/07\/05\/les-activitats-de-la-segona-edicio-de-treball-a-comarques-estan-centrades-en-el-suport-a-la-insercio-laboral\/","title":{"rendered":"<strong>Les activitats de la segona edici\u00f3 de \u201cTreball a Comarques\u201d estan centrades en el suport a la inserci\u00f3 laboral<\/strong>"},"content":{"rendered":"\n<p><strong>El passat 13 de juny les persones que coordinen projecte van informar l\u2019alcaldessa i la t\u00e8cnica d\u2019Ocupaci\u00f3 sobre les novetats de la segona edici\u00f3 del programa<\/strong><\/p>\n\n\n\n<p>El passat dijous 13 de juny, l\u2019alcaldessa Agn\u00e8s Ferr\u00e9 i la t\u00e8cnica d\u2019Ocupaci\u00f3, Arantzazu Longares, es van reunir amb les persones que coordinen el projecte Treball a Comarques del Baix Pened\u00e8s amb l\u2019objectiu de con\u00e8ixer les novetats de la convocat\u00f2ria 2024 del programa. Les accions d\u2019enguany es vehicularan sota l\u2019enunciat \u201cFem que trobar feina sigui f\u00e0cil! Apropa\u2019t a fer orientaci\u00f3\u201d i tenen l\u2019objectiu de donar suport a la inserci\u00f3 sociolaboral.<\/p>\n\n\n\n<p>La nova edici\u00f3 de \u201cTreball a Comarques\u201d ja est\u00e0 en marxa i pret\u00e9n ajudar les persones de la Bisbal i del Baix Pened\u00e8s que cerquen feina o volen una millora laboral a trobar all\u00f2 que cerquen. A m\u00e9s, el programa tamb\u00e9 inclou les relacions amb les empreses i la captaci\u00f3 d\u2019activitat econ\u00f2mica, amb la qual cosa es detectaran les necessitats contractuals i formatives de les empreses i, alhora, es faran orientacions, tutories i formacions per als usuaris i les usu\u00e0ries amb l\u2019objectiu d\u2019afavorir la seva inserci\u00f3 laboral al mercat de treball del territori. En aquesta segona edici\u00f3, s\u2019activa un programa espec\u00edfic, experimental i innovador, amb l\u2019objectiu d\u2019afavorir la inserci\u00f3 sociolaboral de col\u00b7lectius amb dificultats d\u2019inserci\u00f3. Hi ha nous serveis per a les empreses i, d\u2019aquesta manera, a m\u00e9s dels serveis d\u2019orientaci\u00f3 a les persones, tamb\u00e9 es treballar\u00e0 amb les empreses perqu\u00e8 siguin font de generaci\u00f3 i manteniment d\u2019ocupaci\u00f3.<\/p>\n\n\n\n<p>\u201cTreball a Comarques\u201d \u00e9s una iniciativa que est\u00e0 liderada pels ajuntaments de Calafell i El Vendrell i pel Consell Comarcal del Baix Pened\u00e8s, en nom de la resta de municipis de la comarca. L\u2019edici\u00f3 d\u2019enguany compta amb una subvenci\u00f3 del Servei d\u2019Ocupaci\u00f3 de Catalunya (SOC) de 367.119,50\u20ac, que suposa un increment d\u2019un 41,35% respecte a l\u2019edici\u00f3 anterior. Durant la primera edici\u00f3 del programa es van atendre 135 persones i es va aconseguir la inserci\u00f3 laboral de 32 usuaris, \u00e9s a dir, un 23,7% dels participants van ser inserits al m\u00f3n laboral. Quant a la Bisbal del Pened\u00e8s, el municipi va ser l\u2019escenari de dues de les 19 c\u00e0psules\/taller que es van fer a la comarca i la primera edici\u00f3 del programa va suposar la inserci\u00f3 de quatre ve\u00efns del municipi al m\u00f3n laboral.<\/p>\n\n\n\n<hr class=\"wp-block-separator has-alpha-channel-opacity\"\/>\n\n\n\n<h2><strong>Las actividades de la segunda edici\u00f3n de \u201cTreball a Comarques\u201d est\u00e1n centradas en el apoyo a la inserci\u00f3n laboral<\/strong><\/h2>\n\n\n\n<p><strong>El pasado 13 de junio las personas que coordinan proyecto informaron a la alcaldesa y a la t\u00e9cnica de Ocupaci\u00f3n sobre las novedades de la segunda edici\u00f3n del programa<\/strong><\/p>\n\n\n\n<p>El pasado jueves 13 de junio, la alcaldesa Agn\u00e8s Ferr\u00e9 y la t\u00e9cnica de Ocupaci\u00f3n, Arantzazu Longares, se reunieron con las personas que coordinan el proyecto \u201cTreball a Comarques\u201d del Baix Pened\u00e8s con el objetivo de conocer las novedades de la convocatoria 2024 del programa.Las acciones de este a\u00f1o se vehicular\u00e1n bajo el enunciado \u201cFem que trobar feina sigui f\u00e0cil! Apropa\u2019t a fer orientaci\u00f3\u201d &nbsp;y tienen el objetivo de apoyar a la inserci\u00f3n sociolaboral.<\/p>\n\n\n\n<p>La nueva edici\u00f3n de \u201cTreball a Comarques\u201d ya est\u00e1 en marcha y pretende ayudar las personas de la Bisbal y del Baix Pened\u00e8s que buscan trabajo o desean una mejora laboral a encontrar aquello que buscan. Adem\u00e1s, el programa tambi\u00e9n incluye las relaciones con las empresas y la captaci\u00f3n de actividad econ\u00f3mica, con lo cual se detectar\u00e1n las necesidades contractuales y formativas de las empresas y, a la vez, se har\u00e1n orientaciones, tutor\u00edas y formaciones para los usuarios y las usuarias con el objetivo de favorecer su inserci\u00f3n laboral al mercado de trabajo del territorio. En esta segunda edici\u00f3n, se activa un programa espec\u00edfico, experimental e innovador, con el objetivo de favorecer la inserci\u00f3n sociolaboral de colectivos con dificultades de inserci\u00f3n. Hay nuevos servicios para las empresas y, de este modo, adem\u00e1s de los servicios de orientaci\u00f3n a las personas, tambi\u00e9n se trabajar\u00e1 con las empresas porque sean fuente de generaci\u00f3n y mantenimiento de ocupaci\u00f3n.<\/p>\n\n\n\n<p>\u201cTreball a Comarques\u201d es una iniciativa que est\u00e1 liderada por los ayuntamientos de Calafell y El Vendrell y por el Consell Comarcal del Baix Pened\u00e8s, en nombre del resto de municipios de la comarca. La edici\u00f3n de este a\u00f1o cuenta con una subvenci\u00f3n del Servei d\u2019Ocupaci\u00f3 de Catalunya (SOC) de 367.119,50\u20ac, que supone un incremento de un 41,35% respecto a la edici\u00f3n anterior. Durante la primera edici\u00f3n del programa se atendi\u00f3 a 135 personas y se consigui\u00f3 la inserci\u00f3n laboral de 32 usuarios, es decir, un 23,7% de los participantes fueron insertados en el mundo laboral. En cuanto a la Bisbal del Pened\u00e8s, el municipio fue el escenario de dos de las 19 c\u00e1psulas\/taller que se hicieron en la comarca y la primera edici\u00f3n del programa supuso la inserci\u00f3n de cuatro vecinos del municipio en el mundo laboral.<\/p>\n","protected":false},"excerpt":{"rendered":"<p>El passat 13 de juny les persones que coordinen projecte van informar l\u2019alcaldessa i la t\u00e8cnica d\u2019Ocupaci\u00f3 sobre les novetats de la segona edici\u00f3 del programa El passat dijous 13 &hellip; <a href=\"https:\/\/bisbalpenedes.com\/web\/2024\/07\/05\/les-activitats-de-la-segona-edicio-de-treball-a-comarques-estan-centrades-en-el-suport-a-la-insercio-laboral\/\" class=\"more-link\">Read More<\/a><\/p>\n","protected":false},"author":4,"featured_media":30850,"comment_status":"closed","ping_status":"closed","sticky":false,"template":"","format":"standard","meta":[],"categories":[2057,9],"tags":[459,393,5797],"_links":{"self":[{"href":"https:\/\/bisbalpenedes.com\/web\/wp-json\/wp\/v2\/posts\/30849"}],"collection":[{"href":"https:\/\/bisbalpenedes.com\/web\/wp-json\/wp\/v2\/posts"}],"about":[{"href":"https:\/\/bisbalpenedes.com\/web\/wp-json\/wp\/v2\/types\/post"}],"author":[{"embeddable":true,"href":"https:\/\/bisbalpenedes.com\/web\/wp-json\/wp\/v2\/users\/4"}],"replies":[{"embeddable":true,"href":"https:\/\/bisbalpenedes.com\/web\/wp-json\/wp\/v2\/comments?post=30849"}],"version-history":[{"count":1,"href":"https:\/\/bisbalpenedes.com\/web\/wp-json\/wp\/v2\/posts\/30849\/revisions"}],"predecessor-version":[{"id":30851,"href":"https:\/\/bisbalpenedes.com\/web\/wp-json\/wp\/v2\/posts\/30849\/revisions\/30851"}],"wp:featuredmedia":[{"embeddable":true,"href":"https:\/\/bisbalpenedes.com\/web\/wp-json\/wp\/v2\/media\/30850"}],"wp:attachment":[{"href":"https:\/\/bisbalpenedes.com\/web\/wp-json\/wp\/v2\/media?parent=30849"}],"wp:term":[{"taxonomy":"category","embeddable":true,"href":"https:\/\/bisbalpenedes.com\/web\/wp-json\/wp\/v2\/categories?post=30849"},{"taxonomy":"post_tag","embeddable":true,"href":"https:\/\/bisbalpenedes.com\/web\/wp-json\/wp\/v2\/tags?post=30849"}],"curies":[{"name":"wp","href":"https:\/\/api.w.org\/{rel}","templated":true}]}}