{"id":30833,"date":"2024-07-05T10:56:30","date_gmt":"2024-07-05T08:56:30","guid":{"rendered":"https:\/\/bisbalpenedes.com\/web\/?p=30833"},"modified":"2024-07-05T10:56:30","modified_gmt":"2024-07-05T08:56:30","slug":"teniu-fotos-videos-o-altre-material-com-ara-peces-de-vestuari-de-la-banda-de-cornetes-i-tambors-i-de-les-majorets-de-la-societat","status":"publish","type":"post","link":"https:\/\/bisbalpenedes.com\/web\/2024\/07\/05\/teniu-fotos-videos-o-altre-material-com-ara-peces-de-vestuari-de-la-banda-de-cornetes-i-tambors-i-de-les-majorets-de-la-societat\/","title":{"rendered":"Teniu fotos, v\u00eddeos o altre material (com ara peces de vestuari) de la banda de Cornetes i Tambors i de les Majorets de la Societat?"},"content":{"rendered":"\n<p>Enguany volem celebrar el mig segle d&#8217;hist\u00f2ria de la Banda de Cornetes i Tambors i de les Majorets de la&nbsp;Societat Cultural i Recreativa Bisbalenca i, per aix\u00f2, us demanem la vostra col\u00b7laboraci\u00f3:<br>Vau ser part d&#8217;ella? Teniu per casa fotos, gravacions o algun record des dels anys 70 fins a l&#8217;actualitat? D&#8217;alguna sortida per recordar? Una instant\u00e0nia de grup? Aquella an\u00e8cdota que encara recordeu? Una gravaci\u00f3 de l&#8217;acompanyament a SS.MM. els Reis d&#8217;Orient? Doncs no ho dubteu i participeu en la mostra!<br>Podeu portar el material a l&#8217;Ajuntament en horari de dilluns a divendres de 9h a 14h o a la biblioteca de dilluns a divendres de 16.30h a 20.30h. Tamb\u00e9 podeu enviar un correu electr\u00f2nic a <a href=\"mailto:biblioteca@bisbalpendes.com\" target=\"_blank\" rel=\"noreferrer noopener\">biblioteca@bisbalpendes.com<\/a> per resoldre qualsevol dubte.<\/p>\n\n\n\n<hr class=\"wp-block-separator has-alpha-channel-opacity\"\/>\n\n\n\n<p><strong>CASTELLANO |<\/strong>&nbsp;Este a\u00f1o queremos celebrar el medio siglo de historia de la Banda de Cornetas y Tambores y de las Majorettes de la Societat Cultural i Recreativa Bisbalenca i, por eso, os pedimos vuestra colaboraci\u00f3n:<\/p>\n\n\n\n<p>\u00bfFuisteis parte de ella? \u00bfTen\u00e9is por casa fotos, grabaciones o algun recuerdo de los a\u00f1os 70 hasta la actualidad? \u00bfDe alguna salida para recordar? \u00bfUna instant\u00e1nea de grupo? \u00bfAquella an\u00e9cdota que todav\u00eda record\u00e1is? \u00bfUna grabaci\u00f3n del acompa\u00f1amiento a SS.MM. los Reyes Magos? \u00a1Pues no lo dud\u00e9is y participad en la muestra!<\/p>\n\n\n\n<p>Pod\u00e9is traer el material al Ajuntament en horario de lunes a viernes de 9h a 14h o a la biblioteca de lunes a viernes de 16:30h a 20.30h. Tambi\u00e9n pod\u00e9is mandar un correo electr\u00f3nico a&nbsp;<a href=\"mailto:biblioteca@bisbalpenedes.com\">biblioteca@bisbalpenedes.com<\/a>&nbsp;para resolver cualquier duda.&nbsp;<\/p>\n","protected":false},"excerpt":{"rendered":"<p>Enguany volem celebrar el mig segle d&#8217;hist\u00f2ria de la Banda de Cornetes i Tambors i de les Majorets de la&nbsp;Societat Cultural i Recreativa Bisbalenca i, per aix\u00f2, us demanem la &hellip; <a href=\"https:\/\/bisbalpenedes.com\/web\/2024\/07\/05\/teniu-fotos-videos-o-altre-material-com-ara-peces-de-vestuari-de-la-banda-de-cornetes-i-tambors-i-de-les-majorets-de-la-societat\/\" class=\"more-link\">Read More<\/a><\/p>\n","protected":false},"author":4,"featured_media":30834,"comment_status":"closed","ping_status":"closed","sticky":false,"template":"","format":"standard","meta":[],"categories":[13,20,2161,4668,8],"tags":[459,6720,393,1374,2776],"_links":{"self":[{"href":"https:\/\/bisbalpenedes.com\/web\/wp-json\/wp\/v2\/posts\/30833"}],"collection":[{"href":"https:\/\/bisbalpenedes.com\/web\/wp-json\/wp\/v2\/posts"}],"about":[{"href":"https:\/\/bisbalpenedes.com\/web\/wp-json\/wp\/v2\/types\/post"}],"author":[{"embeddable":true,"href":"https:\/\/bisbalpenedes.com\/web\/wp-json\/wp\/v2\/users\/4"}],"replies":[{"embeddable":true,"href":"https:\/\/bisbalpenedes.com\/web\/wp-json\/wp\/v2\/comments?post=30833"}],"version-history":[{"count":1,"href":"https:\/\/bisbalpenedes.com\/web\/wp-json\/wp\/v2\/posts\/30833\/revisions"}],"predecessor-version":[{"id":30835,"href":"https:\/\/bisbalpenedes.com\/web\/wp-json\/wp\/v2\/posts\/30833\/revisions\/30835"}],"wp:featuredmedia":[{"embeddable":true,"href":"https:\/\/bisbalpenedes.com\/web\/wp-json\/wp\/v2\/media\/30834"}],"wp:attachment":[{"href":"https:\/\/bisbalpenedes.com\/web\/wp-json\/wp\/v2\/media?parent=30833"}],"wp:term":[{"taxonomy":"category","embeddable":true,"href":"https:\/\/bisbalpenedes.com\/web\/wp-json\/wp\/v2\/categories?post=30833"},{"taxonomy":"post_tag","embeddable":true,"href":"https:\/\/bisbalpenedes.com\/web\/wp-json\/wp\/v2\/tags?post=30833"}],"curies":[{"name":"wp","href":"https:\/\/api.w.org\/{rel}","templated":true}]}}