{"id":3082,"date":"2017-09-02T00:07:32","date_gmt":"2017-09-01T18:07:32","guid":{"rendered":"http:\/\/bisbalpenedes.com\/web\/?p=3082"},"modified":"2017-09-07T01:41:09","modified_gmt":"2017-09-06T19:41:09","slug":"diada-de-catalunya-2017","status":"publish","type":"post","link":"https:\/\/bisbalpenedes.com\/web\/2017\/09\/02\/diada-de-catalunya-2017\/","title":{"rendered":"Diada de Catalunya 2017"},"content":{"rendered":"<p><a href=\"http:\/\/bisbalpenedes.com\/web\/wp-content\/uploads\/2017\/09\/diada2017.jpg\"><img loading=\"lazy\" class=\"aligncenter size-medium wp-image-3098\" title=\"diada2017\" src=\"http:\/\/bisbalpenedes.com\/web\/wp-content\/uploads\/2017\/09\/diada2017-207x300.jpg\" alt=\"\" width=\"207\" height=\"300\" srcset=\"https:\/\/bisbalpenedes.com\/web\/wp-content\/uploads\/2017\/09\/diada2017-207x300.jpg 207w, https:\/\/bisbalpenedes.com\/web\/wp-content\/uploads\/2017\/09\/diada2017-600x867.jpg 600w, https:\/\/bisbalpenedes.com\/web\/wp-content\/uploads\/2017\/09\/diada2017-708x1024.jpg 708w, https:\/\/bisbalpenedes.com\/web\/wp-content\/uploads\/2017\/09\/diada2017.jpg 1169w\" sizes=\"(max-width: 207px) 100vw, 207px\" \/><\/a><\/p>\n<p>Amb motiu de la celebraci\u00f3 de la Diada de Catalunya la Regidoria de Cultura de l&#8217;Ajuntament de la Bisbal del Pened\u00e8s us comunica que s&#8217;han programat els seg\u00fcents actes:<\/p>\n<p>&nbsp;<\/p>\n<p><strong>DIUMENGE 10 DE SETEMBRE<\/strong><\/p>\n<p>A les 12h al Carrer Doctor Robert: Diada Castellera amb els Castellers de Gav\u00e0, els Castellers de Rub\u00ed i els Bous de la Bisbal.<\/p>\n<p><strong>\u00a0<\/strong><\/p>\n<p><strong>DILLUNS 11 DE SETEMBRE<\/strong><\/p>\n<p>A les 22h a la Pla\u00e7a Pau Casals: Cinema a la fresca amb la pel\u00b7l\u00edcula \u201cP\u00e0tria\u201d. Es comptar\u00e0 amb la presentaci\u00f3 de l\u2019actor Xavi Prat. A continuaci\u00f3 els assistents podran fer un brindis amb cava i comentar el film.<strong><\/strong><\/p>\n","protected":false},"excerpt":{"rendered":"<p>Amb motiu de la celebraci\u00f3 de la Diada de Catalunya la Regidoria de Cultura de l&#8217;Ajuntament de la Bisbal del Pened\u00e8s us comunica que s&#8217;han programat els seg\u00fcents actes: &nbsp; &hellip; <a href=\"https:\/\/bisbalpenedes.com\/web\/2017\/09\/02\/diada-de-catalunya-2017\/\" class=\"more-link\">Read More<\/a><\/p>\n","protected":false},"author":4,"featured_media":3098,"comment_status":"closed","ping_status":"closed","sticky":false,"template":"","format":"standard","meta":[],"categories":[13],"tags":[378,377,774,667,307,775,691,769,770,771,772,773],"_links":{"self":[{"href":"https:\/\/bisbalpenedes.com\/web\/wp-json\/wp\/v2\/posts\/3082"}],"collection":[{"href":"https:\/\/bisbalpenedes.com\/web\/wp-json\/wp\/v2\/posts"}],"about":[{"href":"https:\/\/bisbalpenedes.com\/web\/wp-json\/wp\/v2\/types\/post"}],"author":[{"embeddable":true,"href":"https:\/\/bisbalpenedes.com\/web\/wp-json\/wp\/v2\/users\/4"}],"replies":[{"embeddable":true,"href":"https:\/\/bisbalpenedes.com\/web\/wp-json\/wp\/v2\/comments?post=3082"}],"version-history":[{"count":8,"href":"https:\/\/bisbalpenedes.com\/web\/wp-json\/wp\/v2\/posts\/3082\/revisions"}],"predecessor-version":[{"id":3085,"href":"https:\/\/bisbalpenedes.com\/web\/wp-json\/wp\/v2\/posts\/3082\/revisions\/3085"}],"wp:featuredmedia":[{"embeddable":true,"href":"https:\/\/bisbalpenedes.com\/web\/wp-json\/wp\/v2\/media\/3098"}],"wp:attachment":[{"href":"https:\/\/bisbalpenedes.com\/web\/wp-json\/wp\/v2\/media?parent=3082"}],"wp:term":[{"taxonomy":"category","embeddable":true,"href":"https:\/\/bisbalpenedes.com\/web\/wp-json\/wp\/v2\/categories?post=3082"},{"taxonomy":"post_tag","embeddable":true,"href":"https:\/\/bisbalpenedes.com\/web\/wp-json\/wp\/v2\/tags?post=3082"}],"curies":[{"name":"wp","href":"https:\/\/api.w.org\/{rel}","templated":true}]}}