{"id":30819,"date":"2024-07-05T09:19:50","date_gmt":"2024-07-05T07:19:50","guid":{"rendered":"https:\/\/bisbalpenedes.com\/web\/?p=30819"},"modified":"2024-07-05T09:30:40","modified_gmt":"2024-07-05T07:30:40","slug":"lajuntament-i-la-diputacio-de-tarragona-acorden-la-planificacio-de-les-actuacions-del-pla-impulsdipta-per-a-aquest-mandat","status":"publish","type":"post","link":"https:\/\/bisbalpenedes.com\/web\/2024\/07\/05\/lajuntament-i-la-diputacio-de-tarragona-acorden-la-planificacio-de-les-actuacions-del-pla-impulsdipta-per-a-aquest-mandat\/","title":{"rendered":"L\u2019Ajuntament i la Diputaci\u00f3 de Tarragona acorden la planificaci\u00f3 de les actuacions del Pla ImpulsDipta per a aquest mandat"},"content":{"rendered":"\n<p><strong>L&#8217;import de la concertaci\u00f3 per a la Bisbal \u00e9s de 957.873,33\u20ac<\/strong><\/p>\n\n\n\n<p><strong>L\u2019alcaldessa de La Bisbal del Pened\u00e8s, Agn\u00e8s Ferr\u00e9, ha participat d\u2019una mesa de concertaci\u00f3 per concretar els projectes que s\u2019impulsaran amb el nou model de col\u00b7laboraci\u00f3 de la Diputaci\u00f3 amb els ens locals<\/strong><\/p>\n\n\n\n<p>L\u2019Ajuntament de La Bisbal del Pened\u00e8s i la Diputaci\u00f3 de Tarragona han planificat les actuacions i projectes municipals que formaran part del Pla ImpulsDipta,\u00a0el nou model de cooperaci\u00f3 econ\u00f2mica i assistencial amb els ens locals del Camp de Tarragona, les Terres de l\u2019Ebre i el Baix Pened\u00e8s.\u00a0L\u2019alcaldessa de La Bisbal del Pened\u00e8s, Agn\u00e8s Ferr\u00e9<strong>,\u00a0<\/strong>\u00a0ha participat en la mesa de concertaci\u00f3, celebrada el dijous 27 de juny a l\u2019edifici S\u00edntesi de la Diputaci\u00f3 a Tarragona, durant la qual s\u2019han abordat conjuntament\u00a0les futures inversions, els programes i les assist\u00e8ncies que el pla inclour\u00e0, aix\u00ed com la seva planificaci\u00f3, a proposta de l\u2019equip de govern.<\/p>\n\n\n\n<p>A partir d\u2019aquesta an\u00e0lisi s\u2019ha establert un document b\u00e0sic de planificaci\u00f3 definitiva, que es concretar\u00e0 en un conveni de concertaci\u00f3 que se signar\u00e0 properament. En destaquen les seg\u00fcents actuacions pels anys 2024, 2025, 2026 i 2027:<\/p>\n\n\n\n<ul><li>Programes culturals<\/li><li>Programes de salut p\u00fablica<\/li><li>Programes de transici\u00f3 ecol\u00f2gica: inversi\u00f3 en la renovaci\u00f3 de l\u2019enllumenat p\u00fablic, a LEDs<\/li><li>Programes d\u2019inversi\u00f3:&nbsp; en millora de la xarxa d\u2019aigua i en plaques solars fotovoltaiques en edificis i instal\u00b7lacions municipals<\/li><\/ul>\n\n\n\n<p>El Pla ImpulsDipta de la Diputaci\u00f3 de Tarragona pret\u00e9n ser un revulsiu per a la gesti\u00f3, l\u2019organitzaci\u00f3 i l\u2019economia dels diferents municipis. En aquest sentit, es tracta d\u2019un model que s\u2019adapta al cicle inversor de cada ajuntament, i est\u00e0 pensat per utilitzar i rendibilitzar al m\u00e0xim les quantitats que s\u2019atorgaran a cadascun. D\u2019altra banda, amb aquest sistema se simplificar\u00e0 fins a un 75% la tramitaci\u00f3 administrativa dels ajuntaments amb la Diputaci\u00f3 de Tarragona.<\/p>\n\n\n\n<p>El pressupost total del Pla ImpulsDipta per a tots els municipis de la demarcaci\u00f3 ascendeix a 147M\u20ac per a aquest mandat. Aquest dota els municipis de recursos econ\u00f2mics que permetin tirar endavant projectes o actuacions rellevants per al municipi, per\u00f2 tamb\u00e9 estableix \u00e0mbits d\u2019actuaci\u00f3 obligatoris, considerats estrat\u00e8gics per a la demarcaci\u00f3 en el seu conjunt. D\u2019aquesta manera, cada municipi haur\u00e0 de destinar, almenys, el 5% dels recursos que li hagin estat atorgats a trav\u00e9s del pla a actuacions en mat\u00e8ria de cultura i inter\u00e8s ciutad\u00e0, el 10% a salut p\u00fablica (aigua, piscines, plagues&#8230;) i el 15% a actuacions per a la transici\u00f3 ecol\u00f2gica (efici\u00e8ncia energ\u00e8tica, residus, prevenci\u00f3 d\u2019incendis&#8230;).<\/p>\n\n\n\n<p>El Pla ImpulsDipta regulador de la cooperaci\u00f3 de la Diputaci\u00f3 de Tarragona amb els ens locals mitjan\u00e7ant concertaci\u00f3 estableix com a principis b\u00e0sics l\u2019autonomia local, la flexibilitat territorial, el treball en xarxa, la sostenibilitat, la gesti\u00f3 eficient, el bon govern, la concertaci\u00f3 i la suma d\u2019esfor\u00e7os i recursos per assolir objectius comuns.<\/p>\n\n\n\n<hr class=\"wp-block-separator has-alpha-channel-opacity\"\/>\n\n\n\n<p><strong>CASTELLANO&nbsp;<\/strong>|&nbsp;<strong>El Ajuntament de la Bisbal del Pened\u00e8s y la Diputaci\u00f3 de Tarragona acuerdan la planificaci\u00f3n de las actuaciones del Pla ImpulsDipta para este mandato<\/strong><\/p>\n\n\n\n<p><strong>El importe de la concertaci\u00f3n por la Bisbal es de 957.873,33\u20ac<\/strong><\/p>\n\n\n\n<p><strong>La alcaldesa de la Bisbal del Pened\u00e8s, Agn\u00e8s Ferr\u00e9, ha participado en una mesa de concertaci\u00f3n para concretar los proyectos que se impulsar\u00e1n con el nuevo modelo de colaboraci\u00f3n de la Diputaci\u00f3 con los entes locales<\/strong><\/p>\n\n\n\n<p>El Ajuntament de la Bisbal del Pened\u00e8s y la Diputaci\u00f3 de Tarragona han planificado las actuaciones y proyectos municipales que formar\u00e1n parte del Pla ImpulsDipta, el nuevo modelo de cooperaci\u00f3n econ\u00f3mica y asistencial con los entes locales del Camp de Tarragona, las Terres de l\u2019Ebre y el Baix Pened\u00e8s. La alcaldesa de la Bisbal del Pened\u00e8s, Agn\u00e8s Ferr\u00e9, ha participado a la mesa de concertaci\u00f3n, celebrada el jueves 27 de junio en el edificio S\u00edntesis de la Diputaci\u00f3 en Tarragona, durante la cual se han abordado conjuntamente las futuras inversiones, los programas y las asistencias que el plan incluir\u00e1, as\u00ed como su planificaci\u00f3n, a propuesta del equipo de gobierno.<\/p>\n\n\n\n<p>A partir de este an\u00e1lisis se ha establecido un documento b\u00e1sico de planificaci\u00f3n definitiva, que se concretar\u00e1 en un convenio de concertaci\u00f3n que se firmar\u00e1 pr\u00f3ximamente. Destacan las siguientes actuaciones por los a\u00f1os 2024, 2025, 2026 y 2027:<\/p>\n\n\n\n<ul><li>Programas culturales<\/li><li>Programas de salud p\u00fablica<\/li><li>Programas de transici\u00f3n ecol\u00f3gica: inversi\u00f3n en la renovaci\u00f3n del alumbrado p\u00fablico, a Ledes<\/li><li>Programas de inversi\u00f3n: en mejora de la red de agua y en placas solares fotovoltaicas en edificios e instalaciones municipales<\/li><\/ul>\n\n\n\n<p>Lo Pla ImpulsDipta de la Diputaci\u00f3 de Tarragona pretende ser un revulsivo para la gesti\u00f3n, la organizaci\u00f3n y la econom\u00eda de los diferentes municipios. En este sentido, se trata de un modelo que se adapta al ciclo inversor de cada ayuntamiento y est\u00e1 pensado para utilizar y rentabilizar al m\u00e1ximo las cantidades que se le otorgar\u00e1n a cada uno. Por otro lado, con este sistema se simplificar\u00e1 hasta un 75% la tramitaci\u00f3n administrativa de los ayuntamientos con la Diputaci\u00f3 de Tarragona.<\/p>\n\n\n\n<p>El presupuesto total del Pla ImpulsDipta para todos los municipios de la demarcaci\u00f3n asciende a 147M\u20ac para este mandato. Este dota a los municipios de recursos econ\u00f3micos que permitan sacar adelante proyectos o actuaciones relevantes para el municipio, pero tambi\u00e9n establece \u00e1mbitos de actuaci\u00f3n obligatorios, considerados estrat\u00e9gicos para la demarcaci\u00f3n en su conjunto. De este modo, cada municipio tendr\u00e1 que destinar, al menos, el 5% de los recursos que le hayan sido otorgados a trav\u00e9s del plan a actuaciones en materia de cultura e inter\u00e9s ciudadano, el 10% a salud p\u00fablica (agua, piscinas, plagas&#8230;) y el 15% a actuaciones para la transici\u00f3n ecol\u00f3gica (eficiencia energ\u00e9tica, residuos, prevenci\u00f3n de incendios&#8230;).<\/p>\n\n\n\n<p>El Pla ImpulsDipta regulador de la cooperaci\u00f3n de la Diputaci\u00f3 de Tarragona con los entes locales mediante concertaci\u00f3n establece como principios b\u00e1sicos la autonom\u00eda local, la flexibilidad territorial, el trabajo en red, la sostenibilidad, la gesti\u00f3n eficiente, el buen gobierno, la concertaci\u00f3n y la suma de esfuerzos y recursos para lograr objetivos comunes.<\/p>\n\n\n\n<p><\/p>\n\n\n\n<p>*<sub>A la foto, d&#8217;esquerra a dreta: el diputat Juan Castor, l&#8217;alcaldessa Agn\u00e8s Ferr\u00e9 i la diputada S\u00edlvia Puerto.<\/sub><\/p>\n","protected":false},"excerpt":{"rendered":"<p>L&#8217;import de la concertaci\u00f3 per a la Bisbal \u00e9s de 957.873,33\u20ac L\u2019alcaldessa de La Bisbal del Pened\u00e8s, Agn\u00e8s Ferr\u00e9, ha participat d\u2019una mesa de concertaci\u00f3 per concretar els projectes que &hellip; <a href=\"https:\/\/bisbalpenedes.com\/web\/2024\/07\/05\/lajuntament-i-la-diputacio-de-tarragona-acorden-la-planificacio-de-les-actuacions-del-pla-impulsdipta-per-a-aquest-mandat\/\" class=\"more-link\">Read More<\/a><\/p>\n","protected":false},"author":4,"featured_media":30820,"comment_status":"closed","ping_status":"closed","sticky":false,"template":"","format":"standard","meta":[],"categories":[2057,8],"tags":[459,672,673,6719,4279,393],"_links":{"self":[{"href":"https:\/\/bisbalpenedes.com\/web\/wp-json\/wp\/v2\/posts\/30819"}],"collection":[{"href":"https:\/\/bisbalpenedes.com\/web\/wp-json\/wp\/v2\/posts"}],"about":[{"href":"https:\/\/bisbalpenedes.com\/web\/wp-json\/wp\/v2\/types\/post"}],"author":[{"embeddable":true,"href":"https:\/\/bisbalpenedes.com\/web\/wp-json\/wp\/v2\/users\/4"}],"replies":[{"embeddable":true,"href":"https:\/\/bisbalpenedes.com\/web\/wp-json\/wp\/v2\/comments?post=30819"}],"version-history":[{"count":3,"href":"https:\/\/bisbalpenedes.com\/web\/wp-json\/wp\/v2\/posts\/30819\/revisions"}],"predecessor-version":[{"id":30830,"href":"https:\/\/bisbalpenedes.com\/web\/wp-json\/wp\/v2\/posts\/30819\/revisions\/30830"}],"wp:featuredmedia":[{"embeddable":true,"href":"https:\/\/bisbalpenedes.com\/web\/wp-json\/wp\/v2\/media\/30820"}],"wp:attachment":[{"href":"https:\/\/bisbalpenedes.com\/web\/wp-json\/wp\/v2\/media?parent=30819"}],"wp:term":[{"taxonomy":"category","embeddable":true,"href":"https:\/\/bisbalpenedes.com\/web\/wp-json\/wp\/v2\/categories?post=30819"},{"taxonomy":"post_tag","embeddable":true,"href":"https:\/\/bisbalpenedes.com\/web\/wp-json\/wp\/v2\/tags?post=30819"}],"curies":[{"name":"wp","href":"https:\/\/api.w.org\/{rel}","templated":true}]}}