{"id":30806,"date":"2024-07-03T17:51:23","date_gmt":"2024-07-03T15:51:23","guid":{"rendered":"https:\/\/bisbalpenedes.com\/web\/?p=30806"},"modified":"2024-09-17T15:05:03","modified_gmt":"2024-09-17T13:05:03","slug":"lajuntament-substitueix-les-maquines-de-climatitzacio-de-ledifici-de-la-casa-de-la-vila","status":"publish","type":"post","link":"https:\/\/bisbalpenedes.com\/web\/2024\/07\/03\/lajuntament-substitueix-les-maquines-de-climatitzacio-de-ledifici-de-la-casa-de-la-vila\/","title":{"rendered":"L\u2019Ajuntament substitueix les m\u00e0quines de climatitzaci\u00f3 de l\u2019edifici de La Casa de la Vila"},"content":{"rendered":"\n<p>Aquesta setmana han comen\u00e7at els treballs de substituci\u00f3 dels aparells de climatitzaci\u00f3 de l\u2019Ajuntament de la Bisbal del Pened\u00e8s per millorar l\u2019espai de treball i l\u2019efici\u00e8ncia energ\u00e8tica. Aquestes actuacions es van aprovar a la Junta de Govern del 21 de juny, quan es va aprovar el contracte menor amb l\u2019empresa bisbalenca Josep Ca\u00f1ellas Turdiu \u2013 Instal\u00b7lacions per un import de 15.657,40\u20ac.<\/p>\n\n\n\n<p>Aquesta renovaci\u00f3 \u00e9s el resultat d\u2019un Informe d\u2019Avaluaci\u00f3 Energ\u00e8tica (VAE) en el marc de l\u2019elaboraci\u00f3 del Pla Estrat\u00e8gic del municipi dins del PAESC realitzat amb el suport de la Diputaci\u00f3 de Tarragona. D\u2019aquest informe se\u2019n despr\u00e8n que els principals elements consumidors d\u2019energia s\u00f3n la climatitzaci\u00f3, la il\u00b7luminaci\u00f3 i l\u2019equipament inform\u00e0tic, que utilitzen exclusivament l\u2019electricitat com a font d\u2019energia. La il\u00b7luminaci\u00f3 ja ha estat substitu\u00efda per equips led i ara, com a seg\u00fcent mesura per a millorar l\u2019efici\u00e8ncia energ\u00e8tica de l\u2019edifici, se substitueixen els elements del sistema de climatitzaci\u00f3 antics per d\u2019altres m\u00e9s moderns i eficients. Val a dir que aquestes actuacions compten amb una <strong>subvenci\u00f3 de la Diputaci\u00f3 de Tarragona  per la Transici\u00f3 energ\u00e8tica i acci\u00f3 clim\u00e0tica, convocat\u00f2ria 2023:<\/strong><\/p>\n\n\n\n<p><strong>Beneficiari: <\/strong>Ajuntament de la Bisbal del Pened\u00e8s  <strong>Pressupost Elegible:<\/strong> 16.456,00 euros <strong>% concedit:<\/strong> 72,05% <strong>Import concedit:<\/strong> 11.856,84 euros <strong>Concepte: <\/strong>Substituci\u00f3 de les m\u00e0quines d\u2019aire condicionat de l&#8217;edifici de l&#8217;ajuntament.<\/p>\n\n\n\n<figure class=\"wp-block-image size-full\"><img loading=\"lazy\" width=\"832\" height=\"419\" src=\"https:\/\/bisbalpenedes.com\/web\/wp-content\/uploads\/2021\/11\/diputacio_suport-1.jpg\" alt=\"\" class=\"wp-image-19964\" srcset=\"https:\/\/bisbalpenedes.com\/web\/wp-content\/uploads\/2021\/11\/diputacio_suport-1.jpg 832w, https:\/\/bisbalpenedes.com\/web\/wp-content\/uploads\/2021\/11\/diputacio_suport-1-600x302.jpg 600w, https:\/\/bisbalpenedes.com\/web\/wp-content\/uploads\/2021\/11\/diputacio_suport-1-300x151.jpg 300w, https:\/\/bisbalpenedes.com\/web\/wp-content\/uploads\/2021\/11\/diputacio_suport-1-768x387.jpg 768w\" sizes=\"(max-width: 832px) 100vw, 832px\" \/><\/figure>\n\n\n\n<hr class=\"wp-block-separator has-alpha-channel-opacity\"\/>\n\n\n\n<p><strong>CASTELLANO |<\/strong>&nbsp;Esta semana han empezado los trabajos de sustituci\u00f3n de los aparatos de climatizaci\u00f3n del Ajuntament de la Bisbal del Pened\u00e8s para mejorar el espacio de trabajo y la eficiencia energ\u00e9tica. Estas actuaciones se aprobaron en la Junta de Gobierno del 21 de junio, cuando se aprob\u00f3 el contrato menor con la empresa bisbalenca Josep Ca\u00f1ellas Turdiu \u2013 Instal\u00b7lacions por un importe de 15.657,40\u20ac.<\/p>\n\n\n\n<p>Esta renovaci\u00f3n es el resultado de un Informe de Evaluaci\u00f3n Energ\u00e9tica (VAE) en el marco de la elaboraci\u00f3n del Plan Estrat\u00e9gico del municipio dentro del PAESC realizado con el apoyo de la Diputaci\u00f3 de Tarragona. De este informe se desprende que los principales elementos consumidores de energ\u00eda son la climatizaci\u00f3n, la iluminaci\u00f3n y el equipamiento inform\u00e1tico, que utilizan exclusivamente la electricidad como fuente de energ\u00eda. La iluminaci\u00f3n ya ha sido sustituida por equipos led ya hora, como siguiente medida para mejorar la eficiencia energ\u00e9tica del edificio, se sustituyen los elementos del sistema de climatizaci\u00f3n antiguos por otros m\u00e1s modernos y eficientes. Cabe decir que estas actuaciones cuentan con una subvenci\u00f3n de la Diputaci\u00f3 de Tarragona por un importe de 11.856,84\u20ac en materia de Transici\u00f3n energ\u00e9tica y acci\u00f3n clim\u00e1tica.<\/p>\n","protected":false},"excerpt":{"rendered":"<p>Aquesta setmana han comen\u00e7at els treballs de substituci\u00f3 dels aparells de climatitzaci\u00f3 de l\u2019Ajuntament de la Bisbal del Pened\u00e8s per millorar l\u2019espai de treball i l\u2019efici\u00e8ncia energ\u00e8tica. Aquestes actuacions es &hellip; <a href=\"https:\/\/bisbalpenedes.com\/web\/2024\/07\/03\/lajuntament-substitueix-les-maquines-de-climatitzacio-de-ledifici-de-la-casa-de-la-vila\/\" class=\"more-link\">Read More<\/a><\/p>\n","protected":false},"author":4,"featured_media":30807,"comment_status":"closed","ping_status":"closed","sticky":false,"template":"","format":"standard","meta":[],"categories":[2402,2057,8],"tags":[216,1252,1543,673,710,393,4729],"_links":{"self":[{"href":"https:\/\/bisbalpenedes.com\/web\/wp-json\/wp\/v2\/posts\/30806"}],"collection":[{"href":"https:\/\/bisbalpenedes.com\/web\/wp-json\/wp\/v2\/posts"}],"about":[{"href":"https:\/\/bisbalpenedes.com\/web\/wp-json\/wp\/v2\/types\/post"}],"author":[{"embeddable":true,"href":"https:\/\/bisbalpenedes.com\/web\/wp-json\/wp\/v2\/users\/4"}],"replies":[{"embeddable":true,"href":"https:\/\/bisbalpenedes.com\/web\/wp-json\/wp\/v2\/comments?post=30806"}],"version-history":[{"count":3,"href":"https:\/\/bisbalpenedes.com\/web\/wp-json\/wp\/v2\/posts\/30806\/revisions"}],"predecessor-version":[{"id":31740,"href":"https:\/\/bisbalpenedes.com\/web\/wp-json\/wp\/v2\/posts\/30806\/revisions\/31740"}],"wp:featuredmedia":[{"embeddable":true,"href":"https:\/\/bisbalpenedes.com\/web\/wp-json\/wp\/v2\/media\/30807"}],"wp:attachment":[{"href":"https:\/\/bisbalpenedes.com\/web\/wp-json\/wp\/v2\/media?parent=30806"}],"wp:term":[{"taxonomy":"category","embeddable":true,"href":"https:\/\/bisbalpenedes.com\/web\/wp-json\/wp\/v2\/categories?post=30806"},{"taxonomy":"post_tag","embeddable":true,"href":"https:\/\/bisbalpenedes.com\/web\/wp-json\/wp\/v2\/tags?post=30806"}],"curies":[{"name":"wp","href":"https:\/\/api.w.org\/{rel}","templated":true}]}}