{"id":30768,"date":"2024-06-27T16:37:03","date_gmt":"2024-06-27T14:37:03","guid":{"rendered":"https:\/\/bisbalpenedes.com\/web\/?p=30768"},"modified":"2024-06-27T16:41:13","modified_gmt":"2024-06-27T14:41:13","slug":"el-bisbalenc-ramon-rovira-presideix-la-coordinadora-de-la-pedra-seca-del-baix-penedes-que-te-per-objectiu-promoure-i-protegir-aquest-patrimoni","status":"publish","type":"post","link":"https:\/\/bisbalpenedes.com\/web\/2024\/06\/27\/el-bisbalenc-ramon-rovira-presideix-la-coordinadora-de-la-pedra-seca-del-baix-penedes-que-te-per-objectiu-promoure-i-protegir-aquest-patrimoni\/","title":{"rendered":"El bisbalenc Ramon Rovira presideix la Coordinadora de la pedra seca del Baix Pened\u00e8s que t\u00e9 com a objectiu promoure i protegir aquest patrimoni"},"content":{"rendered":"\n<p><strong>L\u2019alcaldessa i la regidora de Medi Ambient van estar presents a la 1a Trobada de la Coordinadora de la Pedra Seca<\/strong><\/p>\n\n\n\n<p>El dissabte 15 de juny va tenir lloc, a Bonastre, la 1a Trobada de la Coordinadora de la Pedra Seca del Baix Pened\u00e8s, que porta per nom \u201cRebl\u00f3\u201d, el nom de la pedra petita que es posa a la base de les construccions. La coordinadora est\u00e0 integrada per tots els equips que fan treballs de conservaci\u00f3 de la pedra seca a la comarca i t\u00e9 per objectiu coordinar les accions de conservaci\u00f3, protecci\u00f3 i promoci\u00f3 de la pedra seca com a element essencial de la nostra hist\u00f2ria i del nostre paisatge.<\/p>\n\n\n\n<p>La coordinadora t\u00e9 membres de tota la comarca, tant entitats constitu\u00efdes com persones f\u00edsiques que treballen per preservar i reconstruir aquest patrimoni i el bisbalenc Ramon Rovira, que \u00e9s un conegut margeter de la comarca, ha estat escollit com a president de l\u2019entitat. Rovira ha explicat que <em>\u201cem van dir que fes de president i ho he agafat de moment, \u00e9s a dir, fins que ens puguem constituir, ja que per fer-ho cal que hi hagi una junta per signar els papers i tirar endavant les gestions per crear l\u2019entitat. Per tant, ara estem treballant amb el tema jur\u00eddic, constituint l\u2019entitat&#8230; i ja hem fet diverses reunions\u201d.<\/em><\/p>\n\n\n\n<p>La idea de crear una coordinadora va sorgir fa poc temps, segons comenta el Ramon Rovira <em>\u201cl\u2019Associaci\u00f3 de pedra seca de Sant Vicen\u00e7 de Calders est\u00e0 constitu\u00efda i t\u00e9 personalitat jur\u00eddica. Aquesta entitat volia saber si hi havia alguna manera de coordinar-se, entre les diferents associacions que poguessin sorgir, per donar rellev\u00e0ncia i import\u00e0ncia a la pedra seca, que est\u00e0 reconeguda com a Patrimoni de la Humanitat per la Unesco\u201d.<\/em> L\u2019objectiu de l\u2019entitat \u00e9s promoure i protegir i conservar aquest patrimoni, per\u00f2 tamb\u00e9 donar-li visibilitat des del punt de vista cultural, hist\u00f2ric i tur\u00edstic. Rovira ha afegit que <em>\u201cquan es va traslladar la idea al Consell Comarcal del Baix Pened\u00e8s els consellers de Cultura i Turisme, Josep R\u00e0fols i Mag\u00ed Pi\u00e9, respectivament, van mostrar-se interessats en la idea i van convocar els ajuntaments, les entitats i les persones que treballen en la pedra seca\u201d.<\/em><\/p>\n\n\n\n<p>Tot plegat s\u2019ha vist reflectit en la 1a Trobada de la Coordinadora de la Pedra Seca del Baix Pened\u00e8s \u201cRebl\u00f3\u201d, on tamb\u00e9 es va inaugurar l\u2019exposici\u00f3 itinerant \u201cLes rutes de Pedra Seca del Baix Pened\u00e8s\u201d, una mostra que s\u2019ha fet realitat gr\u00e0cies a l\u2019esfor\u00e7 conjunt de les conselleries de Turisme i Cultura del Consell Comarcal del Baix Pened\u00e8s i que don a con\u00e8ixer 14 rutes de pedra seca dels 14 municipis del Baix Pened\u00e8s, cadascuna amb el seu codi QR amb enlla\u00e7 directe a la <a href=\"mailto:https:\/\/wikipedra.catpaisatge.net\/\">Wikipedra.<\/a> Es tracta d\u2019una exposici\u00f3 subvencionada per la Diputaci\u00f3 de Tarragona i el Patronat de Turisme de la Diputaci\u00f3 i que, com que \u00e9s itinerant, les regidories de Cultura i Turisme de l\u2019Ajuntament de la Bisbal del Pened\u00e8s sol\u00b7licitaran que es pugui exposar a la Bisbal del Pened\u00e8s. Val a dir que el bisbalenc Robert Vall\u00e8s ha treballat per fer realitat aquesta exposici\u00f3. Ell i el tamb\u00e9 bisbalenc Joan Rovira van estar presents durant la trobada.<\/p>\n\n\n\n<p>El Baix Pened\u00e8s compta amb un gran nombre de construccions de pedra seca (al voltant de 1500 barraques), tret molt caracter\u00edstic del nostre paisatge. Aquesta t\u00e8cnica de construcci\u00f3 tradicional nom\u00e9s fa servir pedres i terra, sobreposant-les i encaixant-les fins a construir la <em>barraca<\/em>.<\/p>\n\n\n\n<p>Si us interessa el m\u00f3n de la pedra seca i voleu con\u00e8ixer algunes de les construccions que tenim a la Bisbal del Pened\u00e8s, a la biblioteca trobareu els llibres \u201cLes barraques de pedra seca de la Bisbal del Pened\u00e8s\u201d (Part 1 OEST i Part 2 CENTRE-EST) del bisbalenc Jaume Mir\u00f3 i Banach, editats per l\u2019Ajuntament de la Bisbal del Pened\u00e8s els anys 2021 i 2022.<\/p>\n\n\n\n<hr class=\"wp-block-separator has-alpha-channel-opacity\"\/>\n\n\n\n<p><strong>El bisbalenc Ramon Rovira preside la Coordinadora de la pedra seca del Baix Pened\u00e8s que tiene como objetivo promover y proteger este patrimonio<\/strong><\/p>\n\n\n\n<p><strong>La alcaldesa y la regidora de Medio Ambiente estuvieron presentes al 1.\u00ba Encuentro de la Coordinadora de la Piedra Seca<\/strong><\/p>\n\n\n\n<p>El s\u00e1bado 15 de junio tuvo lugar, en Bonastre, el 1.\u00ba Encuentro de la Coordinadora de la Pedra Seca del Baix Pened\u00e8s, que ha sido bautizada con el nombre de \u201cRebl\u00f3\u201d, es decir, el nombre de la piedra peque\u00f1a que se pone en la base de las construcciones. La coordinadora est\u00e1 integrada por todos los equipos que hacen trabajos de conservaci\u00f3n de la piedra seca en la comarca y tiene como objetivo coordinar las acciones de conservaci\u00f3n, protecci\u00f3n y promoci\u00f3n de la piedra seca como elemento esencial de nuestra historia y de nuestro paisaje.<\/p>\n\n\n\n<p>La coordinadora tiene miembros de toda la comarca, tanto entidades constituidas como personas f\u00edsicas que trabajan para preservar y reconstruir este patrimonio y el bisbalenc Ramon Rovira, que es un conocido <em>margeter <\/em>de la comarca, ha sido escogido como presidente de la entidad. Rovira ha explicado que <em>\u201cme dijeron que me ocupase de la presidencia y lo he cogido de momento, es decir, hasta que nos podamos constituir, puesto que para hacerlo hace falta que haya una junta para firmar los papeles y sacar adelante las gestiones para crear la entidad. Por lo tanto, ahora estamos trabajando con el tema jur\u00eddico, constituyendo la entidad&#8230; y ya hemos hecho varias reuniones\u201d.<\/em><\/p>\n\n\n\n<p>La idea de crear una coordinadora surgi\u00f3 hace poco tiempo, seg\u00fan comenta Ramon Rovira <em>\u201cla Associaci\u00f3 de pedra seca de Sant Vicen\u00e7 de Calders est\u00e1 constituida y tiene personalidad jur\u00eddica. Esta entidad quer\u00eda saber si hab\u00eda alguna manera de coordinarse, entre las distintas asociaciones que pudieran surgir, para dar relevancia e importancia a la piedra seca, que est\u00e1 reconocida como Patrimonio de la Humanidad por la Unesco\u201d<\/em>. El objetivo de la entidad es promover y proteger y conservar este patrimonio, pero tambi\u00e9n darle visibilidad desde el punto de vista cultural, hist\u00f3rico y tur\u00edstico. Rovira ha a\u00f1adido que <em>\u201ccuando se traslad\u00f3 la idea al Consell Comarcal del Baix Pened\u00e8s los consejeros de Cultura y Turismo, Josep R\u00e0fols y Mag\u00ed Pi\u00e9, respectivamente, se mostraron interesados en la idea y convocaron a los ayuntamientos, las entidades y las personas que trabajan en la piedra seca\u201d.<\/em><\/p>\n\n\n\n<p>Todo ello se ha visto reflejado en el 1.\u00ba Encuentro de la Coordinadora de la Pedra Seca del Baix Pened\u00e8s \u201cRebl\u00f3\u201d, donde tambi\u00e9n se inaugur\u00f3 la exposici\u00f3n itinerante \u201cLas rutes de Pedra Seca del Baix Pened\u00e8s\u201d, una muestra que se ha hecho realidad gracias al esfuerzo conjunto de las <em>conselleries<\/em> de Turismo y Cultura del Consell Comarcal del Baix Pened\u00e8s y que da a conocer 14 rutas de piedra seca de los 14 municipios del Baix Pened\u00e8s, cada una con su c\u00f3digo QR con enlace directo a la <a href=\"mailto:mailto:https:\/\/wikipedra.catpaisatge.net\/\">Wikipedra<\/a>. Se trata de una exposici\u00f3n subvencionada por la Diputaci\u00f3 de Tarragona y el Patronat de Turisme de la Diputaci\u00f3 y que, como que es itinerante, las concejal\u00edas de Cultura y Turismo del Ajuntament de la Bisbal del Pened\u00e8s solicitar\u00e1n que se pueda exponer en la Bisbal del Pened\u00e8s. Cabe decir que el bisbalenc Robert Vall\u00e8s ha trabajado para hacer realidad esta exposici\u00f3n. \u00c9l y el tambi\u00e9n bisbalenc Joan Rovira estuvieron presentes durante el encuentro.<\/p>\n\n\n\n<p>El Baix Pened\u00e8s cuenta con un gran n\u00famero de construcciones de piedra seca (alrededor de 1500 barracas), un rasgo muy caracter\u00edstico de nuestro paisaje. Esta t\u00e9cnica de construcci\u00f3n tradicional solo usa piedras y tierra, sobreponi\u00e9ndolas y encaj\u00e1ndolas hasta construir la barraca.<\/p>\n\n\n\n<p>Si os interesa el mundo de la piedra seca y quer\u00e9is conocer algunas de las construcciones que tenemos en la Bisbal del Pened\u00e8s, en la biblioteca encontrar\u00e9is los libros \u201cLes barraques de pedra seca de la Bisbal del Pened\u00e8s\u201d (Part 1 OEST y Part 2 CENTRE-EST) del bisbalenc Jaume Mir\u00f3 y Banach, editado spor el Ajuntament de la Bisbal del Pened\u00e8s los a\u00f1os 2021 y 2022.<\/p>\n","protected":false},"excerpt":{"rendered":"<p>L\u2019alcaldessa i la regidora de Medi Ambient van estar presents a la 1a Trobada de la Coordinadora de la Pedra Seca El dissabte 15 de juny va tenir lloc, a &hellip; <a href=\"https:\/\/bisbalpenedes.com\/web\/2024\/06\/27\/el-bisbalenc-ramon-rovira-presideix-la-coordinadora-de-la-pedra-seca-del-baix-penedes-que-te-per-objectiu-promoure-i-protegir-aquest-patrimoni\/\" class=\"more-link\">Read More<\/a><\/p>\n","protected":false},"author":4,"featured_media":30769,"comment_status":"closed","ping_status":"closed","sticky":false,"template":"","format":"standard","meta":[],"categories":[13,8,4878],"tags":[1151,6715,1200,2512,393,352,3022,6717,6714],"_links":{"self":[{"href":"https:\/\/bisbalpenedes.com\/web\/wp-json\/wp\/v2\/posts\/30768"}],"collection":[{"href":"https:\/\/bisbalpenedes.com\/web\/wp-json\/wp\/v2\/posts"}],"about":[{"href":"https:\/\/bisbalpenedes.com\/web\/wp-json\/wp\/v2\/types\/post"}],"author":[{"embeddable":true,"href":"https:\/\/bisbalpenedes.com\/web\/wp-json\/wp\/v2\/users\/4"}],"replies":[{"embeddable":true,"href":"https:\/\/bisbalpenedes.com\/web\/wp-json\/wp\/v2\/comments?post=30768"}],"version-history":[{"count":2,"href":"https:\/\/bisbalpenedes.com\/web\/wp-json\/wp\/v2\/posts\/30768\/revisions"}],"predecessor-version":[{"id":30771,"href":"https:\/\/bisbalpenedes.com\/web\/wp-json\/wp\/v2\/posts\/30768\/revisions\/30771"}],"wp:featuredmedia":[{"embeddable":true,"href":"https:\/\/bisbalpenedes.com\/web\/wp-json\/wp\/v2\/media\/30769"}],"wp:attachment":[{"href":"https:\/\/bisbalpenedes.com\/web\/wp-json\/wp\/v2\/media?parent=30768"}],"wp:term":[{"taxonomy":"category","embeddable":true,"href":"https:\/\/bisbalpenedes.com\/web\/wp-json\/wp\/v2\/categories?post=30768"},{"taxonomy":"post_tag","embeddable":true,"href":"https:\/\/bisbalpenedes.com\/web\/wp-json\/wp\/v2\/tags?post=30768"}],"curies":[{"name":"wp","href":"https:\/\/api.w.org\/{rel}","templated":true}]}}