{"id":30764,"date":"2024-06-27T13:45:23","date_gmt":"2024-06-27T11:45:23","guid":{"rendered":"https:\/\/bisbalpenedes.com\/web\/?p=30764"},"modified":"2024-06-27T13:45:23","modified_gmt":"2024-06-27T11:45:23","slug":"el-proxim-dimarts-2-de-juliol-podreu-viure-el-mon-de-la-transhumancia-en-directe","status":"publish","type":"post","link":"https:\/\/bisbalpenedes.com\/web\/2024\/06\/27\/el-proxim-dimarts-2-de-juliol-podreu-viure-el-mon-de-la-transhumancia-en-directe\/","title":{"rendered":"El pr\u00f2xim dimarts 2 de juliol podreu viure el m\u00f3n de la transhum\u00e0ncia en directe"},"content":{"rendered":"\n<p>El pr\u00f2xim dimarts 2 de juliol, podreu viure el m\u00f3n de la transhum\u00e0ncia en directe, amb l&#8217;arribada de les cabres negres a la Bisbal. A les 9h farem una exhibici\u00f3 de munyida i a les 12h un taller de formatges. Us hi esperem!<\/p>\n\n\n\n<hr class=\"wp-block-separator has-alpha-channel-opacity\"\/>\n\n\n\n<p>El pr\u00f3ximo martes 2 de julio, podr\u00e9is vivir el mundo de la trashumancia en directo, con la llegada de las cabras negras a la Bisbal. A las 9h haremos una exhibici\u00f3n de orde\u00f1o y a las 12h un taller de quesos. \u00a1Os esperamos!<\/p>\n","protected":false},"excerpt":{"rendered":"<p>El pr\u00f2xim dimarts 2 de juliol, podreu viure el m\u00f3n de la transhum\u00e0ncia en directe, amb l&#8217;arribada de les cabres negres a la Bisbal. A les 9h farem una exhibici\u00f3 &hellip; <a href=\"https:\/\/bisbalpenedes.com\/web\/2024\/06\/27\/el-proxim-dimarts-2-de-juliol-podreu-viure-el-mon-de-la-transhumancia-en-directe\/\" class=\"more-link\">Read More<\/a><\/p>\n","protected":false},"author":4,"featured_media":30765,"comment_status":"closed","ping_status":"closed","sticky":false,"template":"","format":"standard","meta":[],"categories":[8,4878],"tags":[459,5954,393,1374,6268],"_links":{"self":[{"href":"https:\/\/bisbalpenedes.com\/web\/wp-json\/wp\/v2\/posts\/30764"}],"collection":[{"href":"https:\/\/bisbalpenedes.com\/web\/wp-json\/wp\/v2\/posts"}],"about":[{"href":"https:\/\/bisbalpenedes.com\/web\/wp-json\/wp\/v2\/types\/post"}],"author":[{"embeddable":true,"href":"https:\/\/bisbalpenedes.com\/web\/wp-json\/wp\/v2\/users\/4"}],"replies":[{"embeddable":true,"href":"https:\/\/bisbalpenedes.com\/web\/wp-json\/wp\/v2\/comments?post=30764"}],"version-history":[{"count":1,"href":"https:\/\/bisbalpenedes.com\/web\/wp-json\/wp\/v2\/posts\/30764\/revisions"}],"predecessor-version":[{"id":30766,"href":"https:\/\/bisbalpenedes.com\/web\/wp-json\/wp\/v2\/posts\/30764\/revisions\/30766"}],"wp:featuredmedia":[{"embeddable":true,"href":"https:\/\/bisbalpenedes.com\/web\/wp-json\/wp\/v2\/media\/30765"}],"wp:attachment":[{"href":"https:\/\/bisbalpenedes.com\/web\/wp-json\/wp\/v2\/media?parent=30764"}],"wp:term":[{"taxonomy":"category","embeddable":true,"href":"https:\/\/bisbalpenedes.com\/web\/wp-json\/wp\/v2\/categories?post=30764"},{"taxonomy":"post_tag","embeddable":true,"href":"https:\/\/bisbalpenedes.com\/web\/wp-json\/wp\/v2\/tags?post=30764"}],"curies":[{"name":"wp","href":"https:\/\/api.w.org\/{rel}","templated":true}]}}