{"id":30724,"date":"2024-06-25T11:31:20","date_gmt":"2024-06-25T09:31:20","guid":{"rendered":"https:\/\/bisbalpenedes.com\/web\/?p=30724"},"modified":"2024-06-25T11:31:20","modified_gmt":"2024-06-25T09:31:20","slug":"lalcaldessa-participa-en-la-trobada-comarcal-de-larxiprestat-del-baix-penedes","status":"publish","type":"post","link":"https:\/\/bisbalpenedes.com\/web\/2024\/06\/25\/lalcaldessa-participa-en-la-trobada-comarcal-de-larxiprestat-del-baix-penedes\/","title":{"rendered":"<strong>L\u2019alcaldessa participa en la trobada comarcal de l\u2019arxiprestat del Baix Pened\u00e8s<\/strong>"},"content":{"rendered":"\n<p>El diumenge 16 de juny, a la tarda, l\u2019alcaldessa Agn\u00e8s Ferr\u00e9 va ser convidada a participar en la Trobada de cristians de l\u2019Arxiprestat del Baix Pened\u00e8s, que es va celebrar a l\u2019auditori de Cellers Domenys. En aquesta trobada, el director general d\u2019Afers Religiosos de la Generalitat de Catalunya, Carles Armengol, va oferir la confer\u00e8ncia \u201cel comprom\u00eds dels cristians en la vida p\u00fablica\u201d. Tot seguit, l\u2019alcaldessa va participar en el debat sobre el testimoniatge de la pol\u00edtica local de la comarca, un debat en qu\u00e8 tamb\u00e9 van intervenir l\u2019alcalde de Sant Jaume dels Domenys, Mag\u00ed Pallar\u00e9s; i l\u2019exregidora de l\u2019Ajuntament de Calafell, Maria Vict\u00f2ria Ortigosa.<\/p>\n\n\n\n<p>L\u2019alcaldessa Agn\u00e8s Ferr\u00e9 ha explicat que <em>\u201cper a mi \u00e9s un orgull haver representat el municipi de la Bisbal en aquest debat\u201d<\/em> i ha afegit que <em>\u201ctot i que la jornada se centrava en el cristianisme, recordem que des de la Direcci\u00f3 General d\u2019Afers Religiosos es tenen en consideraci\u00f3 les diferents entitats religioses de Catalunya i, des de l\u2019Ajuntament de la Bisbal del Pened\u00e8s, defensem fermament el Dret a la llibertat religiosa, que est\u00e0 reconegut en la Declaraci\u00f3 Universal dels Drets Humans\u201d.<\/em><\/p>\n\n\n\n<figure class=\"wp-block-image size-large\"><img loading=\"lazy\" width=\"1024\" height=\"768\" src=\"https:\/\/bisbalpenedes.com\/web\/wp-content\/uploads\/2024\/06\/2024-06-16-18.47.30-1024x768.jpg\" alt=\"\" class=\"wp-image-30727\" srcset=\"https:\/\/bisbalpenedes.com\/web\/wp-content\/uploads\/2024\/06\/2024-06-16-18.47.30-1024x768.jpg 1024w, https:\/\/bisbalpenedes.com\/web\/wp-content\/uploads\/2024\/06\/2024-06-16-18.47.30-300x225.jpg 300w, https:\/\/bisbalpenedes.com\/web\/wp-content\/uploads\/2024\/06\/2024-06-16-18.47.30-768x576.jpg 768w, https:\/\/bisbalpenedes.com\/web\/wp-content\/uploads\/2024\/06\/2024-06-16-18.47.30-1536x1152.jpg 1536w, https:\/\/bisbalpenedes.com\/web\/wp-content\/uploads\/2024\/06\/2024-06-16-18.47.30-2048x1536.jpg 2048w, https:\/\/bisbalpenedes.com\/web\/wp-content\/uploads\/2024\/06\/2024-06-16-18.47.30-600x450.jpg 600w\" sizes=\"(max-width: 1024px) 100vw, 1024px\" \/><\/figure>\n\n\n\n<hr class=\"wp-block-separator has-alpha-channel-opacity\"\/>\n\n\n\n<p><strong>CASTELLANO | <\/strong>El domingo 16 de junio, por la tarde, la alcaldesa Agn\u00e8s Ferr\u00e9 fue invitada a participar en la Trobada de cristians de l\u2019Arxiprestat del Baix Pened\u00e8s, que se celebr\u00f3 en el auditorio de Cellers Domenys. En este encuentro, el director general de asuntos religiosos de la Generalitat de Catalunya, Carles Armengol, ofreci\u00f3 la conferencia \u201cel compromiso de los cristianos en la vida p\u00fablica\u201d. A continuaci\u00f3n, la alcaldesa particip\u00f3 en el debate sobre el testimonio de la pol\u00edtica local de la comarca, un debate en el que tambi\u00e9n intervinieron el alcalde de Sant Jaume dels Domenys, Mag\u00ed Pallar\u00e9s; y la exregidora del Ajuntament de Calafell, Maria Vict\u00f2ria Ortigosa.<\/p>\n\n\n\n<p>La alcaldesa Agn\u00e8s Ferr\u00e9 ha explicado que <em>\u201cpara mi es un orgullo haber representado el municipio de la Bisbal en este debate\u201d<\/em> y ha a\u00f1adido que <em>\u201caunque la jornada se centraba en el cristianismo, recordamos que desde la Direcci\u00f3 Generals d\u2019Afers Religiosos se tienen en cuenta las distintas entidades religiosas de Catalunya y, desde el Ajuntament de la Bisbal del Pened\u00e8s, defendemos firmemente el Derecho a la libertad religiosa, que est\u00e1 reconocido en la Declaraci\u00f3n Universal de los Derechos Humanos\u201d.<\/em><\/p>\n","protected":false},"excerpt":{"rendered":"<p>El diumenge 16 de juny, a la tarda, l\u2019alcaldessa Agn\u00e8s Ferr\u00e9 va ser convidada a participar en la Trobada de cristians de l\u2019Arxiprestat del Baix Pened\u00e8s, que es va celebrar &hellip; <a href=\"https:\/\/bisbalpenedes.com\/web\/2024\/06\/25\/lalcaldessa-participa-en-la-trobada-comarcal-de-larxiprestat-del-baix-penedes\/\" class=\"more-link\">Read More<\/a><\/p>\n","protected":false},"author":4,"featured_media":30726,"comment_status":"closed","ping_status":"closed","sticky":false,"template":"","format":"standard","meta":[],"categories":[2057,8],"tags":[6710,459,393,1842,3379],"_links":{"self":[{"href":"https:\/\/bisbalpenedes.com\/web\/wp-json\/wp\/v2\/posts\/30724"}],"collection":[{"href":"https:\/\/bisbalpenedes.com\/web\/wp-json\/wp\/v2\/posts"}],"about":[{"href":"https:\/\/bisbalpenedes.com\/web\/wp-json\/wp\/v2\/types\/post"}],"author":[{"embeddable":true,"href":"https:\/\/bisbalpenedes.com\/web\/wp-json\/wp\/v2\/users\/4"}],"replies":[{"embeddable":true,"href":"https:\/\/bisbalpenedes.com\/web\/wp-json\/wp\/v2\/comments?post=30724"}],"version-history":[{"count":1,"href":"https:\/\/bisbalpenedes.com\/web\/wp-json\/wp\/v2\/posts\/30724\/revisions"}],"predecessor-version":[{"id":30729,"href":"https:\/\/bisbalpenedes.com\/web\/wp-json\/wp\/v2\/posts\/30724\/revisions\/30729"}],"wp:featuredmedia":[{"embeddable":true,"href":"https:\/\/bisbalpenedes.com\/web\/wp-json\/wp\/v2\/media\/30726"}],"wp:attachment":[{"href":"https:\/\/bisbalpenedes.com\/web\/wp-json\/wp\/v2\/media?parent=30724"}],"wp:term":[{"taxonomy":"category","embeddable":true,"href":"https:\/\/bisbalpenedes.com\/web\/wp-json\/wp\/v2\/categories?post=30724"},{"taxonomy":"post_tag","embeddable":true,"href":"https:\/\/bisbalpenedes.com\/web\/wp-json\/wp\/v2\/tags?post=30724"}],"curies":[{"name":"wp","href":"https:\/\/api.w.org\/{rel}","templated":true}]}}