{"id":30708,"date":"2024-06-25T11:41:55","date_gmt":"2024-06-25T09:41:55","guid":{"rendered":"https:\/\/bisbalpenedes.com\/web\/?p=30708"},"modified":"2024-06-25T11:41:55","modified_gmt":"2024-06-25T09:41:55","slug":"el-passat-dilluns-17-de-juny-es-va-celebrar-el-segon-ple-ordinari-de-lany-a-lajuntament-de-la-bisbal-del-penedes","status":"publish","type":"post","link":"https:\/\/bisbalpenedes.com\/web\/2024\/06\/25\/el-passat-dilluns-17-de-juny-es-va-celebrar-el-segon-ple-ordinari-de-lany-a-lajuntament-de-la-bisbal-del-penedes\/","title":{"rendered":"<strong>El passat dilluns 17 de juny es va celebrar el segon Ple ordinari de l\u2019any a l\u2019Ajuntament de la Bisbal del Pened\u00e8s<\/strong>"},"content":{"rendered":"\n<p><strong>El passat dilluns 17 de juny es va celebrar el segon Ple ordinari de l\u2019any a l\u2019Ajuntament de la Bisbal del Pened\u00e8s<\/strong><\/p>\n\n\n\n<p>El dilluns 17 de juny, a la tarda, es va celebrar el Ple ordinari de l\u2019Ajuntament de la Bisbal del Pened\u00e8s corresponent a aquest trimestre. Podeu veure el v\u00eddeo de la sessi\u00f3, aqu\u00ed:&nbsp;https:\/\/actes.bisbalpenedes.com\/session\/sessionDetail\/8a8180888f98105301902fb1be300011&nbsp;&nbsp;<br><\/p>\n\n\n\n<p>A l\u2019inici, es va excusar l\u2019assist\u00e8ncia del regidor Ra\u00fal Cort\u00e9s Vico (Tots Som la Bisbal \u2013 Urbanizaciones Unidas) per motius laborals. S\u2019hi van tractar els punts seg\u00fcents:<\/p>\n\n\n\n<p><strong>PART RESOLUTIVA<\/strong><\/p>\n\n\n\n<p><strong>Punt 1.-Aprovaci\u00f3 de l\u2019acta del Ple ordinari del 18 de mar\u00e7.<\/strong><\/p>\n\n\n\n<p>Es va aprovar&nbsp;per unanimitat dels assistents.<\/p>\n\n\n\n<p><strong>Punt 2.-Aprovaci\u00f3 de l\u2019acta del Ple extraordinari del 17 d\u2019abril.<\/strong><\/p>\n\n\n\n<p>Es va aprovar&nbsp;per unanimitat dels assistents.<\/p>\n\n\n\n<p><strong>Punt 3.-Aprovaci\u00f3 de l\u2019acta del Ple extraordinari del 15 de maig.<\/strong><\/p>\n\n\n\n<p>Es va aprovar&nbsp;amb els vots a favor de tots els assistents a excepci\u00f3 de Maguy Antol\u00edn (Tots Som la Bisbal \u2013 Urbanizaciones Unidas), que es va abstenir de votar al\u00b7legant que aquell dia ella no va assistir a l\u2019esmentat Ple.<\/p>\n\n\n\n<p><strong>Punt 4.-Aprovaci\u00f3 de la delimitaci\u00f3 entre els termes municipals de La Bisbal del Pened\u00e8s i Albinyana.<\/strong><\/p>\n\n\n\n<p>Es va aprovar&nbsp;per unanimitat dels assistents.<\/p>\n\n\n\n<p>S\u2019aprova la darrera delimitaci\u00f3 pendent de confeccionar i aprovar amb els municipis que limiten amb la Bisbal del Pened\u00e8s. En aquest cas, amb Albinyana.<\/p>\n\n\n\n<p>El passat mes de mar\u00e7 l\u2019Ajuntament va rebre la convocat\u00f2ria d\u2019inici de les operacions de delimitaci\u00f3 entre el terme municipal de la Bisbal i el d\u2019Albinyana i la resoluci\u00f3 d\u2019inici de l\u2019expedient de delimitaci\u00f3, enviat per part de la Direcci\u00f3 General d\u2019Administraci\u00f3 Local. El passat 3 d\u2019abril es va fer una reuni\u00f3 amb els propietaris afectats per la delimitaci\u00f3 i, despr\u00e9s, una reuni\u00f3 t\u00e8cnica, que va culminar amb la reuni\u00f3 i acord del 15 de maig. En ambdues reunions es va comptar amb l\u2019assist\u00e8ncia de la Unitat de Geod\u00e8sia i Delimitaci\u00f3 Territorial de l\u2019Institut Cartogr\u00e0fic i Geol\u00f2gic de Catalunya, que va portar la proposta a signar amb l\u2019acord per a totes les parts.<\/p>\n\n\n\n<p>Com a resultat de totes aquestes reunions i de l\u2019estudi previ sobre les fites i la l\u00ednia de delimitaci\u00f3 entre ambd\u00f3s municipis que va fer l\u2019Institut Cartogr\u00e0fic de Catalunya, s\u2019han adaptat quatre fites al seu pas per la Miralba, que van en conson\u00e0ncia amb els carrers i la C-51. Tamb\u00e9 s\u2019ha adaptat el tra\u00e7at de la l\u00ednia de terme a la realitat geogr\u00e0fica existent, a partir del l\u00edmit cadastral actual i la cartografia vigent.<\/p>\n\n\n\n<p><strong>Punt 5.-Aprovaci\u00f3 inicial de la modificaci\u00f3 puntual de les Normes subsidi\u00e0ries de planejament<\/strong><\/p>\n\n\n\n<p><a><u>Es va aprovar<\/u><\/a>, amb els vots a favor de Comprom\u00eds amb la Bisbal (5), el PSC (1) i ERC-AM (1) i les abstencions de La Bisbal Decideix (2) i Tots som la Bisbal-Urbanizaciones Unidas (1).<\/p>\n\n\n\n<p>S\u2019ha aprovat, inicialment, la modificaci\u00f3 puntual de les Normes subsidi\u00e0ries de planejament, per actualitzar-les i millorar-les. Les modificacions es divideixen en onze \u00e0mbits:<\/p>\n\n\n\n<p class=\"has-cyan-bluish-gray-color has-text-color\"><strong>1.-Actualitzaci\u00f3 de la Llei d\u2019urbanisme.<\/strong><\/p>\n\n\n\n<p class=\"has-cyan-bluish-gray-color has-text-color\">&#8211;&nbsp;&nbsp;&nbsp;&nbsp;&nbsp;&nbsp;&nbsp;Actualitzar diversos articles al Decret Llei 1\/2021, de 3 d\u2019agost, pel qual s\u2019aprova el Text Ref\u00f3s de la Llei d\u2019urbanisme.<\/p>\n\n\n\n<p class=\"has-cyan-bluish-gray-color has-text-color\">&#8211;&nbsp;&nbsp;&nbsp;&nbsp;&nbsp;&nbsp;&nbsp;Incloure l\u2019administraci\u00f3 digital.<\/p>\n\n\n\n<p class=\"has-cyan-bluish-gray-color has-text-color\">&#8211;&nbsp;&nbsp;&nbsp;&nbsp;&nbsp;&nbsp;&nbsp;Actualitzar diversos articles al Decret 89\/2021, de 29 de juny, pel qual s\u2019aprova el programa de gesti\u00f3 de residus de la construcci\u00f3 de Catalunya.<\/p>\n\n\n\n<p class=\"has-cyan-bluish-gray-color has-text-color\">&#8211;&nbsp;&nbsp;&nbsp;&nbsp;&nbsp;&nbsp;&nbsp;Actualitzar diversos articles al Decret 64\/2014, de 13 de maig, pel qual s\u2019aprova el Reglament sobre protecci\u00f3 de la legalitat urban\u00edstica.<\/p>\n\n\n\n<p class=\"has-cyan-bluish-gray-color has-text-color\">&#8211;&nbsp;&nbsp;&nbsp;&nbsp;&nbsp;&nbsp;&nbsp;Actualitzar diversos articles a la llei 20\/2009, del 4 de desembre, de prevenci\u00f3 i control ambiental de les activitats.<\/p>\n\n\n\n<p class=\"has-cyan-bluish-gray-color has-text-color\"><strong>2.-Correccions.<\/strong><\/p>\n\n\n\n<p class=\"has-cyan-bluish-gray-color has-text-color\">&#8211;&nbsp;&nbsp;&nbsp;&nbsp;&nbsp;&nbsp;&nbsp;S\u2019actualitzen els imports de pessetes a euros en alguns articles.<\/p>\n\n\n\n<p class=\"has-cyan-bluish-gray-color has-text-color\">&#8211;&nbsp;&nbsp;&nbsp;&nbsp;&nbsp;&nbsp;&nbsp;Es corregeix la incoher\u00e8ncia entre l\u2019article 90.a) i l\u2019article 96.2 del text ref\u00f3s, en relaci\u00f3 amb la llargada de la coberta per damunt de l\u2019al\u00e7ada reguladora m\u00e0xima. Es fixa en 3 metres.<\/p>\n\n\n\n<p class=\"has-cyan-bluish-gray-color has-text-color\"><strong>3.-Subjecci\u00f3 a comunicaci\u00f3 pr\u00e8via.<\/strong><\/p>\n\n\n\n<p class=\"has-cyan-bluish-gray-color has-text-color\">&#8211;&nbsp;&nbsp;&nbsp;&nbsp;&nbsp;&nbsp;&nbsp;A l\u2019inici del redactat de l\u2019article 33 \u201cDocumentaci\u00f3 de la sol\u00b7licitud de llic\u00e8ncia de primera utilitzaci\u00f3 parcial i total\u201d s\u2019afegeix&nbsp;<em>\u201cD\u2019acord amb l\u2019article 29 d\u2019aquestes normes, la primera utilitzaci\u00f3 i ocupaci\u00f3 parcial i total dels edificis \u00e9s un acte subjecte a llic\u00e8ncia, i la primera utilitzaci\u00f3 i ocupaci\u00f3 dels edificis, \u00e9s un acte subjecte a comunicaci\u00f3 pr\u00e8via\u201d.<\/em><\/p>\n\n\n\n<p class=\"has-cyan-bluish-gray-color has-text-color\"><strong>4.-Permetre agrupacions de parcel\u00b7les, amb limitacions, al nucli.<\/strong><\/p>\n\n\n\n<p class=\"has-cyan-bluish-gray-color has-text-color\">&#8211;&nbsp;&nbsp;&nbsp;&nbsp;&nbsp;&nbsp;&nbsp;Es modifica per permetre, amb limitacions, agrupacions de parcel\u00b7les al nucli. Al final de l\u2019apartat 5 de l\u2019article 76 s\u2019hi afegeix&nbsp;<em>\u201cLes fa\u00e7anes de 5 metres o m\u00e9s es podran agrupar havent de mantenir l\u2019amplada de les fa\u00e7anes originals amb un tractament diferencial\u201d.<\/em><\/p>\n\n\n\n<p class=\"has-cyan-bluish-gray-color has-text-color\"><strong>5.-Modificacions de superf\u00edcie d\u2019usos, de materials d\u2019edificaci\u00f3 i d\u2019obertures en fa\u00e7ana al nucli.<\/strong><\/p>\n\n\n\n<p class=\"has-cyan-bluish-gray-color has-text-color\">&#8211;&nbsp;&nbsp;&nbsp;&nbsp;&nbsp;&nbsp;&nbsp;Modificar de 90m2 a 70m2 la superf\u00edcie mitjana dels habitatges del nucli.<\/p>\n\n\n\n<p class=\"has-cyan-bluish-gray-color has-text-color\">&#8211;&nbsp;&nbsp;&nbsp;&nbsp;&nbsp;&nbsp;&nbsp;Ampliar els usos de restauraci\u00f3 al nucli. A l\u2019\u00fas de restauraci\u00f3, s\u2019afegeix que tingui l\u2019\u00fas de restauraci\u00f3 en planta 1a, lligat a planta baixa, amb una superf\u00edcie inferior a la planta baixa.<\/p>\n\n\n\n<p class=\"has-cyan-bluish-gray-color has-text-color\">&#8211;&nbsp;&nbsp;&nbsp;&nbsp;&nbsp;&nbsp;&nbsp;De materials d\u2019edificaci\u00f3: a la coberta, s\u2019afegeix que s\u2019admeten els materials que imiten la teula, en les diferents construccions de l\u2019habitatge (cobert, garatge, magatzem&#8230;)<\/p>\n\n\n\n<p class=\"has-cyan-bluish-gray-color has-text-color\">&#8211;&nbsp;&nbsp;&nbsp;&nbsp;&nbsp;&nbsp;&nbsp;D\u2019obertures en fa\u00e7ana: en l\u2019article 162.6.k s\u2019hi afegeix aquest par\u00e0graf&nbsp;<em>\u201cobertures en planta baixa inferiors als 2\/3 de longitud de fa\u00e7ana sense que, en cap cas, l\u2019amplada de l\u2019obertura superi els 4 metres\u201d.<\/em><\/p>\n\n\n\n<p class=\"has-cyan-bluish-gray-color has-text-color\"><strong>6.-Definir l\u2019\u00fas esportiu en habitatges al municipi.<\/strong><\/p>\n\n\n\n<p class=\"has-cyan-bluish-gray-color has-text-color\">&#8211;&nbsp;&nbsp;&nbsp;&nbsp;&nbsp;&nbsp;&nbsp;Es defineix que l\u2019\u00fanic \u00fas esportiu en descobert ha de ser el de piscina. Per tant, en parcel\u00b7les urbanes no es podran construir camps de futbol, pistes de b\u00e0squet, tennis, p\u00e0del, etc. Es modifiquen els articles que fan refer\u00e8ncia a les parcel\u00b7les urbanes residencials en tot el municipi.<br><\/p>\n\n\n\n<p class=\"has-cyan-bluish-gray-color has-text-color\"><strong>7.-Incorporar l\u2019\u00fas de productes agr\u00edcoles i manipulaci\u00f3.<\/strong><\/p>\n\n\n\n<p class=\"has-cyan-bluish-gray-color has-text-color\">&#8211;&nbsp;&nbsp;&nbsp;&nbsp;&nbsp;&nbsp;&nbsp;Amb la normativa actual, no es permet que s\u2019obri una activitat dels productes de la nostra terra ni la seva manipulaci\u00f3. Ara, amb aquest article, es permet.<\/p>\n\n\n\n<p class=\"has-cyan-bluish-gray-color has-text-color\"><strong>8.-Regulaci\u00f3 de l\u2019\u00fas d\u2019oficines a la segona planta de la zona industrial.<\/strong><\/p>\n\n\n\n<p class=\"has-cyan-bluish-gray-color has-text-color\">&#8211;&nbsp;&nbsp;&nbsp;&nbsp;&nbsp;&nbsp;&nbsp;Per a zona industrial a\u00efllada mitjana i zona a\u00efllada gran, el redactat actual \u00e9s \u201cEquival a la planta baixa i dues plantes de pis\u201d i s\u2019amplia a \u201cEquival a la planta baixa, a una planta de pis i dues plantes de pis. Nom\u00e9s s\u2019admetr\u00e0 l\u2019\u00fas d\u2019oficines a la segona planta pis\u201d.<\/p>\n\n\n\n<p class=\"has-cyan-bluish-gray-color has-text-color\"><strong>9.-Ampliaci\u00f3 de la protecci\u00f3 a masos i masies.<\/strong><\/p>\n\n\n\n<p class=\"has-cyan-bluish-gray-color has-text-color\">&#8211;&nbsp;&nbsp;&nbsp;&nbsp;&nbsp;&nbsp;&nbsp;Actualment, s\u2019accepten les obres de conservaci\u00f3, rehabilitaci\u00f3 i restauraci\u00f3, aix\u00ed com les d\u2019increment de volum sempre que no superin el 50% del volum existent, ni malmetin les caracter\u00edstiques arquitect\u00f2niques de l\u2019edifici. Es proposa canviar el percentatge pel 30%.<\/p>\n\n\n\n<p class=\"has-cyan-bluish-gray-color has-text-color\"><strong>10.-S\u2019autoritzen les obres pes substituir elements perillosos per altres de condicions similars en urbanitzacions no recepcionades i en edificacions de volums disconformes.<\/strong><\/p>\n\n\n\n<p class=\"has-cyan-bluish-gray-color has-text-color\">&#8211;&nbsp;&nbsp;&nbsp;&nbsp;&nbsp;&nbsp;&nbsp;Amb aquest apartat, es podran autoritzar les obres d\u2019enretirar elements perillosos per a la salut p\u00fablica i substituir-los per altres de condicions funcionals similars a la Pineda de Santa Cristina i la Masieta, i als habitatges que estan en volum disconforme, \u00e9s a dir, aquells habitatges ja existents en zones recepcionades que no compleixen la normativa.<\/p>\n\n\n\n<p class=\"has-cyan-bluish-gray-color has-text-color\"><strong>11.-S\u2019autoritzen les obres de millora en rehabilitaci\u00f3 energ\u00e8tica, com ara la instal\u00b7laci\u00f3 de plaques fotovoltaiques, equips d\u2019aerot\u00e8rmia i altres que comportin una millora de l\u2019efici\u00e8ncia energ\u00e8tica a les urbanitzacions no recepcionades i a les edificacions de volums disconformes.<\/strong><\/p>\n\n\n\n<p class=\"has-cyan-bluish-gray-color has-text-color\">&#8211;&nbsp;&nbsp;&nbsp;&nbsp;&nbsp;&nbsp;&nbsp;S\u2019autoritzar\u00e0 i es donar\u00e0 llic\u00e8ncia a les obres de millora en rehabilitaci\u00f3 energ\u00e8tica, com ara la instal\u00b7laci\u00f3 de plaques fotovoltaiques, equips d\u2019aerot\u00e8rmia o d\u2019altres que comportin una millora en efici\u00e8ncia energ\u00e8tica, a la Pineda de Santa Cristina i a la Masieta, i als habitatges que estan en volum disconforme.<\/p>\n\n\n\n<p><strong>Punt 6.-Aprovaci\u00f3 de les festes locals per al 2025.<\/strong><\/p>\n\n\n\n<p>Es va aprovar&nbsp;per unanimitat dels assistents.<\/p>\n\n\n\n<p>S\u2019aproven les festes locals per al 2025, que seran el dimecres 23 d\u2019abril (Diada de Sant Jordi) i el dijous 14 d\u2019agost (Festa Major).<\/p>\n\n\n\n<p><strong>Punt 7.-Aprovaci\u00f3 inicial de la modificaci\u00f3 de cr\u00e8dit 3PLE\/2024, en la modalitat de suplement de cr\u00e8dit, per a projectes de benestar animal, pol\u00edtiques d\u2019igualtat i arranjament de camins.<\/strong><\/p>\n\n\n\n<p>Es va aprovar&nbsp;per unanimitat dels assistents.<\/p>\n\n\n\n<p>S\u2019aprova inicialment una modificaci\u00f3 de cr\u00e8dit de 48.890,91\u20ac, per destinar aquest import del romanent de tresoreria a les seg\u00fcents inversions i serveis:<\/p>\n\n\n\n<p>\u00b7&nbsp;&nbsp;&nbsp;&nbsp;&nbsp;&nbsp;13.089,50\u20ac per a destinar-los a l\u2019elaboraci\u00f3 de protocols i plans d\u2019igualtat<\/p>\n\n\n\n<p>\u00b7&nbsp;&nbsp;&nbsp;&nbsp;&nbsp;&nbsp;7.801,41\u20ac per a la partida de les quotes de la Mancomunitat Pened\u00e8s-Garraf<\/p>\n\n\n\n<p>\u00b7&nbsp;&nbsp;&nbsp;&nbsp;&nbsp;&nbsp;28.000\u20ac per arranjar camins del municipi malmesos per les darreres pluges<\/p>\n\n\n\n<p><strong>Punt 8.-Aprovaci\u00f3 del nou redactat del conveni per a l\u2019Aula Mentor, a inst\u00e0ncies del Ministerio de Educaci\u00f3n.<\/strong><\/p>\n\n\n\n<p>Es va aprovar&nbsp;per unanimitat dels assistents.<\/p>\n\n\n\n<p>S\u2019aprova el nou redactat del conveni Aula Mentor a inst\u00e0ncies del Ministerio de Educaci\u00f3n, ja que el 20 de maig va informar l\u2019Ajuntament de la Bisbal del Pened\u00e8s que hi havia uns canvis en el redactat del conveni en refer\u00e8ncies jur\u00eddiques, per\u00f2 que, en cap cas, modificava el contingut de conveni. No obstant aix\u00f2, calia tornar-lo a aprovar al Ple.<\/p>\n\n\n\n<p><strong>Punt 9.-Ratificaci\u00f3 del Decret d\u2019alcaldia del 6 de juny d\u2019al\u00b7legacions en relaci\u00f3 amb l\u2019Avantprojecte del Pla Territorial Parcial del Pened\u00e8s<\/strong><\/p>\n\n\n\n<p>Es va aprovar,\u00a0amb els vots a favor de Comprom\u00eds amb la Bisbal (5), el PSC (1) i ERC-AM (1) i les abstencions de La Bisbal Decideix (2) i Tots som la Bisbal-Urbanizaciones Unidas (1).<\/p>\n\n\n\n<p>El Ple ratifica el Decret d\u2019alcaldia del 6 de juny en qu\u00e8 es van formular al\u00b7legacions en relaci\u00f3 amb l\u2019Avantprojecte del Pla territorial parcial del Pened\u00e8s. Concretament, l\u2019Ajuntament va presentar el suggeriment de crear un nou vial d\u2019acc\u00e9s a la urbanitzaci\u00f3 del Priorat, sense necessitat de travessar el nucli. D\u2019aquesta manera, el Priorat tindria dos accessos d\u2019entrada i sortida, ja que actualment el Priorat disposa d\u2019un \u00fanic acc\u00e9s per a vehicles i, amb aquest nou vial, es descongestionaria de tr\u00e0nsit rodat el barri de la Riba.<\/p>\n\n\n\n<p><strong>PART DE CONTROL<\/strong><\/p>\n\n\n\n<p><strong>Punt 10.-Donar compte dels Decrets d\u2019alcaldia.<\/strong><\/p>\n\n\n\n<p>Es va donar compte al Ple.<\/p>\n\n\n\n<p><strong>Punt 11.-Donar compte de les actes de Junta de Govern Local<\/strong><br>Es va donar compte al Ple.<\/p>\n\n\n\n<p><strong>Punt 12.-Moci\u00f3 presentada pel grup municipal de La Bisbal Decideix \u201cContra el conjunt de parcs e\u00f2lics i fotovoltaics i les seves l\u00ednies d\u2019evacuaci\u00f3 i distribuci\u00f3 pel territori de Catalunya\u201d<\/strong><\/p>\n\n\n\n<p>Es va aprovar&nbsp;la moci\u00f3 amb els vots a favor de La Bisbal Decideix (2) i les abstencions de la resta d\u2019assistents: Comprom\u00eds amb la Bisbal (5), PSC (1), ERC-AM (1), Tots Som la Bisbal \u2013 Urbanizaciones Unidas (1).<\/p>\n\n\n\n<p>Es va acordar:<\/p>\n\n\n\n<p class=\"has-cyan-bluish-gray-color has-text-color\"><em>\u201cA).- L&#8217;ajuntament de la Bisbal del Pened\u00e8s s&#8217;oposa als projectes<\/em><\/p>\n\n\n\n<p class=\"has-cyan-bluish-gray-color has-text-color\"><em>Anomenats Cluster Begues, PEOL677, PEOL556 i a les seves xarxes de<\/em><\/p>\n\n\n\n<p class=\"has-cyan-bluish-gray-color has-text-color\"><em>connexi\u00f3 i dona ple suport a les reivindicacions de la Plataforma NO A LA<\/em><\/p>\n\n\n\n<p class=\"has-cyan-bluish-gray-color has-text-color\"><em>MAT CATALUNYA, i al contingut de la Proposta de Resoluci\u00f3 presentada per<\/em><\/p>\n\n\n\n<p class=\"has-cyan-bluish-gray-color has-text-color\"><em>la dita Plataforma al Parlament de Catalunya el 24 de novembre de 2022. I<\/em><\/p>\n\n\n\n<p class=\"has-cyan-bluish-gray-color has-text-color\"><em>aprovada pels grups pol\u00edtics de: Esquerra Republicana de Catalunya, Partit<\/em><\/p>\n\n\n\n<p class=\"has-cyan-bluish-gray-color has-text-color\"><em>Socialista, Junts, Comuns i la CUP el passat 15 de mar\u00e7 de 2023 en el si de la<\/em><\/p>\n\n\n\n<p class=\"has-cyan-bluish-gray-color has-text-color\"><em>Comissi\u00f3 d&#8217;Acci\u00f3 Clim\u00e0tica.<\/em><\/p>\n\n\n\n<p class=\"has-cyan-bluish-gray-color has-text-color\"><em>B).- Requerir al Govern de la Generalitat de Catalunya perqu\u00e8 compleixi la<\/em><\/p>\n\n\n\n<p class=\"has-cyan-bluish-gray-color has-text-color\"><em>totalitat dels acords continguts en la dita Proposta de Resoluci\u00f3 i que<\/em><\/p>\n\n\n\n<p class=\"has-cyan-bluish-gray-color has-text-color\"><em>dissenyi una transici\u00f3 a les energies renovables d&#8217;acord amb els seg\u00fcents<\/em><\/p>\n\n\n\n<p class=\"has-cyan-bluish-gray-color has-text-color\"><em>principis:<\/em><\/p>\n\n\n\n<p class=\"has-cyan-bluish-gray-color has-text-color\"><em>1.- Seguint un model basat en els principis de la democr\u00e0cia participat va, amb total respecte a l&#8217;opini\u00f3 i necessitats de cada part del nostre territori.<br><\/em><\/p>\n\n\n\n<p class=\"has-cyan-bluish-gray-color has-text-color\"><em>2.-Un model descentralitzat, on l&#8217;energia es generi al m\u00e0xim de proximitat dels llocs de consum i estigui dimensionada en cada cas segons les necessitats de cada municipi.<br><\/em><\/p>\n\n\n\n<p class=\"has-cyan-bluish-gray-color has-text-color\"><em>3.-Un model, implementat, pel que fa a les infraestructures, en els llocs ja ocupats per l&#8217;activitat humana siguin habitatges, ind\u00fastries, infraestructures vi\u00e0ries i espais ja degradats.<\/em><\/p>\n\n\n\n<p class=\"has-cyan-bluish-gray-color has-text-color\"><em>4.-Un model que minori al m\u00e0xim l&#8217;impacte ambiental en la seva<\/em><\/p>\n\n\n\n<p class=\"has-cyan-bluish-gray-color has-text-color\"><em>implementaci\u00f3 i que contribueixi a la millora de les condicions de vida de ciutadans del nostre pa\u00eds i a la preservaci\u00f3 de la riquesa de la nostra<\/em><\/p>\n\n\n\n<p class=\"has-cyan-bluish-gray-color has-text-color\"><em>biodiversitat.<\/em><\/p>\n\n\n\n<p class=\"has-cyan-bluish-gray-color has-text-color\"><em>5.-Un model energ\u00e8tic en el qual la ciutadania participi activament des de la generaci\u00f3 mitjan\u00e7ant la constituci\u00f3 de Comunitats Energ\u00e8tiques<\/em><\/p>\n\n\n\n<p class=\"has-cyan-bluish-gray-color has-text-color\"><em>Ciutadanes segons la previsi\u00f3 que en fa d&#8217;elles la Uni\u00f3 Europea.<\/em><\/p>\n\n\n\n<p class=\"has-cyan-bluish-gray-color has-text-color\"><em>6.-Un model energ\u00e8tic que reconegui, com a dret fonamental de la<\/em><\/p>\n\n\n\n<p class=\"has-cyan-bluish-gray-color has-text-color\"><em>ciutadania del nostre pa\u00eds, l&#8217;acc\u00e9s a l&#8217;energia en condicions assequibles per&nbsp;<\/em><em>a tothom tant des del punt de vista de les necessitats com del cost que<\/em><em>&nbsp;<\/em><em>representa.<\/em><em><\/em><\/p>\n\n\n\n<p class=\"has-cyan-bluish-gray-color has-text-color\"><em>C).- Requerir al Govern de la Generalitat perqu\u00e8 elabori de forma immediata<\/em><\/p>\n\n\n\n<p class=\"has-cyan-bluish-gray-color has-text-color\"><em>un estudi complet, per a tot el pa\u00eds, a fi de determinar quines s\u00f3n les<\/em><\/p>\n\n\n\n<p class=\"has-cyan-bluish-gray-color has-text-color\"><em>possibilitats que la implementaci\u00f3 de les energies renovables en les parts<\/em><\/p>\n\n\n\n<p class=\"has-cyan-bluish-gray-color has-text-color\"><em>del territori ja ocupades per l&#8217;activitat humana, sigui per nuclis de poblaci\u00f3,<\/em><\/p>\n\n\n\n<p class=\"has-cyan-bluish-gray-color has-text-color\"><em>nuclis industrials, conjunt d&#8217;infraestructures vi\u00e0ries, zones industrials<\/em><\/p>\n\n\n\n<p class=\"has-cyan-bluish-gray-color has-text-color\"><em>degradades, etc. Quin seria, \u00e9s el nivell d&#8217;autonomia energ\u00e8tica de cada<\/em><\/p>\n\n\n\n<p class=\"has-cyan-bluish-gray-color has-text-color\"><em>municipi del pa\u00eds i quins s\u00f3n els que necessitarien instal\u00b7lacions<\/em><\/p>\n\n\n\n<p class=\"has-cyan-bluish-gray-color has-text-color\"><em>suplement\u00e0ries. I tot en el marc d&#8217;un model de desenvolupament territorial<\/em><\/p>\n\n\n\n<p class=\"has-cyan-bluish-gray-color has-text-color\"><em>que ambicioni la preservaci\u00f3 del territori i la biodiversitat per sobre de<\/em><\/p>\n\n\n\n<p class=\"has-cyan-bluish-gray-color has-text-color\"><em>qualsevol altre inter\u00e8s.<\/em><\/p>\n\n\n\n<p class=\"has-cyan-bluish-gray-color has-text-color\"><em>D).- Requerir al Govern de la Generalitat de Catalunya perqu\u00e8 posi de forma<\/em><\/p>\n\n\n\n<p class=\"has-cyan-bluish-gray-color has-text-color\"><em>immediata, a l&#8217;abast de la poblaci\u00f3 i de les administracions locals, l\u00ednies<\/em><\/p>\n\n\n\n<p class=\"has-cyan-bluish-gray-color has-text-color\"><em>d&#8217;ajut amb partides econ\u00f2miques concretes incloses en els pressupostos de<\/em><\/p>\n\n\n\n<p class=\"has-cyan-bluish-gray-color has-text-color\"><em>l&#8217;any 2024, per tal de fomentar i desenvolupar la creaci\u00f3 de forma massiva<\/em><\/p>\n\n\n\n<p class=\"has-cyan-bluish-gray-color has-text-color\"><em>de Comunitats Energ\u00e8tiques Ciutadanes i Locals segons la definici\u00f3 que ha<\/em><\/p>\n\n\n\n<p class=\"has-cyan-bluish-gray-color has-text-color\"><em>fet el Parlament Europeu.<\/em><\/p>\n\n\n\n<p class=\"has-cyan-bluish-gray-color has-text-color\"><em>E).- Requerir al Govern de la Generalitat perqu\u00e8 posi fi al retard que porta,<\/em><\/p>\n\n\n\n<p class=\"has-cyan-bluish-gray-color has-text-color\"><em>de m\u00e9s de tres anys, en el reconeixement i abonament dels ajuts per<\/em><\/p>\n\n\n\n<p class=\"has-cyan-bluish-gray-color has-text-color\"><em>autoconsum i autoconsum col\u00b7lectiu dels projectes que estan presentats<\/em><\/p>\n\n\n\n<p class=\"has-cyan-bluish-gray-color has-text-color\"><em>actualment davant l&#8217;ICAEN. I, aix\u00ed mateix, incloure partides pressupost\u00e0ries<\/em><\/p>\n\n\n\n<p class=\"has-cyan-bluish-gray-color has-text-color\"><em>a cada exercici econ\u00f2mic per fomentar el desenvolupament d&#8217;aquest tipus<\/em><\/p>\n\n\n\n<p class=\"has-cyan-bluish-gray-color has-text-color\"><em>de projectes.<\/em><\/p>\n\n\n\n<p class=\"has-cyan-bluish-gray-color has-text-color\"><em>F).- Instar al Govern de la Generalitat perqu\u00e8 aprovi una morat\u00f2ria que afecti<\/em><\/p>\n\n\n\n<p class=\"has-cyan-bluish-gray-color has-text-color\"><em>a tots els projectes instats i en la tramitaci\u00f3 en l&#8217;actualitat, amb efectes<\/em><\/p>\n\n\n\n<p class=\"has-cyan-bluish-gray-color has-text-color\"><em>retroactius, fins a tenir un nou reglament i una planificaci\u00f3 territorial de la<\/em><\/p>\n\n\n\n<p class=\"has-cyan-bluish-gray-color has-text-color\"><em>implantaci\u00f3 de renovables basada en els principis expressats en la present<\/em><\/p>\n\n\n\n<p class=\"has-cyan-bluish-gray-color has-text-color\"><em>moci\u00f3 i coherent amb l&#8217;estudi de pa\u00eds referit a l&#8217;apartat C anterior.<\/em><\/p>\n\n\n\n<p class=\"has-cyan-bluish-gray-color has-text-color\"><em>G).- Requerir al Govern de la Generalitat perqu\u00e8 es personi, en defensa del<\/em><\/p>\n\n\n\n<p class=\"has-cyan-bluish-gray-color has-text-color\"><em>territori dels drets de la ciutadania, en tots els procediments administratius<\/em><\/p>\n\n\n\n<p class=\"has-cyan-bluish-gray-color has-text-color\"><em>i judicials que se\u2019n derivin per la tramitaci\u00f3 dels projectes de l\u00ednies de molt<\/em><\/p>\n\n\n\n<p class=\"has-cyan-bluish-gray-color has-text-color\"><em>alta tensi\u00f3 referits en la present moci\u00f3, esgotant totes les inst\u00e0ncies<\/em><\/p>\n\n\n\n<p class=\"has-cyan-bluish-gray-color has-text-color\"><em>administratives i judicials que siguin necess\u00e0ries fins a obtenir un<\/em><\/p>\n\n\n\n<p class=\"has-cyan-bluish-gray-color has-text-color\"><em>pronunciament favorable a la paralitzaci\u00f3 d&#8217;aquests.<\/em><\/p>\n\n\n\n<p class=\"has-cyan-bluish-gray-color has-text-color\"><em>H).- Que per part del Ple de l&#8217;Ajuntament s&#8217;acordi la total suspensi\u00f3 de<\/em><\/p>\n\n\n\n<p class=\"has-cyan-bluish-gray-color has-text-color\"><em>llic\u00e8ncies d&#8217;obres per als projectes en la part del seu territori afectades per<\/em><\/p>\n\n\n\n<p class=\"has-cyan-bluish-gray-color has-text-color\"><em>la construcci\u00f3 de les l\u00ednies de molt alta tensi\u00f3 (MAT) derivades dels projectes<\/em><\/p>\n\n\n\n<p class=\"has-cyan-bluish-gray-color has-text-color\"><em>referits o de qualsevol altre que comporti dita intervenci\u00f3 sobre el territori<\/em><\/p>\n\n\n\n<p class=\"has-cyan-bluish-gray-color has-text-color\"><em>municipal. Suspensi\u00f3 que estar\u00e0 vigent fins que, per part del Govern de la<\/em><\/p>\n\n\n\n<p class=\"has-cyan-bluish-gray-color has-text-color\"><em>Generalitat, es facin efectius el contingut dels apartats C, D i E anteriors.<\/em><\/p>\n\n\n\n<p class=\"has-cyan-bluish-gray-color has-text-color\"><em>I).- Que per part del Ple de l&#8217;Ajuntament s&#8217;acordi, dins l&#8217;any 2024, iniciar el<\/em><\/p>\n\n\n\n<p class=\"has-cyan-bluish-gray-color has-text-color\"><em>procediment per modificar el planejament general urban\u00edstic (POUM<\/em><\/p>\n\n\n\n<p class=\"has-cyan-bluish-gray-color has-text-color\"><em>\/ NNSS) per concretar els llocs susceptibles d&#8217;albergar instal\u00b7lacions<\/em><\/p>\n\n\n\n<p class=\"has-cyan-bluish-gray-color has-text-color\"><em>fotovoltaiques dimensionades a les necessitats del municipi o simplement<\/em><\/p>\n\n\n\n<p class=\"has-cyan-bluish-gray-color has-text-color\"><em>definir que no hi ha cap lloc del municipi on instal\u00b7lar-les.<\/em><\/p>\n\n\n\n<p class=\"has-cyan-bluish-gray-color has-text-color\"><em>J).- El Ple de l&#8217;Ajuntament acorda donar suport a les reivindicacions de la<\/em><\/p>\n\n\n\n<p class=\"has-cyan-bluish-gray-color has-text-color\"><em>Plataforma NO A LA MAT.<\/em><\/p>\n\n\n\n<p class=\"has-cyan-bluish-gray-color has-text-color\"><em>k).- Comunicar aquest acord als Departaments de Territori i d&#8217;Empresa i<\/em><\/p>\n\n\n\n<p class=\"has-cyan-bluish-gray-color has-text-color\"><em>Coneixement de la Generalitat de Catalunya\u201d.<\/em><\/p>\n\n\n\n<p><strong>Punt 13.-Moci\u00f3 presentada pel grup municipal de La Bisbal Decideix sobre \u201cEl pla de promoci\u00f3 de comunitats energ\u00e8tiques\u201d<\/strong><\/p>\n\n\n\n<p>No es va aprovar&nbsp;la moci\u00f3, amb els vots a favor de La Bisbal Decideix (2), l\u2019abstenci\u00f3 de Tots Som la Bisbal \u2013 Urbanizaciones Unidas (1) i els vots en contra de Comprom\u00eds amb la Bisbal (5), PSC (1) i ERC-AM (1).<\/p>\n\n\n\n<p>Es van aprovar els seg\u00fcents acords:<\/p>\n\n\n\n<p class=\"has-cyan-bluish-gray-color has-text-color\"><em>\u201cPRIMER. Demanar a la URV l\u2019estudi que va realitzar, municipi a municipi per identificar les<\/em><\/p>\n\n\n\n<p class=\"has-cyan-bluish-gray-color has-text-color\"><em>teulades d\u2019edificis p\u00fablics i privats i altres espais periurbans aptes per instal\u00b7lar plaques<\/em><\/p>\n\n\n\n<p class=\"has-cyan-bluish-gray-color has-text-color\"><em>fotovoltaiques.<\/em><\/p>\n\n\n\n<p class=\"has-cyan-bluish-gray-color has-text-color\"><em>SEGON. Sobre la base d\u2019aquest primer estudi, realitzar un segon estudi per tal de fer una<\/em><\/p>\n\n\n\n<p class=\"has-cyan-bluish-gray-color has-text-color\"><em>tria de les opcions amb millor acc\u00e9s, major capacitat de producci\u00f3 d\u2019energia o millor<\/em><\/p>\n\n\n\n<p class=\"has-cyan-bluish-gray-color has-text-color\"><em>localitzaci\u00f3 i, per tant, amb m\u00e9s probabilitats d\u2019\u00e8xit, quantificar-ne el potencial i les<\/em><\/p>\n\n\n\n<p class=\"has-cyan-bluish-gray-color has-text-color\"><em>despeses de connexi\u00f3 a la xarxa.<\/em><\/p>\n\n\n\n<p class=\"has-cyan-bluish-gray-color has-text-color\"><em>TERCER. Facilitar i promoure la creaci\u00f3 de grups motors que acabin esdevenint comunitats<\/em><\/p>\n\n\n\n<p class=\"has-cyan-bluish-gray-color has-text-color\"><em>energ\u00e8tiques locals:<\/em><\/p>\n\n\n\n<p class=\"has-cyan-bluish-gray-color has-text-color\">&#8211;&nbsp;&nbsp;&nbsp;&nbsp;&nbsp;&nbsp;&nbsp;&nbsp;<em>Establint un pla d\u2019aprofitament dels espais p\u00fablics per tal d\u2019incorporar-los a<\/em> <em>futures comunitats energ\u00e8tiques.<\/em><\/p>\n\n\n\n<p class=\"has-cyan-bluish-gray-color has-text-color\">&#8211;&nbsp;&nbsp;&nbsp;&nbsp;&nbsp;&nbsp;&nbsp;&nbsp;<em>Realitzant els tr\u00e0mits per tal d\u2019inscriure l\u2019Ajuntament de la Bisbal del Pened\u00e8s com a actor interessat a crear comunitats energ\u00e8tiques al municipi mitjan\u00e7ant la xarxa Som Comunitats (somcomunitats.coop), uni\u00f3 d\u2019entitats de l\u2019Economia Social per impulsar Comunitats Energ\u00e8tiques.<\/em><\/p>\n\n\n\n<p class=\"has-cyan-bluish-gray-color has-text-color\">&#8211;&nbsp;&nbsp;&nbsp;&nbsp;&nbsp;&nbsp;&nbsp;&nbsp;<em>Fer difusi\u00f3 d\u2019aquest acord i promoure la participaci\u00f3 de la ciutadania en la<\/em> <em>creaci\u00f3 de grups motors per acabar esdevenint comunitats energ\u00e8tiques<\/em> <em>locals.\u201d<\/em><\/p>\n\n\n\n<p><strong>Punt 14<\/strong><strong>.-<\/strong><strong>Donar compte de l\u2019informe d\u2019Intervenci\u00f3 relatiu a l\u2019execuci\u00f3 del pressupost corresponent al 1r trimestre de 2024<br><\/strong><strong>Es dona compte al Ple<\/strong><\/p>\n\n\n\n<p>Es va donar compte al Ple -en compliment de la Llei org\u00e0nica 2\/2012, de 27 d\u2019abril, d\u2019estabilitat pressupost\u00e0ria i sostenibilitat financera- de l\u2019informe de la interventora sobre l\u2019execuci\u00f3 trimestral del pressupost del 1r trimestre del 2024. Es dona compte tamb\u00e9 del per\u00edode mitj\u00e0 de pagament del primer trimestre de 2024, que \u00e9s de 10,60 dies.<br><\/p>\n\n\n\n<p><strong>PRECS I PREGUNTES<\/strong><\/p>\n\n\n\n<hr class=\"wp-block-separator has-alpha-channel-opacity\"\/>\n\n\n\n<p><strong><br><\/strong><strong>CASTELLANO |&nbsp;<\/strong><strong>El pasado lunes 17 de junio se celebr\u00f3 el segundo Pleno ordinario del a\u00f1o del Ajuntament de la Bisbal del Pened\u00e8s<\/strong><\/p>\n\n\n\n<p>El lunes 17 de junio, por la tarde, se celebr\u00f3 el Pleno ordinario del Ajuntament de la Bisbal del Pened\u00e8s correspondiente a este trimestre. Pod\u00e9is ver el v\u00eddeo de la sesi\u00f3n, aqu\u00ed:&nbsp;<a href=\"mailto:https:\/\/actes.bisbalpenedes.com\/session\/sessiondetail\/8a8180888f98105301902fb1be300011\">https:\/\/actes.bisbalpenedes.com\/session\/sessiondetail\/8a8180888f98105301902fb1be300011<\/a><br><\/p>\n\n\n\n<p>Al inicio, se excus\u00f3 la asistencia del regidor Ra\u00fal Cort\u00e9s Vico (Tots Som la Bisbal \u2013 Urbanizaciones Unidas) por motivos laborales. Se trataron los puntos siguientes:<\/p>\n\n\n\n<p><strong>PARTE RESOLUTIVA<\/strong><\/p>\n\n\n\n<p><strong>Punto 1.-Aprobaci\u00f3n del acta del Pleno ordinario del 18 de marzo.<\/strong><\/p>\n\n\n\n<p>Se aprob\u00f3&nbsp;por unanimidad de los asistentes.<\/p>\n\n\n\n<p><strong>Punto 2.-Aprobaci\u00f3n del acta del Pleno extraordinario del 17 de abril.<\/strong><\/p>\n\n\n\n<p>Se aprob\u00f3&nbsp;por unanimidad de los asistentes.<\/p>\n\n\n\n<p><strong>Punto 3.-Aprobaci\u00f3n del acta del Pleno extraordinario del 15 de mayo.<\/strong><\/p>\n\n\n\n<p>Se aprob\u00f3&nbsp;con los votos a favor de todos los asistentes a excepci\u00f3n de Maguy Antol\u00edn (Tots som la Bisbal \u2013 Urbanizaciones Unidas), que se abstuvo de votar alegando que aquel d\u00eda ella no asisti\u00f3 al mencionado Pleno.<\/p>\n\n\n\n<p><strong>Punto 4.-Aprobaci\u00f3n de la delimitaci\u00f3n entre los t\u00e9rminos municipales de La Bisbal del Pened\u00e8s y Albinyana.<\/strong><\/p>\n\n\n\n<p>Se aprob\u00f3 por unanimidad&nbsp;de los asistentes.<\/p>\n\n\n\n<p>Se aprueba la \u00faltima delimitaci\u00f3n pendiente de confeccionar y aprobar con los municipios que limitan con la Bisbal del Pened\u00e8s. En este caso, con Albinyana.<\/p>\n\n\n\n<p>El pasado mes de marzo el Ajuntament recibi\u00f3 la convocatoria de inicio de las operaciones de delimitaci\u00f3n entre el t\u00e9rmino municipal de la Bisbal y el de Albinyana y la resoluci\u00f3n de inicio del expediente de delimitaci\u00f3n, enviado por parte de la Direcci\u00f3n General de Administraci\u00f3n Local. El pasado 3 de abril se hizo una reuni\u00f3n con los propietarios afectados por la delimitaci\u00f3n y, despu\u00e9s, una reuni\u00f3n t\u00e9cnica, que culmin\u00f3 con la reuni\u00f3n y acuerdo del 15 de mayo. En ambas reuniones se cont\u00f3 con la asistencia de la Unidad de Geodesia y Delimitaci\u00f3n Territorial del Institut Cartogr\u00e0fic i Geol\u00f2gic de Catalunya, que llev\u00f3 la propuesta a firmar con el acuerdo para todas las partes.<\/p>\n\n\n\n<p>Como resultado de todas estas reuniones y del estudio previo sobre los hitos y la l\u00ednea de delimitaci\u00f3n entre ambos municipios que hizo el Institut Cartogr\u00e0fic de Catalunya, se han adaptado cuatro hitos a su paso por la Miralba, que van en consonancia con las calles y la C-51. Tambi\u00e9n se ha adaptado el trazado de la l\u00ednea de t\u00e9rmino a la realidad geogr\u00e1fica existente, a partir del l\u00edmite catastral actual y la cartograf\u00eda vigente.<\/p>\n\n\n\n<p><strong>Punto 5.-Aprobaci\u00f3n inicial de la modificaci\u00f3n puntual de las Normas subsidiarias de planeamiento<\/strong><\/p>\n\n\n\n<p>Se aprob\u00f3, con los votos a favor de Comprom\u00eds amb la Bisbal (5), el PSC (1) y ERC-AM (1) y las abstenciones de La Bisbal Decideix (2) y Tots som la Bisbal-Urbanizaciones Unidas (1).<\/p>\n\n\n\n<p>Se ha aprobado, inicialmente, la modificaci\u00f3n puntual de las Normas subsidiarias de planeamiento, para actualizarlas y mejorarlas. Las modificaciones se dividen en once \u00e1mbitos:<\/p>\n\n\n\n<p class=\"has-cyan-bluish-gray-color has-text-color\"><strong>1.-Actualizaci\u00f3n de la Ley de urbanismo.<\/strong><\/p>\n\n\n\n<p class=\"has-cyan-bluish-gray-color has-text-color\">&#8211;&nbsp;&nbsp;&nbsp;&nbsp;&nbsp;&nbsp;&nbsp;&nbsp;&nbsp;&nbsp;&nbsp;&nbsp;&nbsp;&nbsp;&nbsp;Actualizar varios art\u00edculos en el Decreto Ley 1\/2021, de 3 de agosto, por el cual se aprueba el Texto Refundido de la Ley de urbanismo.<\/p>\n\n\n\n<p class=\"has-cyan-bluish-gray-color has-text-color\">&#8211;&nbsp;&nbsp;&nbsp;&nbsp;&nbsp;&nbsp;&nbsp;&nbsp;&nbsp;&nbsp;&nbsp;&nbsp;&nbsp;&nbsp;&nbsp;Incluir la administraci\u00f3n digital.<\/p>\n\n\n\n<p class=\"has-cyan-bluish-gray-color has-text-color\">&#8211;&nbsp;&nbsp;&nbsp;&nbsp;&nbsp;&nbsp;&nbsp;&nbsp;&nbsp;&nbsp;&nbsp;&nbsp;&nbsp;&nbsp;&nbsp;Actualizar varios art\u00edculos al Decreto 89\/2021, de 29 de junio, por el cual se aprueba el programa de gesti\u00f3n de residuos de la construcci\u00f3n de Catalunya.<\/p>\n\n\n\n<p class=\"has-cyan-bluish-gray-color has-text-color\">&#8211;&nbsp;&nbsp;&nbsp;&nbsp;&nbsp;&nbsp;&nbsp;&nbsp;&nbsp;&nbsp;&nbsp;&nbsp;&nbsp;&nbsp;&nbsp;Actualizar varios art\u00edculos al Decreto 64\/2014, de 13 de mayo, por el cual se aprueba el Reglamento sobre protecci\u00f3n de la legalidad urban\u00edstica.<\/p>\n\n\n\n<p class=\"has-cyan-bluish-gray-color has-text-color\">&#8211;&nbsp;&nbsp;&nbsp;&nbsp;&nbsp;&nbsp;&nbsp;&nbsp;&nbsp;&nbsp;&nbsp;&nbsp;&nbsp;&nbsp;&nbsp;Actualizar varios art\u00edculos a la ley 20\/2009, del 4 de diciembre, de prevenci\u00f3n y control ambiental de las actividades.<\/p>\n\n\n\n<p class=\"has-cyan-bluish-gray-color has-text-color\"><strong>2.-Correcciones.<\/strong><\/p>\n\n\n\n<p class=\"has-cyan-bluish-gray-color has-text-color\">&#8211;&nbsp;&nbsp;&nbsp;&nbsp;&nbsp;&nbsp;&nbsp;&nbsp;&nbsp;&nbsp;&nbsp;&nbsp;&nbsp;&nbsp;&nbsp;Se actualizan los importes de pesetas a euros en algunos art\u00edculos.<\/p>\n\n\n\n<p class=\"has-cyan-bluish-gray-color has-text-color\">&#8211;&nbsp;&nbsp;&nbsp;&nbsp;&nbsp;&nbsp;&nbsp;&nbsp;&nbsp;&nbsp;&nbsp;&nbsp;&nbsp;&nbsp;&nbsp;Se corrige la incoherencia entre el art\u00edculo 90.a) y el art\u00edculo 96.2 del texto refundido, en relaci\u00f3n con la longitud de la cubierta por encima de la altura reguladora m\u00e1xima. Se fija en 3 metros.<\/p>\n\n\n\n<p class=\"has-cyan-bluish-gray-color has-text-color\"><strong>3.-Sujeci\u00f3n a comunicaci\u00f3n previa.<\/strong><\/p>\n\n\n\n<p class=\"has-cyan-bluish-gray-color has-text-color\">&#8211;&nbsp;&nbsp;&nbsp;&nbsp;&nbsp;&nbsp;&nbsp;&nbsp;&nbsp;&nbsp;&nbsp;&nbsp;&nbsp;&nbsp;&nbsp;Al inicio del redactado del art\u00edculo 33 \u201cDocumentaci\u00f3n de la solicitud de licencia de primera utilizaci\u00f3n parcial y total\u201d se a\u00f1ade \u201cDe acuerdo con el art\u00edculo 29 de estas normas, la primera utilizaci\u00f3n y ocupaci\u00f3n parcial y total de los edificios es un acto sujeto a licencia, y la primera utilizaci\u00f3n y ocupaci\u00f3n de los edificios, es un acto sujeto a comunicaci\u00f3n previa\u201d.<\/p>\n\n\n\n<p class=\"has-cyan-bluish-gray-color has-text-color\"><strong>4.-Permitir agrupaciones de parcelas, con limitaciones, al n\u00facleo.<\/strong><\/p>\n\n\n\n<p class=\"has-cyan-bluish-gray-color has-text-color\">&#8211;&nbsp;&nbsp;&nbsp;&nbsp;&nbsp;&nbsp;&nbsp;&nbsp;&nbsp;&nbsp;&nbsp;&nbsp;&nbsp;&nbsp;&nbsp;Se modifica para permitir, con limitaciones, agrupaciones de parcelas al n\u00facleo. Al final del apartado 5 del art\u00edculo 76 se a\u00f1ade \u201cLas fachadas de 5 metros o m\u00e1s se podr\u00e1n agrupar teniendo que mantener la anchura de las fachadas originales con un tratamiento diferencial\u201d.<\/p>\n\n\n\n<p class=\"has-cyan-bluish-gray-color has-text-color\"><strong>5.-Modificaciones de superficie de usos, de materiales de edificaci\u00f3n y de aperturas en fachada en el n\u00facleo.<\/strong><\/p>\n\n\n\n<p class=\"has-cyan-bluish-gray-color has-text-color\">&#8211;&nbsp;&nbsp;&nbsp;&nbsp;&nbsp;&nbsp;&nbsp; Modificar de 90m2 a 70m2 la superficie media de las viviendas del n\u00facleo.<\/p>\n\n\n\n<p class=\"has-cyan-bluish-gray-color has-text-color\">&#8211;&nbsp;&nbsp;&nbsp;&nbsp;&nbsp;&nbsp;&nbsp; Ampliar los usos de restauraci\u00f3n al n\u00facleo. Al uso de restauraci\u00f3n, se a\u00f1ade que tenga el uso de restauraci\u00f3n en planta 1.\u00aa, ligado a planta baja, con una superficie inferior a la planta baja.<\/p>\n\n\n\n<p class=\"has-cyan-bluish-gray-color has-text-color\">&#8211;&nbsp;&nbsp;&nbsp;&nbsp;&nbsp;&nbsp;&nbsp; De materiales de edificaci\u00f3n: a la cubierta, se a\u00f1ade que se admiten los materiales que imitan la teja, en las diferentes construcciones de la vivienda (cubierto, garaje, almac\u00e9n&#8230;)<\/p>\n\n\n\n<p class=\"has-cyan-bluish-gray-color has-text-color\">&#8211;&nbsp;&nbsp;&nbsp;&nbsp;&nbsp;&nbsp;&nbsp; De aperturas en fachada: en el art\u00edculo 162.6.k se a\u00f1ade este p\u00e1rrafo \u201caperturas en planta baja inferiores a los 2\/3 de longitud de fachada sin que, en ning\u00fan caso, la anchura de la apertura supere los 4 metros\u201d.<\/p>\n\n\n\n<p class=\"has-cyan-bluish-gray-color has-text-color\"><strong>6.-Definir el uso deportivo en viviendas en el municipio.<\/strong><\/p>\n\n\n\n<p class=\"has-cyan-bluish-gray-color has-text-color\">&#8211;&nbsp;&nbsp;&nbsp;&nbsp;&nbsp;&nbsp;&nbsp; Se define que el \u00fanico uso deportivo en descubierto tiene que ser el de piscina. Por lo tanto, en parcelas urbanas no se podr\u00e1n construir campos de f\u00fatbol, pistas de baloncesto, tenis, p\u00e1del, etc. Se modifican los art\u00edculos que hacen referencia a las parcelas urbanas residenciales en todo el municipio.<\/p>\n\n\n\n<p class=\"has-cyan-bluish-gray-color has-text-color\"><strong>7.-Incorporar el uso de productos agr\u00edcolas y manipulaci\u00f3n.<\/strong><\/p>\n\n\n\n<p class=\"has-cyan-bluish-gray-color has-text-color\">&#8211;&nbsp;&nbsp;&nbsp;&nbsp;&nbsp;&nbsp;&nbsp; Con la normativa actual, no se permite que se abra una actividad de los productos de nuestra tierra ni su manipulaci\u00f3n. Ahora, con este art\u00edculo, se permite.<\/p>\n\n\n\n<p class=\"has-cyan-bluish-gray-color has-text-color\"><strong>8.-Regulaci\u00f3n del uso de oficinas a la segunda planta de la zona industrial.<\/strong><\/p>\n\n\n\n<p class=\"has-cyan-bluish-gray-color has-text-color\">&#8211;&nbsp;&nbsp;&nbsp;&nbsp;&nbsp;&nbsp;&nbsp; Para zona industrial aislada media y zona aislada grande, el redactado actual es \u201cEquivale a la planta baja y dos plantas de piso\u201d y se ampl\u00eda a \u201cEquivale a la planta baja, a una planta de piso y dos plantas de piso. Solo se admitir\u00e1 el uso de oficinas a la segunda planta piso\u201d.<\/p>\n\n\n\n<p class=\"has-cyan-bluish-gray-color has-text-color\"><strong>9.-Ampliaci\u00f3n de la protecci\u00f3n a cortijos y mas\u00edas.<\/strong><\/p>\n\n\n\n<p class=\"has-cyan-bluish-gray-color has-text-color\">&#8211;&nbsp;&nbsp;&nbsp;&nbsp;&nbsp;&nbsp;&nbsp; Actualmente, se aceptan las obras de conservaci\u00f3n, rehabilitaci\u00f3n y restauraci\u00f3n, as\u00ed como las de incremento de volumen siempre que no superen el 50% del volumen existente, ni malogren las caracter\u00edsticas arquitect\u00f3nicas del edificio. Se propone cambiar el porcentaje por el 30%.<\/p>\n\n\n\n<p class=\"has-cyan-bluish-gray-color has-text-color\"><strong>10.-Se autorizan las obras peso sustituir elementos peligrosos por otros de condiciones similares en urbanizaciones no recepcionadas y en edificaciones de vol\u00famenes disconformes.<\/strong><\/p>\n\n\n\n<p class=\"has-cyan-bluish-gray-color has-text-color\">&#8211;&nbsp;&nbsp;&nbsp;&nbsp;&nbsp;&nbsp;&nbsp;&nbsp;&nbsp;&nbsp;&nbsp;&nbsp;&nbsp;&nbsp;&nbsp;Con este apartado, se podr\u00e1n autorizar las obras para retirar elementos peligrosos para la salud p\u00fablica y sustituirlos por otros de condiciones funcionales similares en la Pineda de Santa Cristina y la Masieta, y a las viviendas que est\u00e1n en volumen disconforme, es decir, aquellas viviendas ya existentes en zonas recepcionadas que no cumplen la normativa.<\/p>\n\n\n\n<p class=\"has-cyan-bluish-gray-color has-text-color\"><strong>11.-Se autorizan las obras de mejora en rehabilitaci\u00f3n energ\u00e9tica, como por ejemplo la instalaci\u00f3n de placas fotovoltaicas, equipos de aerotermia y otras que comporten una mejora de la eficiencia energ\u00e9tica a las urbanizaciones no recepcionadas y a las edificaciones de vol\u00famenes disconformes.<\/strong><\/p>\n\n\n\n<p class=\"has-cyan-bluish-gray-color has-text-color\">&#8211;&nbsp;&nbsp;&nbsp;&nbsp;&nbsp;&nbsp;&nbsp;&nbsp;&nbsp;&nbsp;&nbsp;&nbsp;&nbsp;&nbsp;&nbsp;Se autorizar\u00e1 y se dar\u00e1 licencia a las obras de mejora en rehabilitaci\u00f3n energ\u00e9tica, como por ejemplo la instalaci\u00f3n de placas fotovoltaicas, equipos de aerotermia u otros que comporten una mejora en eficiencia energ\u00e9tica, en la Pineda de Santa Cristina y a la Masieta, y a las viviendas que est\u00e1n en volumen disconforme.<\/p>\n\n\n\n<p><strong>Punto 6.-Aprobaci\u00f3n de las fiestas locales para el 2025.<\/strong><\/p>\n\n\n\n<p>Se aprob\u00f3 por unanimidad&nbsp;de los asistentes.<\/p>\n\n\n\n<p>Se aprueban las fiestas locales para el 2025, que ser\u00e1n el mi\u00e9rcoles 23 de abril (Fiesta de San Jorge) y el jueves 14 de agosto (Fiesta Mayor).<\/p>\n\n\n\n<p><strong>Punto 7.-Aprobaci\u00f3n inicial de la modificaci\u00f3n de cr\u00e9dito 3PLE\/2024, en la modalidad de suplemento de cr\u00e9dito, para proyectos de bienestar animal, pol\u00edticas de igualdad y arreglo de caminos.<\/strong><\/p>\n\n\n\n<p>Se aprob\u00f3 por unanimidad&nbsp;de los asistentes.<\/p>\n\n\n\n<p>Se aprueba inicialmente una modificaci\u00f3n de cr\u00e9dito de 48.890,91\u20ac, para destinar este importe del remanente de tesorer\u00eda a las siguientes inversiones y servicios:<\/p>\n\n\n\n<p>\u2022&nbsp;&nbsp;&nbsp;&nbsp;&nbsp;&nbsp; 13.089,50\u20ac para destinarlos a la elaboraci\u00f3n de protocolos y planes de igualdad<\/p>\n\n\n\n<p>\u2022&nbsp;&nbsp;&nbsp;&nbsp;&nbsp;&nbsp; 7.801,41\u20ac para la partida de las cuotas de la Mancomunidad Pened\u00e8s-Garraf<\/p>\n\n\n\n<p>\u2022&nbsp;&nbsp;&nbsp;&nbsp;&nbsp;&nbsp; 28.000\u20ac para arreglar caminos del municipio da\u00f1ados por las \u00faltimas lluvias<\/p>\n\n\n\n<p><strong>Punto 8.-Aprobaci\u00f3n del nuevo redactado del convenio para el Aula Mentor, a instancia del Ministerio de Educaci\u00f3n.<\/strong><\/p>\n\n\n\n<p>Se aprob\u00f3 por unanimidad&nbsp;de los asistentes.<\/p>\n\n\n\n<p>Se aprueba el nuevo redactado del convenio Aula Mentor a instancia del Ministerio de Educaci\u00f3n, puesto que el 20 de mayo inform\u00f3 el Ajuntament de la Bisbal del Pened\u00e8s que hab\u00eda unos cambios en el redactado del convenio en referencias jur\u00eddicas, pero que, en ning\u00fan caso, modificaba el contenido de convenio. Sin embargo, se ten\u00eda que volver a aprobar por Pleno.<\/p>\n\n\n\n<p><strong>Punto 9.-Ratificaci\u00f3n del Decreto de alcald\u00eda del 6 de junio de alegaciones en relaci\u00f3n con el Anteproyecto del Plan Territorial Parcial del Pened\u00e8s<\/strong><\/p>\n\n\n\n<p>Se aprob\u00f3, con los votos a favor de Comprom\u00eds amb la Bisbal (5), el PSC (1) y ERC-AM (1) y las abstenciones de La Bisbal Decideix (2) y Tots som la Bisbal-Urbanizaciones Unidas (1).<\/p>\n\n\n\n<p>El Pleno ratifica el Decreto de alcald\u00eda del 6 de junio en que se formularon alegaciones en relaci\u00f3n con el Anteproyecto del Plan territorial parcial del Pened\u00e8s. Concretamente, el Ajuntament present\u00f3 la sugerencia de crear un nuevo vial de acceso en la urbanizaci\u00f3n del Priorat, sin necesidad de atravesar el n\u00facleo. De este modo, el Priorat tendr\u00eda dos accesos de entrada y salida, puesto que actualmente el Priorat dispone de un \u00fanico acceso para veh\u00edculos y, con este nuevo vial, se descongestionar\u00eda de tr\u00e1fico rodado el barrio de la Riba.<\/p>\n\n\n\n<p><strong>PARTE DE CONTROL<\/strong><\/p>\n\n\n\n<p><strong>Punto 10.-Dar cuenta de los Decretos de alcald\u00eda.<\/strong><\/p>\n\n\n\n<p>Se dio cuenta al Pleno.<\/p>\n\n\n\n<p><strong>Punto 11.-Dar cuenta de las actas de Junta de Gobierno Local<\/strong><\/p>\n\n\n\n<p>Se dio cuenta al Pleno.<\/p>\n\n\n\n<p><strong>Punto 12.-Moci\u00f3n presentada por el grupo municipal de La Bisbal Decideix \u201cContra el conjunto de parques e\u00f3licos y fotovoltaicos y sus l\u00edneas de evacuaci\u00f3n y distribuci\u00f3n por el territorio de Catalunya\u201d<\/strong><\/p>\n\n\n\n<p>Se aprob\u00f3&nbsp;la moci\u00f3n con los votos a favor de La Bisbal Decideix (2) y las abstenciones del resto de asistentes: Comprom\u00eds amb la Bisbal (5), PSC (1), ERC-AM (1), Tots Som la Bisbal \u2013 Urbanizaciones Unidas (1).<\/p>\n\n\n\n<p>Se acord\u00f3:<\/p>\n\n\n\n<p class=\"has-cyan-bluish-gray-color has-text-color\"><em>\u201cA).- El Ajuntament de la Bisbal del Pened\u00e8s se opone a los proyectos<\/em><\/p>\n\n\n\n<p class=\"has-cyan-bluish-gray-color has-text-color\"><em>Llamados Cluster Begues, PEOL677, PEOL556 y a sus redes de<\/em><\/p>\n\n\n\n<p class=\"has-cyan-bluish-gray-color has-text-color\"><em>conexi\u00f3n y mujer lleno apoyo a las reivindicaciones de la Plataforma NO A LA MAT CATALUNYA, y al contenido de la Propuesta de Resoluci\u00f3n presentada por la dicha Plataforma en el Parlamento de Catalunya el 24 de noviembre de 2022. Y aprobada por los grupos pol\u00edticos de: Esquerra Republicana de Catalunya, Partit Socialista, Junts, Comuns y la CUP el pasado 15 de marzo de 2023 en el seno de la Comisi\u00f3n de Acci\u00f3n Clim\u00e1tica.<\/em><\/p>\n\n\n\n<p class=\"has-cyan-bluish-gray-color has-text-color\"><em>B).- Requerir en el Govern de la Generalitat de Catalunya para que cumpla la totalidad de los acuerdos contenidos en la dicha Propuesta de Resoluci\u00f3n y que dise\u00f1e una transici\u00f3n a las energ\u00edas renovables de acuerdo con los siguientes principios:<\/em><\/p>\n\n\n\n<p class=\"has-cyan-bluish-gray-color has-text-color\"><em>1.- Siguiendo un modelo basado en los principios de la democracia participado va, con total respecto a la opini\u00f3n y necesidades de cada parte de nuestro territorio.<\/em><\/p>\n\n\n\n<p class=\"has-cyan-bluish-gray-color has-text-color\"><em>2.-Un modelo descentralizado, donde la energ\u00eda se genere al m\u00e1ximo de proximidad de los lugares de consumo y est\u00e9 dimensionada en cada caso seg\u00fan las necesidades de cada municipio.<\/em><\/p>\n\n\n\n<p class=\"has-cyan-bluish-gray-color has-text-color\"><em>3.-Un modelo, implementado, en cuanto a las infraestructuras, en los lugares ya ocupados por la actividad humana sean viviendas, industrias, infraestructuras viarias y espacios ya degradados.<\/em><\/p>\n\n\n\n<p class=\"has-cyan-bluish-gray-color has-text-color\"><em>4.-Un modelo que aminore al m\u00e1ximo el impacto ambiental en su implementaci\u00f3n y que contribuya a la mejora de las condiciones de vida de ciudadanos de nuestro pa\u00eds y a la preservaci\u00f3n de la riqueza de nuestra biodiversidad.<\/em><\/p>\n\n\n\n<p class=\"has-cyan-bluish-gray-color has-text-color\"><em>5.-Un modelo energ\u00e9tico en el cual la ciudadan\u00eda participe activamente desde la generaci\u00f3n mediante la constituci\u00f3n de Comunidades Energ\u00e9ticas Ciudadanas seg\u00fan la previsi\u00f3n que hace de ellas la Uni\u00f3n Europea.<\/em><\/p>\n\n\n\n<p class=\"has-cyan-bluish-gray-color has-text-color\"><em>6.-Un modelo energ\u00e9tico que reconozca, como derecho fundamental de la ciudadan\u00eda de nuestro pa\u00eds, el acceso a la energ\u00eda en condiciones asequibles para todo el mundo, tanto desde el punto de vista de las necesidades como del coste que representa.<\/em><\/p>\n\n\n\n<p class=\"has-cyan-bluish-gray-color has-text-color\"><em>C).- Requerir al Govern de la Generalitat para que elabore de forma inmediata un estudio completo, para todo el pa\u00eds, a fin de determinar cu\u00e1les son las posibilidades que la implementaci\u00f3n de las energ\u00edas renovables en las partes del territorio ya ocupadas por la actividad humana, sea por n\u00facleos de poblaci\u00f3n, n\u00facleos industriales, conjunto de infraestructuras viarias, zonas industriales degradadas, etc. Cu\u00e1l seria, es el nivel de autonom\u00eda energ\u00e9tica de cada municipio del pa\u00eds y qu\u00e9 son los que necesitar\u00edan instalaciones&nbsp;<\/em><em>suplementarias. Y todo en el marco de un modelo de desarrollo territorial<\/em><\/p>\n\n\n\n<p class=\"has-cyan-bluish-gray-color has-text-color\"><em>que ambicione la preservaci\u00f3n del territorio y la biodiversidad por encima de<\/em><\/p>\n\n\n\n<p class=\"has-cyan-bluish-gray-color has-text-color\"><em>cualquier otro inter\u00e9s.<\/em><\/p>\n\n\n\n<p class=\"has-cyan-bluish-gray-color has-text-color\"><em>D).- Requerir al Govern de la Generalitat de Catalunya para que ponga de forma inmediata, al alcance de la poblaci\u00f3n y de las administraciones locales, l\u00edneas de ayuda con partidas econ\u00f3micas concretas incluidas en los presupuestos del a\u00f1o 2024, para fomentar y desarrollar la creaci\u00f3n de forma masiva de Comunidades Energ\u00e9ticas Ciudadanas y Locales seg\u00fan la definici\u00f3n que ha hecho el Parlamento Europeo.<\/em><\/p>\n\n\n\n<p class=\"has-cyan-bluish-gray-color has-text-color\"><em>E).- Requerir al Govern de la Generalitat para que ponga fin al retraso que lleva, de m\u00e1s de tres a\u00f1os, en el reconocimiento y abono de las ayudas por autoconsumo y autoconsumo colectivo de los proyectos que est\u00e1n presentados actualmente ante el ICAEN. Y, as\u00ed mismo, incluir partidas presupuestarias en cada ejercicio econ\u00f3mico para fomentar el desarrollo de este tipo de proyectos.<\/em><\/p>\n\n\n\n<p class=\"has-cyan-bluish-gray-color has-text-color\"><em>F).- Instar al Gobierno de la Generalitat para que apruebe una moratoria que afecte a todos los proyectos instados y en la tramitaci\u00f3n en la actualidad, con efectos retroactivos, hasta tener un nuevo reglamento y una planificaci\u00f3n territorial de la implantaci\u00f3n de renovables basada en los principios expresados en la presente moci\u00f3n y coherente con el estudio de pa\u00eds referido al apartado C anterior.<\/em><\/p>\n\n\n\n<p class=\"has-cyan-bluish-gray-color has-text-color\"><em>G).- Requerir al Govern de la Generalitat para que se persone, en defensa del territorio de los derechos de la ciudadan\u00eda, en todos los procedimientos administrativos y judiciales que se deriven por la tramitaci\u00f3n de los proyectos de l\u00edneas de muy alta tensi\u00f3n referidos en la presente moci\u00f3n, agotando todas las instancias administrativas y judiciales que sean necesarias hasta obtener un pronunciamiento favorable a la paralizaci\u00f3n de estos.<\/em><\/p>\n\n\n\n<p class=\"has-cyan-bluish-gray-color has-text-color\"><em>H).- Que por parte del Pleno del Ajuntament se acuerde la total suspensi\u00f3n de licencias de obras para los proyectos en la parte de su territorio afectadas por la construcci\u00f3n de las l\u00edneas de muy alta tensi\u00f3n (MAT) derivadas de los proyectos referidos o de cualquier otro que comporte dicha intervenci\u00f3n sobre el territorio municipal. Suspensi\u00f3n que estar\u00e1 vigente hasta que, por parte del Govern de la Generalitat, se haga efectivo el contenido de los apartados C, D y E anteriores.<\/em><\/p>\n\n\n\n<p class=\"has-cyan-bluish-gray-color has-text-color\"><em>I).- Que por parte del Pleno del Ajuntament se acuerde, dentro del a\u00f1o 2024, iniciar el procedimiento para modificar el planeamiento general urban\u00edstico (POUM \/ NNSS) para concretar los lugares susceptibles de albergar instalaciones fotovoltaicas dimensionadas a las necesidades del municipio o simplemente definir que no hay ning\u00fan lugar del municipio donde instalarlas.<\/em><\/p>\n\n\n\n<p class=\"has-cyan-bluish-gray-color has-text-color\"><em>J).- El Pleno del Ajuntament acuerda apoyar a las reivindicaciones de la<\/em><\/p>\n\n\n\n<p class=\"has-cyan-bluish-gray-color has-text-color\"><em>Plataforma NO A LA MAT.<\/em><\/p>\n\n\n\n<p class=\"has-cyan-bluish-gray-color has-text-color\"><em>k).- Comunicar este acuerdo a los Departamentos de Territorio y de Empresa y Conocimiento de la Generalitat de Catalunya\u201d.<\/em><\/p>\n\n\n\n<p><strong>Punto 13.-Moci\u00f3n presentada por el grupo municipal de La Bisbal Decideix sobre \u201cEl plan de promoci\u00f3n de comunidades energ\u00e9ticas\u201d<\/strong><\/p>\n\n\n\n<p>No se aprob\u00f3&nbsp;la moci\u00f3n, con los votos a favor de La Bisbal Decideix (2), la abstenci\u00f3n de Tots Som la Bisbal \u2013 Urbanizaciones Unidas (1) y los votos en contra de Comprom\u00eds amb la Bisbal (5), PSC (1) y ERC-AM (1).<\/p>\n\n\n\n<p>Se aprobaron los siguientes acuerdos:<\/p>\n\n\n\n<p class=\"has-cyan-bluish-gray-color has-text-color\"><em>\u201cPRIMERO. Pedir a la URV el estudio que realiz\u00f3, municipio a municipio para identificar los tejados de edificios p\u00fablicos y privados y otros espacios periurbanos aptos para instalar placas fotovoltaicas.<\/em><\/p>\n\n\n\n<p class=\"has-cyan-bluish-gray-color has-text-color\"><em>SEGUNDO. Com base a este primer estudio, realizar un segundo estudio para hacer una elecci\u00f3n de las opciones con mejor acceso, mayor capacidad de producci\u00f3n de energ\u00eda o mejor localizaci\u00f3n y, por lo tanto, con m\u00e1s probabilidades de \u00e9xito, cuantificar el potencial y los gastos de conexi\u00f3n a la red.<\/em><\/p>\n\n\n\n<p class=\"has-cyan-bluish-gray-color has-text-color\"><em>TERCERO. Facilitar y promover la creaci\u00f3n de grupos motores que acaben convirti\u00e9ndose en comunidades energ\u00e9ticas locales:<\/em><\/p>\n\n\n\n<p class=\"has-cyan-bluish-gray-color has-text-color\"><em>-Estableciendo un plan de aprovechamiento de los espacios p\u00fablicos para incorporarlos a futuras comunidades energ\u00e9ticas.<\/em><\/p>\n\n\n\n<p class=\"has-cyan-bluish-gray-color has-text-color\"><em>-Realizando los tr\u00e1mites para inscribir el Ajuntament de la Bisbal del Pened\u00e8s como actor interesado en crear comunidades energ\u00e9ticas en el municipio mediante la red Som Comunitats (somcomunitats.coop), uni\u00f3n de entidades de la Econom\u00eda Social para impulsar Comunidades Energ\u00e9ticas.<\/em><\/p>\n\n\n\n<p class=\"has-cyan-bluish-gray-color has-text-color\"><em>-Hacer difusi\u00f3n de este acuerdo y promover la participaci\u00f3n de la ciudadan\u00eda en la creaci\u00f3n de grupos motores para acabar aconteciendo comunidades energ\u00e9ticas locales.\u201d<\/em><\/p>\n\n\n\n<p><strong>Punto 14.-Dar cuenta del informe de Intervenci\u00f3n relativo a la ejecuci\u00f3n del presupuesto correspondiente al 1.\u00ba trimestre de 2024<\/strong><\/p>\n\n\n\n<p>Se dio cuenta al Pleno -en cumplimiento de la Ley Org\u00e1nica 2\/2012, de 27 de abril, de estabilidad presupuestaria y sostenibilidad financiera- del informe de la interventora sobre la ejecuci\u00f3n trimestral del presupuesto del 1.\u00ba trimestre del 2024. Se da cuenta tambi\u00e9n del periodo medio de pago del primer trimestre de 2024, que es de 10,60 d\u00edas.<\/p>\n\n\n\n<p><strong>RUEGOS Y PREGUNTAS<\/strong><\/p>\n\n\n\n<p><\/p>\n\n\n\n<p><\/p>\n","protected":false},"excerpt":{"rendered":"<p>El passat dilluns 17 de juny es va celebrar el segon Ple ordinari de l\u2019any a l\u2019Ajuntament de la Bisbal del Pened\u00e8s El dilluns 17 de juny, a la tarda, &hellip; <a href=\"https:\/\/bisbalpenedes.com\/web\/2024\/06\/25\/el-passat-dilluns-17-de-juny-es-va-celebrar-el-segon-ple-ordinari-de-lany-a-lajuntament-de-la-bisbal-del-penedes\/\" class=\"more-link\">Read More<\/a><\/p>\n","protected":false},"author":4,"featured_media":30709,"comment_status":"closed","ping_status":"closed","sticky":false,"template":"","format":"standard","meta":[],"categories":[8,2251,2250],"tags":[459,393,242,249],"_links":{"self":[{"href":"https:\/\/bisbalpenedes.com\/web\/wp-json\/wp\/v2\/posts\/30708"}],"collection":[{"href":"https:\/\/bisbalpenedes.com\/web\/wp-json\/wp\/v2\/posts"}],"about":[{"href":"https:\/\/bisbalpenedes.com\/web\/wp-json\/wp\/v2\/types\/post"}],"author":[{"embeddable":true,"href":"https:\/\/bisbalpenedes.com\/web\/wp-json\/wp\/v2\/users\/4"}],"replies":[{"embeddable":true,"href":"https:\/\/bisbalpenedes.com\/web\/wp-json\/wp\/v2\/comments?post=30708"}],"version-history":[{"count":2,"href":"https:\/\/bisbalpenedes.com\/web\/wp-json\/wp\/v2\/posts\/30708\/revisions"}],"predecessor-version":[{"id":30732,"href":"https:\/\/bisbalpenedes.com\/web\/wp-json\/wp\/v2\/posts\/30708\/revisions\/30732"}],"wp:featuredmedia":[{"embeddable":true,"href":"https:\/\/bisbalpenedes.com\/web\/wp-json\/wp\/v2\/media\/30709"}],"wp:attachment":[{"href":"https:\/\/bisbalpenedes.com\/web\/wp-json\/wp\/v2\/media?parent=30708"}],"wp:term":[{"taxonomy":"category","embeddable":true,"href":"https:\/\/bisbalpenedes.com\/web\/wp-json\/wp\/v2\/categories?post=30708"},{"taxonomy":"post_tag","embeddable":true,"href":"https:\/\/bisbalpenedes.com\/web\/wp-json\/wp\/v2\/tags?post=30708"}],"curies":[{"name":"wp","href":"https:\/\/api.w.org\/{rel}","templated":true}]}}