{"id":30694,"date":"2024-06-23T08:31:25","date_gmt":"2024-06-23T06:31:25","guid":{"rendered":"https:\/\/bisbalpenedes.com\/web\/?p=30694"},"modified":"2024-06-23T08:31:25","modified_gmt":"2024-06-23T06:31:25","slug":"entre-tots-fem-una-revetlla-segura","status":"publish","type":"post","link":"https:\/\/bisbalpenedes.com\/web\/2024\/06\/23\/entre-tots-fem-una-revetlla-segura\/","title":{"rendered":"Entre tots fem una revetlla segura"},"content":{"rendered":"\n<p>Arriba Sant Joan i tots i totes volem gaudir la festa de valent. No obstant aix\u00f2, no hem d\u2019oblidar que cal tenir en compte les mesures de prevenci\u00f3 d\u2019incendis. Us adjuntem informaci\u00f3 sobre la normativa i recomanacions a l\u2019hora de llan\u00e7ar coets i petards.<\/p>\n\n\n\n<p>Us recordem que l\u2019\u00fanic lloc autoritzat per a fer la foguera de Sant Joan \u00e9s al costat de la llar d\u2019infants municipal, a l\u2019avinguda Baix Pened\u00e8s. Si voleu, podeu adherir-vos a la celebraci\u00f3 all\u00e0. Tamb\u00e9 heu de tenir en compte que no es poden llen\u00e7ar petards a menys de 500 metres de zones boscoses. En cas que veieu situacions que puguin posar-vos en risc a vosaltres o al vostre entorn, truqueu als Mossos d\u2019Esquadra per fer l\u2019av\u00eds.<\/p>\n\n\n\n<p>D\u2019altra banda, aquesta i totes les festes haurien de ser lliures de tot tipus de viol\u00e8ncies. Per aix\u00f2 us adjuntem tamb\u00e9 informaci\u00f3 al respecte.<\/p>\n\n\n\n<p>V\u00eddeo amb versi\u00f3 accessible sobre les recomanacions i la normativa a l\u2019hora de llan\u00e7ar coets i petards: <a rel=\"noreferrer noopener\" href=\"https:\/\/l.facebook.com\/l.php?u=https%3A%2F%2Fyoutu.be%2FZydqJJHpw7Y%3Ffbclid%3DIwZXh0bgNhZW0CMTAAAR1DtyZf3OwCGPF993yxzJ90i1IhPT8y1Xa-RGgkK5HMBDnWibzTEVHTQiM_aem_eI4YBhiXfhLkbzBPLLRdXQ&amp;h=AT0c8HuwDabPbYoKoITyRTcq7lCohKchl096SeX9W83WOL-p4uhVcM7L7MBu8Ls7ctb9DccnLDqAHzVesOa-4aHnuAiBrexCLgOO9LBAPVo4pqSXu24ohANiCF32iZw6wZWVkvlwuIYydtmDPSnKXnEtFA&amp;__tn__=-UK-R&amp;c[0]=AT2b4t0qL0VOkrngsOsvSGOjgueG6T3MeOyfGvCpfdqX2j1wrr3awekI06VDun7JRA1yGv1jEHq6udNtiFOaFojqpBkem_8_geQHrQn9DFagnrxXKKXFtZCDPpO4lMvRcdTN2qJYHBvwpZYMiNBSM4Fry5RgYWavsgB97WK67jEFraIZxu5aPg\" target=\"_blank\">https:\/\/youtu.be\/ZydqJJHpw7Y<\/a><\/p>\n\n\n\n<p>Bona revetlla de Sant Joan a tots i totes!<\/p>\n\n\n\n<hr class=\"wp-block-separator has-alpha-channel-opacity\"\/>\n\n\n\n<p><strong>CASTELLANO |<\/strong>  Llega San Juan y todos y todas queremos disfrutar de la fiesta. No obstante, no debemos olvidar que hay que tener en cuenta las medidas de prevenci\u00f3n de incendios. Os adjuntamos informaci\u00f3n sobra la normativa y recomendaciones a la hora de tirar cohetes y petardos.<\/p>\n\n\n\n<p>Os recordamos que el \u00fanico lugar autorizado para hacer la hoguera de San Juan es al lado de la guarder\u00eda municipal, en la avenida Baix Pened\u00e8s. Si quer\u00e9is, os pod\u00e9is adherir a la celebraci\u00f3n que se har\u00e1 all\u00ed. Tambi\u00e9n deb\u00e9is tener en cuenta que no se pueden tirar petardos a menos de 500 metros de zonas de bosque. En el caso de que ve\u00e1is situaciones que puedan poneros en riesgo a vosotros\/as o a vuestro entorno, llamad a los Mossos d\u2019Esquadra para dar aviso.<\/p>\n\n\n\n<p>Por otro lado, esta y todas las fiestas deber\u00edan ser libres de todo tipo de violencias. Por eso os adjuntamos informaci\u00f3n sobre esta cuesti\u00f3n, tambi\u00e9n.<\/p>\n\n\n\n<p>V\u00eddeo con la versi\u00f3n accesible sobre las recomendaciones y la normativa a la hora de tirar cohetes y petardos: <a rel=\"noreferrer noopener\" href=\"https:\/\/l.facebook.com\/l.php?u=https%3A%2F%2Fyoutu.be%2FZydqJJHpw7Y%3Ffbclid%3DIwZXh0bgNhZW0CMTAAAR10HvAhMo1D0NmlIL-FfjGZetSb0CGpW0lBQ86Zz039TG7Y3CFK8goKRh4_aem_qpYcWm7NnKVuREWtdrzyPg&amp;h=AT0c8HuwDabPbYoKoITyRTcq7lCohKchl096SeX9W83WOL-p4uhVcM7L7MBu8Ls7ctb9DccnLDqAHzVesOa-4aHnuAiBrexCLgOO9LBAPVo4pqSXu24ohANiCF32iZw6wZWVkvlwuIYydtmDPSnKXnEtFA&amp;__tn__=-UK-R&amp;c[0]=AT2b4t0qL0VOkrngsOsvSGOjgueG6T3MeOyfGvCpfdqX2j1wrr3awekI06VDun7JRA1yGv1jEHq6udNtiFOaFojqpBkem_8_geQHrQn9DFagnrxXKKXFtZCDPpO4lMvRcdTN2qJYHBvwpZYMiNBSM4Fry5RgYWavsgB97WK67jEFraIZxu5aPg\" target=\"_blank\">https:\/\/youtu.be\/ZydqJJHpw7Y<\/a><\/p>\n\n\n\n<p>\u00a1Buena verbena de San Juan a todos y todas!<\/p>\n\n\n\n<figure class=\"wp-block-image size-large\"><img loading=\"lazy\" width=\"1024\" height=\"1024\" src=\"https:\/\/bisbalpenedes.com\/web\/wp-content\/uploads\/2024\/06\/SANT-JOAN-2024-BISBAL-1024x1024.png\" alt=\"\" class=\"wp-image-30697\" srcset=\"https:\/\/bisbalpenedes.com\/web\/wp-content\/uploads\/2024\/06\/SANT-JOAN-2024-BISBAL-1024x1024.png 1024w, https:\/\/bisbalpenedes.com\/web\/wp-content\/uploads\/2024\/06\/SANT-JOAN-2024-BISBAL-300x300.png 300w, https:\/\/bisbalpenedes.com\/web\/wp-content\/uploads\/2024\/06\/SANT-JOAN-2024-BISBAL-150x150.png 150w, https:\/\/bisbalpenedes.com\/web\/wp-content\/uploads\/2024\/06\/SANT-JOAN-2024-BISBAL-768x768.png 768w, https:\/\/bisbalpenedes.com\/web\/wp-content\/uploads\/2024\/06\/SANT-JOAN-2024-BISBAL-600x600.png 600w, https:\/\/bisbalpenedes.com\/web\/wp-content\/uploads\/2024\/06\/SANT-JOAN-2024-BISBAL-100x100.png 100w, https:\/\/bisbalpenedes.com\/web\/wp-content\/uploads\/2024\/06\/SANT-JOAN-2024-BISBAL.png 1080w\" sizes=\"(max-width: 1024px) 100vw, 1024px\" \/><\/figure>\n\n\n\n<figure class=\"wp-block-image size-large\"><img loading=\"lazy\" width=\"1024\" height=\"768\" src=\"https:\/\/bisbalpenedes.com\/web\/wp-content\/uploads\/2024\/06\/consells-petards-adults-1024x768.jpg\" alt=\"\" class=\"wp-image-30696\" srcset=\"https:\/\/bisbalpenedes.com\/web\/wp-content\/uploads\/2024\/06\/consells-petards-adults-1024x768.jpg 1024w, https:\/\/bisbalpenedes.com\/web\/wp-content\/uploads\/2024\/06\/consells-petards-adults-300x225.jpg 300w, https:\/\/bisbalpenedes.com\/web\/wp-content\/uploads\/2024\/06\/consells-petards-adults-768x576.jpg 768w, https:\/\/bisbalpenedes.com\/web\/wp-content\/uploads\/2024\/06\/consells-petards-adults-1536x1152.jpg 1536w, https:\/\/bisbalpenedes.com\/web\/wp-content\/uploads\/2024\/06\/consells-petards-adults-2048x1536.jpg 2048w, https:\/\/bisbalpenedes.com\/web\/wp-content\/uploads\/2024\/06\/consells-petards-adults-600x450.jpg 600w\" sizes=\"(max-width: 1024px) 100vw, 1024px\" \/><\/figure>\n\n\n\n<figure class=\"wp-block-image size-large\"><img loading=\"lazy\" width=\"1024\" height=\"723\" src=\"https:\/\/bisbalpenedes.com\/web\/wp-content\/uploads\/2024\/06\/POSTAL_consentiment_darrere-1024x723.jpg\" alt=\"\" class=\"wp-image-30698\" srcset=\"https:\/\/bisbalpenedes.com\/web\/wp-content\/uploads\/2024\/06\/POSTAL_consentiment_darrere-1024x723.jpg 1024w, https:\/\/bisbalpenedes.com\/web\/wp-content\/uploads\/2024\/06\/POSTAL_consentiment_darrere-300x212.jpg 300w, https:\/\/bisbalpenedes.com\/web\/wp-content\/uploads\/2024\/06\/POSTAL_consentiment_darrere-768x542.jpg 768w, https:\/\/bisbalpenedes.com\/web\/wp-content\/uploads\/2024\/06\/POSTAL_consentiment_darrere-1536x1084.jpg 1536w, https:\/\/bisbalpenedes.com\/web\/wp-content\/uploads\/2024\/06\/POSTAL_consentiment_darrere-600x423.jpg 600w, https:\/\/bisbalpenedes.com\/web\/wp-content\/uploads\/2024\/06\/POSTAL_consentiment_darrere.jpg 2008w\" sizes=\"(max-width: 1024px) 100vw, 1024px\" \/><\/figure>\n\n\n\n<figure class=\"wp-block-image size-large\"><img loading=\"lazy\" width=\"1024\" height=\"723\" src=\"https:\/\/bisbalpenedes.com\/web\/wp-content\/uploads\/2024\/06\/POSTAL_comunitat_darrere-1024x723.jpg\" alt=\"\" class=\"wp-image-30699\" srcset=\"https:\/\/bisbalpenedes.com\/web\/wp-content\/uploads\/2024\/06\/POSTAL_comunitat_darrere-1024x723.jpg 1024w, https:\/\/bisbalpenedes.com\/web\/wp-content\/uploads\/2024\/06\/POSTAL_comunitat_darrere-300x212.jpg 300w, https:\/\/bisbalpenedes.com\/web\/wp-content\/uploads\/2024\/06\/POSTAL_comunitat_darrere-768x542.jpg 768w, https:\/\/bisbalpenedes.com\/web\/wp-content\/uploads\/2024\/06\/POSTAL_comunitat_darrere-1536x1084.jpg 1536w, https:\/\/bisbalpenedes.com\/web\/wp-content\/uploads\/2024\/06\/POSTAL_comunitat_darrere-600x423.jpg 600w, https:\/\/bisbalpenedes.com\/web\/wp-content\/uploads\/2024\/06\/POSTAL_comunitat_darrere.jpg 2008w\" sizes=\"(max-width: 1024px) 100vw, 1024px\" \/><\/figure>\n\n\n\n<figure class=\"wp-block-image size-large\"><img loading=\"lazy\" width=\"1024\" height=\"723\" src=\"https:\/\/bisbalpenedes.com\/web\/wp-content\/uploads\/2024\/06\/POSTAL_diversitat_darrere-1024x723.jpg\" alt=\"\" class=\"wp-image-30700\" srcset=\"https:\/\/bisbalpenedes.com\/web\/wp-content\/uploads\/2024\/06\/POSTAL_diversitat_darrere-1024x723.jpg 1024w, https:\/\/bisbalpenedes.com\/web\/wp-content\/uploads\/2024\/06\/POSTAL_diversitat_darrere-300x212.jpg 300w, https:\/\/bisbalpenedes.com\/web\/wp-content\/uploads\/2024\/06\/POSTAL_diversitat_darrere-768x542.jpg 768w, https:\/\/bisbalpenedes.com\/web\/wp-content\/uploads\/2024\/06\/POSTAL_diversitat_darrere-1536x1084.jpg 1536w, https:\/\/bisbalpenedes.com\/web\/wp-content\/uploads\/2024\/06\/POSTAL_diversitat_darrere-600x423.jpg 600w, https:\/\/bisbalpenedes.com\/web\/wp-content\/uploads\/2024\/06\/POSTAL_diversitat_darrere.jpg 2008w\" sizes=\"(max-width: 1024px) 100vw, 1024px\" \/><\/figure>\n\n\n\n<figure class=\"wp-block-image size-large\"><img loading=\"lazy\" width=\"1024\" height=\"723\" src=\"https:\/\/bisbalpenedes.com\/web\/wp-content\/uploads\/2024\/06\/POSTAL_respecte_darrere-1024x723.jpg\" alt=\"\" class=\"wp-image-30701\" srcset=\"https:\/\/bisbalpenedes.com\/web\/wp-content\/uploads\/2024\/06\/POSTAL_respecte_darrere-1024x723.jpg 1024w, https:\/\/bisbalpenedes.com\/web\/wp-content\/uploads\/2024\/06\/POSTAL_respecte_darrere-300x212.jpg 300w, https:\/\/bisbalpenedes.com\/web\/wp-content\/uploads\/2024\/06\/POSTAL_respecte_darrere-768x542.jpg 768w, https:\/\/bisbalpenedes.com\/web\/wp-content\/uploads\/2024\/06\/POSTAL_respecte_darrere-1536x1084.jpg 1536w, https:\/\/bisbalpenedes.com\/web\/wp-content\/uploads\/2024\/06\/POSTAL_respecte_darrere-600x423.jpg 600w, https:\/\/bisbalpenedes.com\/web\/wp-content\/uploads\/2024\/06\/POSTAL_respecte_darrere.jpg 2008w\" sizes=\"(max-width: 1024px) 100vw, 1024px\" \/><\/figure>\n","protected":false},"excerpt":{"rendered":"<p>Arriba Sant Joan i tots i totes volem gaudir la festa de valent. No obstant aix\u00f2, no hem d\u2019oblidar que cal tenir en compte les mesures de prevenci\u00f3 d\u2019incendis. Us &hellip; <a href=\"https:\/\/bisbalpenedes.com\/web\/2024\/06\/23\/entre-tots-fem-una-revetlla-segura\/\" class=\"more-link\">Read More<\/a><\/p>\n","protected":false},"author":4,"featured_media":30695,"comment_status":"closed","ping_status":"closed","sticky":false,"template":"","format":"standard","meta":[],"categories":[32,8,4149],"tags":[6603,295,393,2563,886,6707],"_links":{"self":[{"href":"https:\/\/bisbalpenedes.com\/web\/wp-json\/wp\/v2\/posts\/30694"}],"collection":[{"href":"https:\/\/bisbalpenedes.com\/web\/wp-json\/wp\/v2\/posts"}],"about":[{"href":"https:\/\/bisbalpenedes.com\/web\/wp-json\/wp\/v2\/types\/post"}],"author":[{"embeddable":true,"href":"https:\/\/bisbalpenedes.com\/web\/wp-json\/wp\/v2\/users\/4"}],"replies":[{"embeddable":true,"href":"https:\/\/bisbalpenedes.com\/web\/wp-json\/wp\/v2\/comments?post=30694"}],"version-history":[{"count":1,"href":"https:\/\/bisbalpenedes.com\/web\/wp-json\/wp\/v2\/posts\/30694\/revisions"}],"predecessor-version":[{"id":30702,"href":"https:\/\/bisbalpenedes.com\/web\/wp-json\/wp\/v2\/posts\/30694\/revisions\/30702"}],"wp:featuredmedia":[{"embeddable":true,"href":"https:\/\/bisbalpenedes.com\/web\/wp-json\/wp\/v2\/media\/30695"}],"wp:attachment":[{"href":"https:\/\/bisbalpenedes.com\/web\/wp-json\/wp\/v2\/media?parent=30694"}],"wp:term":[{"taxonomy":"category","embeddable":true,"href":"https:\/\/bisbalpenedes.com\/web\/wp-json\/wp\/v2\/categories?post=30694"},{"taxonomy":"post_tag","embeddable":true,"href":"https:\/\/bisbalpenedes.com\/web\/wp-json\/wp\/v2\/tags?post=30694"}],"curies":[{"name":"wp","href":"https:\/\/api.w.org\/{rel}","templated":true}]}}