{"id":30690,"date":"2024-06-23T08:26:50","date_gmt":"2024-06-23T06:26:50","guid":{"rendered":"https:\/\/bisbalpenedes.com\/web\/?p=30690"},"modified":"2024-06-23T08:27:14","modified_gmt":"2024-06-23T06:27:14","slug":"avui-arriba-la-flama-del-canigo-a-la-bisbal-del-penedes","status":"publish","type":"post","link":"https:\/\/bisbalpenedes.com\/web\/2024\/06\/23\/avui-arriba-la-flama-del-canigo-a-la-bisbal-del-penedes\/","title":{"rendered":"Avui arriba la Flama del Canig\u00f3 a la Bisbal del Pened\u00e8s"},"content":{"rendered":"\n<p>El pr\u00f2xim diumenge 23 de juny, els Senderistes Bisbalencs ens tornaran a portar la Flama del Canig\u00f3 i, juntament amb els Geganters i grallers de la Societat Cultural Recreativa Bisbalenca, la conduirem en cercavila fins a l&#8217;escola centen\u00e0ria, on el bisbalenc Jordi Moix llegir\u00e0 i el manifest i, a continuaci\u00f3, hi haur\u00e0 ballada de sardanes amb la Cobla Catania i la Colla Sardanista de la Lira Vendrellenca.<\/p>\n\n\n\n<hr class=\"wp-block-separator has-alpha-channel-opacity\"\/>\n\n\n\n<p><strong>CASTELLANO |<\/strong> El pr\u00f3ximo domingo 23 de junio. Senderistes Bisbalencs nos volver\u00e1n a traer la Flama del Canig\u00f3 y, junto con los Geganters i grallers de la Societat Cultural i Recreativa Bisbalenca, la conduciremos en pasacalle hasta la escuela centenaria, donde el bisbalenc Jordi Moix leer\u00e1 el manifiesto y, a continuaci\u00f3n, habr\u00e1 sardanas con la Cobla Catania y la Colla Sardanista de la Lira Vendrellenca.<\/p>\n","protected":false},"excerpt":{"rendered":"<p>El pr\u00f2xim diumenge 23 de juny, els Senderistes Bisbalencs ens tornaran a portar la Flama del Canig\u00f3 i, juntament amb els Geganters i grallers de la Societat Cultural Recreativa Bisbalenca, &hellip; <a href=\"https:\/\/bisbalpenedes.com\/web\/2024\/06\/23\/avui-arriba-la-flama-del-canigo-a-la-bisbal-del-penedes\/\" class=\"more-link\">Read More<\/a><\/p>\n","protected":false},"author":4,"featured_media":30692,"comment_status":"closed","ping_status":"closed","sticky":false,"template":"","format":"standard","meta":[],"categories":[2942,13,1042,8],"tags":[552,1376],"_links":{"self":[{"href":"https:\/\/bisbalpenedes.com\/web\/wp-json\/wp\/v2\/posts\/30690"}],"collection":[{"href":"https:\/\/bisbalpenedes.com\/web\/wp-json\/wp\/v2\/posts"}],"about":[{"href":"https:\/\/bisbalpenedes.com\/web\/wp-json\/wp\/v2\/types\/post"}],"author":[{"embeddable":true,"href":"https:\/\/bisbalpenedes.com\/web\/wp-json\/wp\/v2\/users\/4"}],"replies":[{"embeddable":true,"href":"https:\/\/bisbalpenedes.com\/web\/wp-json\/wp\/v2\/comments?post=30690"}],"version-history":[{"count":1,"href":"https:\/\/bisbalpenedes.com\/web\/wp-json\/wp\/v2\/posts\/30690\/revisions"}],"predecessor-version":[{"id":30691,"href":"https:\/\/bisbalpenedes.com\/web\/wp-json\/wp\/v2\/posts\/30690\/revisions\/30691"}],"wp:featuredmedia":[{"embeddable":true,"href":"https:\/\/bisbalpenedes.com\/web\/wp-json\/wp\/v2\/media\/30692"}],"wp:attachment":[{"href":"https:\/\/bisbalpenedes.com\/web\/wp-json\/wp\/v2\/media?parent=30690"}],"wp:term":[{"taxonomy":"category","embeddable":true,"href":"https:\/\/bisbalpenedes.com\/web\/wp-json\/wp\/v2\/categories?post=30690"},{"taxonomy":"post_tag","embeddable":true,"href":"https:\/\/bisbalpenedes.com\/web\/wp-json\/wp\/v2\/tags?post=30690"}],"curies":[{"name":"wp","href":"https:\/\/api.w.org\/{rel}","templated":true}]}}