{"id":30677,"date":"2024-06-20T12:23:34","date_gmt":"2024-06-20T10:23:34","guid":{"rendered":"https:\/\/bisbalpenedes.com\/web\/?p=30677"},"modified":"2024-06-20T12:23:34","modified_gmt":"2024-06-20T10:23:34","slug":"aquest-divendres-a-les-19h-sinaugura-el-nou-servei-de-bar-del-local-social-de-can-gordei","status":"publish","type":"post","link":"https:\/\/bisbalpenedes.com\/web\/2024\/06\/20\/aquest-divendres-a-les-19h-sinaugura-el-nou-servei-de-bar-del-local-social-de-can-gordei\/","title":{"rendered":"Aquest divendres a les 19h s&#8217;inaugura el nou servei de bar del local social de Can Gordei"},"content":{"rendered":"\n<p>Avui dijous s&#8217;ha signat el contracte de la gesti\u00f3 del bar i botiga del local social de Can Gordei amb la persona que va guanyar la licitaci\u00f3 del servei, Laura Besalduch.<\/p>\n\n\n\n<p>La inauguraci\u00f3 del bar es far\u00e0 aquest divendres 21 de juny a les 19h i fins a les 20h hi haur\u00e0 un pica-pica de cortesia.<\/p>\n\n\n\n<p>-L\u2019horari del servei de botiga ser\u00e0 de 8 a 13:30h (hi haur\u00e0 pa).<\/p>\n\n\n\n<p>-L\u2019horari del servei de bar ser\u00e0 de dilluns a diumenge de 7:30h a 22h (els divendres i dissabtes es tancar\u00e0 a les 23h).<\/p>\n\n\n\n<p>Molta sort en aquesta nova etapa, Laura!<\/p>\n\n\n\n<hr class=\"wp-block-separator has-alpha-channel-opacity\"\/>\n\n\n\n<p><strong>CASTELLANO |&nbsp;<\/strong>Hoy jueves se ha firmado el contrato de la gesti\u00f3n del bar y tienda del local social de Can Gordei con la persona que gan\u00f3 la licitaci\u00f3n del servicio, Laura Besalduch.<\/p>\n\n\n\n<p>La inauguraci\u00f3n del bar se har\u00e1 este viernes 21 de junio a las 19h y hasta las 20h habr\u00e1 pica-pica de cortes\u00eda.<\/p>\n\n\n\n<p>-El horario del servicio de tienda ser\u00e1 de 8 a 13:30h (habr\u00e1 pan).<\/p>\n\n\n\n<p>-El horario del servicio de bar ser\u00e1 de lunes a domingo de 7:30h a 22h (los viernes y s\u00e1bados se cerrar\u00e1 a las 23h).<\/p>\n\n\n\n<p>\u00a1Mucha suerte en esta nueva etapa, Laura!<\/p>\n","protected":false},"excerpt":{"rendered":"<p>Avui dijous s&#8217;ha signat el contracte de la gesti\u00f3 del bar i botiga del local social de Can Gordei amb la persona que va guanyar la licitaci\u00f3 del servei, Laura &hellip; <a href=\"https:\/\/bisbalpenedes.com\/web\/2024\/06\/20\/aquest-divendres-a-les-19h-sinaugura-el-nou-servei-de-bar-del-local-social-de-can-gordei\/\" class=\"more-link\">Read More<\/a><\/p>\n","protected":false},"author":4,"featured_media":30678,"comment_status":"closed","ping_status":"closed","sticky":false,"template":"","format":"standard","meta":[],"categories":[4287,8],"tags":[140,6705,3380,4743,198,410,393,267],"_links":{"self":[{"href":"https:\/\/bisbalpenedes.com\/web\/wp-json\/wp\/v2\/posts\/30677"}],"collection":[{"href":"https:\/\/bisbalpenedes.com\/web\/wp-json\/wp\/v2\/posts"}],"about":[{"href":"https:\/\/bisbalpenedes.com\/web\/wp-json\/wp\/v2\/types\/post"}],"author":[{"embeddable":true,"href":"https:\/\/bisbalpenedes.com\/web\/wp-json\/wp\/v2\/users\/4"}],"replies":[{"embeddable":true,"href":"https:\/\/bisbalpenedes.com\/web\/wp-json\/wp\/v2\/comments?post=30677"}],"version-history":[{"count":1,"href":"https:\/\/bisbalpenedes.com\/web\/wp-json\/wp\/v2\/posts\/30677\/revisions"}],"predecessor-version":[{"id":30679,"href":"https:\/\/bisbalpenedes.com\/web\/wp-json\/wp\/v2\/posts\/30677\/revisions\/30679"}],"wp:featuredmedia":[{"embeddable":true,"href":"https:\/\/bisbalpenedes.com\/web\/wp-json\/wp\/v2\/media\/30678"}],"wp:attachment":[{"href":"https:\/\/bisbalpenedes.com\/web\/wp-json\/wp\/v2\/media?parent=30677"}],"wp:term":[{"taxonomy":"category","embeddable":true,"href":"https:\/\/bisbalpenedes.com\/web\/wp-json\/wp\/v2\/categories?post=30677"},{"taxonomy":"post_tag","embeddable":true,"href":"https:\/\/bisbalpenedes.com\/web\/wp-json\/wp\/v2\/tags?post=30677"}],"curies":[{"name":"wp","href":"https:\/\/api.w.org\/{rel}","templated":true}]}}